{"id":99131,"date":"2026-04-03T15:35:48","date_gmt":"2026-04-03T18:35:48","guid":{"rendered":"https:\/\/ubirataonline.com.br\/alemao-titular-en-el-ataque-del-rayo-y-rafa-mir-y-alvaro-rodriguez-en-el-elche\/"},"modified":"2026-04-03T15:35:50","modified_gmt":"2026-04-03T18:35:50","slug":"alemao-titular-en-el-ataque-del-rayo-y-rafa-mir-y-alvaro-rodriguez-en-el-elche","status":"publish","type":"post","link":"https:\/\/ubirataonline.com.br\/en\/alemao-titular-en-el-ataque-del-rayo-y-rafa-mir-y-alvaro-rodriguez-en-el-elche\/","title":{"rendered":"Alemao, titular en el ataque del Rayo, y Rafa Mir y \u00c1lvaro Rodr\u00edguez en el Elche"},"content":{"rendered":"<p><\/p>\n<div>\n<p class=\"paragraph\">Madrid, 3 abr (EFE).- El brasile\u00f1o Alexandre Zurawski &#8216;Alemao&#8217; repite segunda titularidad consecutiva en Liga en el ataque del Rayo Vallecano mientras que en la delantera del Elche Eder Sarabia sigue apostando por la pareja formada por Rafa Mir y \u00c1lvaro Rodr\u00edguez.<\/p>\n<p class=\"paragraph\">En el Rayo destaca la presencia en el centro de la zaga del brasile\u00f1o Luiz Felipe, que sustituye al senegal\u00e9s Path\u00e9 Ciss, sancionado, y en la medular de Unai L\u00f3pez, que reemplaza a Gerard Gumbau.<\/p>\n<p class=\"paragraph\">El Rayo Vallecano juega con Batalla; Ratiu, Lejeune, Luiz Felipe, Chavarr\u00eda; Unai L\u00f3pez, Valent\u00edn; Isi, De Frutos, \u00c1lvaro; y Alemao. <\/p>\n<p class=\"paragraph\">En el banquillo del Rayo no est\u00e1 el mediapunta argentino Oscar Trejo, del que el club no ha informado que est\u00e9 lesionado. <\/p>\n<p class=\"paragraph\">El Elche no puede contar para este encuentro con el central V\u00edctor Chust, por una molestia muscular, ni con el mediapunta Grady Diangana, lesionado durante su presencia con la selecci\u00f3n congole\u00f1a.<\/p>\n<p class=\"paragraph\">El equipo ilicitano saltar\u00e1 al c\u00e9sped de Vallecas con Dituro; Buba, Affengruber, Bigas, P\u00e9trot, Valera; Tet\u00e9 Morente, Marc Aguado, Febas; Rafa Mir y \u00c1lvaro Rodr\u00edguez. EFE<\/p>\n<\/div>\n<p><script defer=\"\">try{!function(f,b,e,v,n,t,s) {if(f.fbq)return;n=f.fbq=function(){n.callMethod? n.callMethod.apply(n,arguments):n.queue.push(arguments)}; if(!f._fbq)f._fbq=n;n.push=n;n.loaded=!0;n.version='2.0'; n.queue=[];t=b.createElement(e);t.async=!0; t.src=v;s=b.getElementsByTagName(e)[0]; s.parentNode.insertBefore(t,s)}(window, document,'script', 'https:\/\/connect.facebook.net\/en_US\/fbevents.js'); fbq('init', '336383993555320'); fbq('track', 'PageView'); fbq('track', 'ViewContent');}catch(error){console.log(\"Error al inicializar facebookPixelRawCodeScript:\",error);}<\/script><\/p>\n<p><a href=\"https:\/\/www.infobae.com\/espana\/agencias\/2026\/04\/03\/alemao-titular-en-el-ataque-del-rayo-y-rafa-mir-y-alvaro-rodriguez-en-el-elche\/\">Source link <\/a><\/p>\n","protected":false},"excerpt":{"rendered":"<p>Madrid, 3 abr (EFE).- El brasile\u00f1o Alexandre Zurawski &#8216;Alemao&#8217; repite segunda titularidad consecutiva en Liga en el ataque del Rayo Vallecano mientras que en la delantera del Elche Eder Sarabia sigue apostando por la pareja formada por Rafa Mir y \u00c1lvaro Rodr\u00edguez. En el Rayo destaca la presencia en el centro de la zaga del [&hellip;]<\/p>\n","protected":false},"author":1,"featured_media":85164,"comment_status":"closed","ping_status":"","sticky":false,"template":"","format":"standard","meta":{"googlesitekit_rrm_CAow2JLhCw:productID":"","_gspb_post_css":"","maa_idioma":"","maa_pais":"","footnotes":""},"categories":[1],"tags":[7401,18878,3602,4161,7324,24741,19834,11549,9395,3179],"class_list":["post-99131","post","type-post","status-publish","format-standard","has-post-thumbnail","hentry","category-ubirata","tag-alemao","tag-alvaro","tag-ataque","tag-del","tag-elche","tag-mir","tag-rafa","tag-rayo","tag-rodriguez","tag-titular"],"blocksy_meta":[],"yoast_head":"<!-- This site is optimized with the Yoast SEO Premium plugin v27.6 (Yoast SEO v27.6) - https:\/\/yoast.com\/product\/yoast-seo-premium-wordpress\/ -->\n<title>Alemao, titular en el ataque del Rayo, y Rafa Mir y \u00c1lvaro Rodr\u00edguez en el Elche - Ubirat\u00e3 Online Not\u00edcias - A realidade ao seu alcance!<\/title>\n<meta name=\"description\" content=\"Madrid, 3 abr (EFE).- El brasile\u00f1o Alexandre Zurawski &#039;Alemao&#039; repite segunda titularidad consecutiva en Liga en el ataque del Rayo Vallecano mientras que\" \/>\n<meta name=\"robots\" content=\"index, follow, max-snippet:-1, max-image-preview:large, max-video-preview:-1\" \/>\n<link rel=\"canonical\" href=\"https:\/\/ubirataonline.com.br\/en\/alemao-titular-en-el-ataque-del-rayo-y-rafa-mir-y-alvaro-rodriguez-en-el-elche\/\" \/>\n<meta property=\"og:locale\" content=\"en_US\" \/>\n<meta property=\"og:type\" content=\"article\" \/>\n<meta property=\"og:title\" content=\"Alemao, titular en el ataque del Rayo, y Rafa Mir y \u00c1lvaro Rodr\u00edguez en el Elche\" \/>\n<meta property=\"og:description\" content=\"Madrid, 3 abr (EFE).- El brasile\u00f1o Alexandre Zurawski &#039;Alemao&#039; repite segunda titularidad consecutiva en Liga en el ataque del Rayo Vallecano mientras que\" \/>\n<meta property=\"og:url\" content=\"https:\/\/ubirataonline.com.br\/en\/alemao-titular-en-el-ataque-del-rayo-y-rafa-mir-y-alvaro-rodriguez-en-el-elche\/\" \/>\n<meta property=\"og:site_name\" content=\"Ubirat\u00e3 Online Not\u00edcias - A realidade ao seu alcance!\" \/>\n<meta property=\"article:publisher\" content=\"https:\/\/www.facebook.com\/portalubirataonline\" \/>\n<meta property=\"article:author\" content=\"https:\/\/www.facebook.com\/portalubirataonline\" \/>\n<meta property=\"article:published_time\" content=\"2026-04-03T18:35:48+00:00\" \/>\n<meta property=\"article:modified_time\" content=\"2026-04-03T18:35:50+00:00\" \/>\n<meta property=\"og:image\" content=\"https:\/\/ubirataonline.com.br\/wp-content\/uploads\/2026\/02\/Orsi-promociona-en-Shanghai-el-potencial-de-Uruguay-como-destino.png\" \/>\n\t<meta property=\"og:image:width\" content=\"1200\" \/>\n\t<meta property=\"og:image:height\" content=\"630\" \/>\n\t<meta property=\"og:image:type\" content=\"image\/png\" \/>\n<meta name=\"author\" content=\"REDA\u00c7\u00c3O: UBIRAT\u00c3 ONLINE - F\u00c1BIO AUGUSTO CELESTINO\" \/>\n<meta name=\"twitter:card\" content=\"summary_large_image\" \/>\n<meta name=\"twitter:creator\" content=\"@x.com\/ubirataonline\" \/>\n<meta name=\"twitter:site\" content=\"@ubirataonline\" \/>\n<meta name=\"twitter:label1\" content=\"Written by\" \/>\n\t<meta name=\"twitter:data1\" content=\"REDA\u00c7\u00c3O: UBIRAT\u00c3 ONLINE - F\u00c1BIO AUGUSTO CELESTINO\" \/>\n\t<meta name=\"twitter:label2\" content=\"Est. reading time\" \/>\n\t<meta name=\"twitter:data2\" content=\"1 minute\" \/>\n<script type=\"application\/ld+json\" class=\"yoast-schema-graph\">{\"@context\":\"https:\\\/\\\/schema.org\",\"@graph\":[{\"@type\":\"NewsArticle\",\"@id\":\"https:\\\/\\\/ubirataonline.com.br\\\/alemao-titular-en-el-ataque-del-rayo-y-rafa-mir-y-alvaro-rodriguez-en-el-elche\\\/#article\",\"isPartOf\":{\"@id\":\"https:\\\/\\\/ubirataonline.com.br\\\/alemao-titular-en-el-ataque-del-rayo-y-rafa-mir-y-alvaro-rodriguez-en-el-elche\\\/\"},\"author\":{\"name\":\"REDA\u00c7\u00c3O: UBIRAT\u00c3 ONLINE - F\u00c1BIO AUGUSTO CELESTINO\",\"@id\":\"https:\\\/\\\/ubirataonline.com.br\\\/#\\\/schema\\\/person\\\/372f87bbd3fdd79b8556b84c98d0bc1c\"},\"headline\":\"Alemao, titular en el ataque del Rayo, y Rafa Mir y \u00c1lvaro Rodr\u00edguez en el Elche\",\"datePublished\":\"2026-04-03T18:35:48+00:00\",\"dateModified\":\"2026-04-03T18:35:50+00:00\",\"mainEntityOfPage\":{\"@id\":\"https:\\\/\\\/ubirataonline.com.br\\\/alemao-titular-en-el-ataque-del-rayo-y-rafa-mir-y-alvaro-rodriguez-en-el-elche\\\/\"},\"wordCount\":209,\"publisher\":{\"@id\":\"https:\\\/\\\/ubirataonline.com.br\\\/#organization\"},\"image\":{\"@id\":\"https:\\\/\\\/ubirataonline.com.br\\\/alemao-titular-en-el-ataque-del-rayo-y-rafa-mir-y-alvaro-rodriguez-en-el-elche\\\/#primaryimage\"},\"thumbnailUrl\":\"https:\\\/\\\/ubirataonline.com.br\\\/wp-content\\\/uploads\\\/2026\\\/02\\\/Orsi-promociona-en-Shanghai-el-potencial-de-Uruguay-como-destino.png\",\"keywords\":[\"Alem\u00e3o\",\"\u00c1lvaro\",\"ataque\",\"del\",\"Elche\",\"Mir\",\"Rafa\",\"Rayo\",\"Rodriguez\",\"titular\"],\"articleSection\":[\"Ubirat\u00e3\"],\"inLanguage\":\"en-US\",\"copyrightYear\":\"2026\",\"copyrightHolder\":{\"@id\":\"https:\\\/\\\/ubirataonline.com.br\\\/en\\\/#organization\"}},{\"@type\":\"WebPage\",\"@id\":\"https:\\\/\\\/ubirataonline.com.br\\\/alemao-titular-en-el-ataque-del-rayo-y-rafa-mir-y-alvaro-rodriguez-en-el-elche\\\/\",\"url\":\"https:\\\/\\\/ubirataonline.com.br\\\/alemao-titular-en-el-ataque-del-rayo-y-rafa-mir-y-alvaro-rodriguez-en-el-elche\\\/\",\"name\":\"Alemao, titular en el ataque del Rayo, y Rafa Mir y \u00c1lvaro Rodr\u00edguez en el Elche - Ubirat\u00e3 Online Not\u00edcias - A realidade ao seu alcance!\",\"isPartOf\":{\"@id\":\"https:\\\/\\\/ubirataonline.com.br\\\/#website\"},\"primaryImageOfPage\":{\"@id\":\"https:\\\/\\\/ubirataonline.com.br\\\/alemao-titular-en-el-ataque-del-rayo-y-rafa-mir-y-alvaro-rodriguez-en-el-elche\\\/#primaryimage\"},\"image\":{\"@id\":\"https:\\\/\\\/ubirataonline.com.br\\\/alemao-titular-en-el-ataque-del-rayo-y-rafa-mir-y-alvaro-rodriguez-en-el-elche\\\/#primaryimage\"},\"thumbnailUrl\":\"https:\\\/\\\/ubirataonline.com.br\\\/wp-content\\\/uploads\\\/2026\\\/02\\\/Orsi-promociona-en-Shanghai-el-potencial-de-Uruguay-como-destino.png\",\"datePublished\":\"2026-04-03T18:35:48+00:00\",\"dateModified\":\"2026-04-03T18:35:50+00:00\",\"description\":\"Madrid, 3 abr (EFE).- El brasile\u00f1o Alexandre Zurawski 'Alemao' repite segunda titularidad consecutiva en Liga en el ataque del Rayo Vallecano mientras que\",\"breadcrumb\":{\"@id\":\"https:\\\/\\\/ubirataonline.com.br\\\/alemao-titular-en-el-ataque-del-rayo-y-rafa-mir-y-alvaro-rodriguez-en-el-elche\\\/#breadcrumb\"},\"inLanguage\":\"en-US\",\"potentialAction\":[{\"@type\":\"ReadAction\",\"target\":[\"https:\\\/\\\/ubirataonline.com.br\\\/alemao-titular-en-el-ataque-del-rayo-y-rafa-mir-y-alvaro-rodriguez-en-el-elche\\\/\"]}]},{\"@type\":\"ImageObject\",\"inLanguage\":\"en-US\",\"@id\":\"https:\\\/\\\/ubirataonline.com.br\\\/alemao-titular-en-el-ataque-del-rayo-y-rafa-mir-y-alvaro-rodriguez-en-el-elche\\\/#primaryimage\",\"url\":\"https:\\\/\\\/ubirataonline.com.br\\\/wp-content\\\/uploads\\\/2026\\\/02\\\/Orsi-promociona-en-Shanghai-el-potencial-de-Uruguay-como-destino.png\",\"contentUrl\":\"https:\\\/\\\/ubirataonline.com.br\\\/wp-content\\\/uploads\\\/2026\\\/02\\\/Orsi-promociona-en-Shanghai-el-potencial-de-Uruguay-como-destino.png\",\"width\":1200,\"height\":630,\"caption\":\"Orsi promociona en Shangh\u00e1i el potencial de Uruguay como destino de inversi\u00f3n para China\"},{\"@type\":\"BreadcrumbList\",\"@id\":\"https:\\\/\\\/ubirataonline.com.br\\\/alemao-titular-en-el-ataque-del-rayo-y-rafa-mir-y-alvaro-rodriguez-en-el-elche\\\/#breadcrumb\",\"itemListElement\":[{\"@type\":\"ListItem\",\"position\":1,\"name\":\"In\u00edcio\",\"item\":\"https:\\\/\\\/ubirataonline.com.br\\\/\"},{\"@type\":\"ListItem\",\"position\":2,\"name\":\"Alemao, titular en el ataque del Rayo, y Rafa Mir y \u00c1lvaro Rodr\u00edguez en el Elche\"}]},{\"@type\":\"WebSite\",\"@id\":\"https:\\\/\\\/ubirataonline.com.br\\\/#website\",\"url\":\"https:\\\/\\\/ubirataonline.com.br\\\/\",\"name\":\"Ubirat\u00e3 Online Not\u00edcias\",\"description\":\"Not\u00edcias de Ubirat\u00e3, regi\u00e3o, Brasil e mundo, com informa\u00e7\u00e3o atualizada e compromisso com o leitor.\",\"publisher\":{\"@id\":\"https:\\\/\\\/ubirataonline.com.br\\\/#organization\"},\"alternateName\":\"Ubirat\u00e3 Online\",\"potentialAction\":[{\"@type\":\"SearchAction\",\"target\":{\"@type\":\"EntryPoint\",\"urlTemplate\":\"https:\\\/\\\/ubirataonline.com.br\\\/?s={search_term_string}\"},\"query-input\":{\"@type\":\"PropertyValueSpecification\",\"valueRequired\":true,\"valueName\":\"search_term_string\"}}],\"inLanguage\":\"en-US\"},{\"@type\":[\"Organization\",\"Place\"],\"@id\":\"https:\\\/\\\/ubirataonline.com.br\\\/#organization\",\"name\":\"Ubirat\u00e3 Online Not\u00edcias\",\"alternateName\":\"Ubirat\u00e3 Online\",\"url\":\"https:\\\/\\\/ubirataonline.com.br\\\/\",\"logo\":{\"@id\":\"https:\\\/\\\/ubirataonline.com.br\\\/alemao-titular-en-el-ataque-del-rayo-y-rafa-mir-y-alvaro-rodriguez-en-el-elche\\\/#local-main-organization-logo\"},\"image\":{\"@id\":\"https:\\\/\\\/ubirataonline.com.br\\\/alemao-titular-en-el-ataque-del-rayo-y-rafa-mir-y-alvaro-rodriguez-en-el-elche\\\/#local-main-organization-logo\"},\"sameAs\":[\"https:\\\/\\\/www.facebook.com\\\/portalubirataonline\",\"https:\\\/\\\/x.com\\\/ubirataonline\",\"https:\\\/\\\/mastodon.social\\\/@ubirataonline\",\"https:\\\/\\\/www.facebook.com\\\/groups\\\/311144672285604\",\"https:\\\/\\\/www.facebook.com\\\/UBTAOnline\",\"https:\\\/\\\/www.instagram.com\\\/portalubirataonline\\\/\",\"https:\\\/\\\/twitter.com\\\/ubirataonline\"],\"description\":\"Somos um portal de not\u00edcias independente, criado em 5 de janeiro de 2009, com o objetivo de informar, conectar e valorizar a nossa comunidade de Ubirat\u00e3 e toda aregi\u00e3o. Com conte\u00fado atualizado, confi\u00e1vel e relevante, o Ubirat\u00e3 Online \u00e9 o seu espa\u00e7o para ficar por dentro dos principais acontecimentos locais, regionais, Brasil, Mundo e de interesse geral. Nosso compromisso \u00e9 com a verdade, a transpar\u00eancia e o respeito ao leitor.\",\"legalName\":\"UBIRATA ONLINE NOT\u00cdCIAS\",\"foundingDate\":\"2009-01-05\",\"numberOfEmployees\":{\"@type\":\"QuantitativeValue\",\"minValue\":\"1\",\"maxValue\":\"10\"},\"publishingPrinciples\":\"https:\\\/\\\/ubirataonline.com.br\\\/faq\\\/\",\"address\":{\"@id\":\"https:\\\/\\\/ubirataonline.com.br\\\/alemao-titular-en-el-ataque-del-rayo-y-rafa-mir-y-alvaro-rodriguez-en-el-elche\\\/#local-main-place-address\"},\"geo\":{\"@type\":\"GeoCoordinates\",\"latitude\":\"-24.5361401\",\"longitude\":\"-52.9921776\"},\"telephone\":[\"+5544998308235\"],\"contactPoint\":{\"@type\":\"ContactPoint\",\"email\":\"contato@ubirataonline.com.br\"},\"openingHoursSpecification\":{\"@type\":\"OpeningHoursSpecification\",\"dayOfWeek\":[\"Monday\",\"Tuesday\",\"Wednesday\",\"Thursday\",\"Friday\",\"Saturday\",\"Sunday\"],\"opens\":\"00:00\",\"closes\":\"23:59\"},\"email\":\"contato@ubirataonline.com.br\",\"vatID\":\"47.621.418\\\/0001-80\"},{\"@type\":\"Person\",\"@id\":\"https:\\\/\\\/ubirataonline.com.br\\\/#\\\/schema\\\/person\\\/372f87bbd3fdd79b8556b84c98d0bc1c\",\"name\":\"REDA\u00c7\u00c3O: UBIRAT\u00c3 ONLINE - F\u00c1BIO AUGUSTO CELESTINO\",\"pronouns\":\"Ele\",\"description\":\"Desde 2003 trabalhando com not\u00edcias.\",\"sameAs\":[\"http:\\\/\\\/ubirataoline.com.br\",\"https:\\\/\\\/www.facebook.com\\\/portalubirataonline\",\"https:\\\/\\\/www.instagram.com\\\/ubirataonline_oficial\",\"https:\\\/\\\/x.com\\\/x.com\\\/ubirataonline\"],\"honorificPrefix\":\"Mr.\",\"honorificSuffix\":\"MD\",\"birthDate\":\"1980-06-16\",\"gender\":\"masculino\",\"award\":[\"V\u00e1rios pr\u00eamios de melhor portal da cidade\"],\"jobTitle\":\"Diretor\",\"url\":\"https:\\\/\\\/ubirataonline.com.br\\\/en\\\/author\\\/ubirataonline\\\/\"},{\"@type\":\"PostalAddress\",\"@id\":\"https:\\\/\\\/ubirataonline.com.br\\\/alemao-titular-en-el-ataque-del-rayo-y-rafa-mir-y-alvaro-rodriguez-en-el-elche\\\/#local-main-place-address\",\"streetAddress\":\"Rua dos Coqueiros, 104 - Bairro Boa Vista, Rua dos Coqueiros, 104 Bairro Boa Vista\",\"addressLocality\":\"UBIRATA\",\"postalCode\":\"85440-000\",\"addressRegion\":\"PR\",\"addressCountry\":\"BR\"},{\"@type\":\"ImageObject\",\"inLanguage\":\"en-US\",\"@id\":\"https:\\\/\\\/ubirataonline.com.br\\\/alemao-titular-en-el-ataque-del-rayo-y-rafa-mir-y-alvaro-rodriguez-en-el-elche\\\/#local-main-organization-logo\",\"url\":\"https:\\\/\\\/ubirataonline.com.br\\\/wp-content\\\/uploads\\\/2026\\\/06\\\/logoubirataonline-1.webp\",\"contentUrl\":\"https:\\\/\\\/ubirataonline.com.br\\\/wp-content\\\/uploads\\\/2026\\\/06\\\/logoubirataonline-1.webp\",\"width\":500,\"height\":500,\"caption\":\"Ubirat\u00e3 Online Not\u00edcias\"}]}<\/script>\n<meta name=\"geo.placename\" content=\"UBIRATA\" \/>\n<meta name=\"geo.position\" content=\"-24.5361401;-52.9921776\" \/>\n<meta name=\"geo.region\" content=\"Brazil\" \/>\n<!-- \/ Yoast SEO Premium plugin. -->","yoast_head_json":{"title":"Alemao, titular en el ataque del Rayo, y Rafa Mir y \u00c1lvaro Rodr\u00edguez en el Elche - Ubirat\u00e3 Online Not\u00edcias - A realidade ao seu alcance!","description":"Madrid, 3 abr (EFE).- El brasile\u00f1o Alexandre Zurawski 'Alemao' repite segunda titularidad consecutiva en Liga en el ataque del Rayo Vallecano mientras que","robots":{"index":"index","follow":"follow","max-snippet":"max-snippet:-1","max-image-preview":"max-image-preview:large","max-video-preview":"max-video-preview:-1"},"canonical":"https:\/\/ubirataonline.com.br\/en\/alemao-titular-en-el-ataque-del-rayo-y-rafa-mir-y-alvaro-rodriguez-en-el-elche\/","og_locale":"en_US","og_type":"article","og_title":"Alemao, titular en el ataque del Rayo, y Rafa Mir y \u00c1lvaro Rodr\u00edguez en el Elche","og_description":"Madrid, 3 abr (EFE).- El brasile\u00f1o Alexandre Zurawski 'Alemao' repite segunda titularidad consecutiva en Liga en el ataque del Rayo Vallecano mientras que","og_url":"https:\/\/ubirataonline.com.br\/en\/alemao-titular-en-el-ataque-del-rayo-y-rafa-mir-y-alvaro-rodriguez-en-el-elche\/","og_site_name":"Ubirat\u00e3 Online Not\u00edcias - A realidade ao seu alcance!","article_publisher":"https:\/\/www.facebook.com\/portalubirataonline","article_author":"https:\/\/www.facebook.com\/portalubirataonline","article_published_time":"2026-04-03T18:35:48+00:00","article_modified_time":"2026-04-03T18:35:50+00:00","og_image":[{"width":1200,"height":630,"url":"https:\/\/ubirataonline.com.br\/wp-content\/uploads\/2026\/02\/Orsi-promociona-en-Shanghai-el-potencial-de-Uruguay-como-destino.png","type":"image\/png"}],"author":"REDA\u00c7\u00c3O: UBIRAT\u00c3 ONLINE - F\u00c1BIO AUGUSTO CELESTINO","twitter_card":"summary_large_image","twitter_creator":"@x.com\/ubirataonline","twitter_site":"@ubirataonline","twitter_misc":{"Written by":"REDA\u00c7\u00c3O: UBIRAT\u00c3 ONLINE - F\u00c1BIO AUGUSTO CELESTINO","Est. reading time":"1 minute"},"schema":{"@context":"https:\/\/schema.org","@graph":[{"@type":"NewsArticle","@id":"https:\/\/ubirataonline.com.br\/alemao-titular-en-el-ataque-del-rayo-y-rafa-mir-y-alvaro-rodriguez-en-el-elche\/#article","isPartOf":{"@id":"https:\/\/ubirataonline.com.br\/alemao-titular-en-el-ataque-del-rayo-y-rafa-mir-y-alvaro-rodriguez-en-el-elche\/"},"author":{"name":"REDA\u00c7\u00c3O: UBIRAT\u00c3 ONLINE - F\u00c1BIO AUGUSTO CELESTINO","@id":"https:\/\/ubirataonline.com.br\/#\/schema\/person\/372f87bbd3fdd79b8556b84c98d0bc1c"},"headline":"Alemao, titular en el ataque del Rayo, y Rafa Mir y \u00c1lvaro Rodr\u00edguez en el Elche","datePublished":"2026-04-03T18:35:48+00:00","dateModified":"2026-04-03T18:35:50+00:00","mainEntityOfPage":{"@id":"https:\/\/ubirataonline.com.br\/alemao-titular-en-el-ataque-del-rayo-y-rafa-mir-y-alvaro-rodriguez-en-el-elche\/"},"wordCount":209,"publisher":{"@id":"https:\/\/ubirataonline.com.br\/#organization"},"image":{"@id":"https:\/\/ubirataonline.com.br\/alemao-titular-en-el-ataque-del-rayo-y-rafa-mir-y-alvaro-rodriguez-en-el-elche\/#primaryimage"},"thumbnailUrl":"https:\/\/ubirataonline.com.br\/wp-content\/uploads\/2026\/02\/Orsi-promociona-en-Shanghai-el-potencial-de-Uruguay-como-destino.png","keywords":["Alem\u00e3o","\u00c1lvaro","ataque","del","Elche","Mir","Rafa","Rayo","Rodriguez","titular"],"articleSection":["Ubirat\u00e3"],"inLanguage":"en-US","copyrightYear":"2026","copyrightHolder":{"@id":"https:\/\/ubirataonline.com.br\/en\/#organization"}},{"@type":"WebPage","@id":"https:\/\/ubirataonline.com.br\/alemao-titular-en-el-ataque-del-rayo-y-rafa-mir-y-alvaro-rodriguez-en-el-elche\/","url":"https:\/\/ubirataonline.com.br\/alemao-titular-en-el-ataque-del-rayo-y-rafa-mir-y-alvaro-rodriguez-en-el-elche\/","name":"Alemao, titular en el ataque del Rayo, y Rafa Mir y \u00c1lvaro Rodr\u00edguez en el Elche - Ubirat\u00e3 Online Not\u00edcias - A realidade ao seu alcance!","isPartOf":{"@id":"https:\/\/ubirataonline.com.br\/#website"},"primaryImageOfPage":{"@id":"https:\/\/ubirataonline.com.br\/alemao-titular-en-el-ataque-del-rayo-y-rafa-mir-y-alvaro-rodriguez-en-el-elche\/#primaryimage"},"image":{"@id":"https:\/\/ubirataonline.com.br\/alemao-titular-en-el-ataque-del-rayo-y-rafa-mir-y-alvaro-rodriguez-en-el-elche\/#primaryimage"},"thumbnailUrl":"https:\/\/ubirataonline.com.br\/wp-content\/uploads\/2026\/02\/Orsi-promociona-en-Shanghai-el-potencial-de-Uruguay-como-destino.png","datePublished":"2026-04-03T18:35:48+00:00","dateModified":"2026-04-03T18:35:50+00:00","description":"Madrid, 3 abr (EFE).- El brasile\u00f1o Alexandre Zurawski 'Alemao' repite segunda titularidad consecutiva en Liga en el ataque del Rayo Vallecano mientras que","breadcrumb":{"@id":"https:\/\/ubirataonline.com.br\/alemao-titular-en-el-ataque-del-rayo-y-rafa-mir-y-alvaro-rodriguez-en-el-elche\/#breadcrumb"},"inLanguage":"en-US","potentialAction":[{"@type":"ReadAction","target":["https:\/\/ubirataonline.com.br\/alemao-titular-en-el-ataque-del-rayo-y-rafa-mir-y-alvaro-rodriguez-en-el-elche\/"]}]},{"@type":"ImageObject","inLanguage":"en-US","@id":"https:\/\/ubirataonline.com.br\/alemao-titular-en-el-ataque-del-rayo-y-rafa-mir-y-alvaro-rodriguez-en-el-elche\/#primaryimage","url":"https:\/\/ubirataonline.com.br\/wp-content\/uploads\/2026\/02\/Orsi-promociona-en-Shanghai-el-potencial-de-Uruguay-como-destino.png","contentUrl":"https:\/\/ubirataonline.com.br\/wp-content\/uploads\/2026\/02\/Orsi-promociona-en-Shanghai-el-potencial-de-Uruguay-como-destino.png","width":1200,"height":630,"caption":"Orsi promociona en Shangh\u00e1i el potencial de Uruguay como destino de inversi\u00f3n para China"},{"@type":"BreadcrumbList","@id":"https:\/\/ubirataonline.com.br\/alemao-titular-en-el-ataque-del-rayo-y-rafa-mir-y-alvaro-rodriguez-en-el-elche\/#breadcrumb","itemListElement":[{"@type":"ListItem","position":1,"name":"In\u00edcio","item":"https:\/\/ubirataonline.com.br\/"},{"@type":"ListItem","position":2,"name":"Alemao, titular en el ataque del Rayo, y Rafa Mir y \u00c1lvaro Rodr\u00edguez en el Elche"}]},{"@type":"WebSite","@id":"https:\/\/ubirataonline.com.br\/#website","url":"https:\/\/ubirataonline.com.br\/","name":"Ubirat\u00e3 Online Not\u00edcias","description":"Not\u00edcias de Ubirat\u00e3, regi\u00e3o, Brasil e mundo, com informa\u00e7\u00e3o atualizada e compromisso com o leitor.","publisher":{"@id":"https:\/\/ubirataonline.com.br\/#organization"},"alternateName":"Ubirat\u00e3 Online","potentialAction":[{"@type":"SearchAction","target":{"@type":"EntryPoint","urlTemplate":"https:\/\/ubirataonline.com.br\/?s={search_term_string}"},"query-input":{"@type":"PropertyValueSpecification","valueRequired":true,"valueName":"search_term_string"}}],"inLanguage":"en-US"},{"@type":["Organization","Place"],"@id":"https:\/\/ubirataonline.com.br\/#organization","name":"Ubirat\u00e3 Online Not\u00edcias","alternateName":"Ubirat\u00e3 Online","url":"https:\/\/ubirataonline.com.br\/","logo":{"@id":"https:\/\/ubirataonline.com.br\/alemao-titular-en-el-ataque-del-rayo-y-rafa-mir-y-alvaro-rodriguez-en-el-elche\/#local-main-organization-logo"},"image":{"@id":"https:\/\/ubirataonline.com.br\/alemao-titular-en-el-ataque-del-rayo-y-rafa-mir-y-alvaro-rodriguez-en-el-elche\/#local-main-organization-logo"},"sameAs":["https:\/\/www.facebook.com\/portalubirataonline","https:\/\/x.com\/ubirataonline","https:\/\/mastodon.social\/@ubirataonline","https:\/\/www.facebook.com\/groups\/311144672285604","https:\/\/www.facebook.com\/UBTAOnline","https:\/\/www.instagram.com\/portalubirataonline\/","https:\/\/twitter.com\/ubirataonline"],"description":"Somos um portal de not\u00edcias independente, criado em 5 de janeiro de 2009, com o objetivo de informar, conectar e valorizar a nossa comunidade de Ubirat\u00e3 e toda aregi\u00e3o. Com conte\u00fado atualizado, confi\u00e1vel e relevante, o Ubirat\u00e3 Online \u00e9 o seu espa\u00e7o para ficar por dentro dos principais acontecimentos locais, regionais, Brasil, Mundo e de interesse geral. Nosso compromisso \u00e9 com a verdade, a transpar\u00eancia e o respeito ao leitor.","legalName":"UBIRATA ONLINE NOT\u00cdCIAS","foundingDate":"2009-01-05","numberOfEmployees":{"@type":"QuantitativeValue","minValue":"1","maxValue":"10"},"publishingPrinciples":"https:\/\/ubirataonline.com.br\/faq\/","address":{"@id":"https:\/\/ubirataonline.com.br\/alemao-titular-en-el-ataque-del-rayo-y-rafa-mir-y-alvaro-rodriguez-en-el-elche\/#local-main-place-address"},"geo":{"@type":"GeoCoordinates","latitude":"-24.5361401","longitude":"-52.9921776"},"telephone":["+5544998308235"],"contactPoint":{"@type":"ContactPoint","email":"contato@ubirataonline.com.br"},"openingHoursSpecification":{"@type":"OpeningHoursSpecification","dayOfWeek":["Monday","Tuesday","Wednesday","Thursday","Friday","Saturday","Sunday"],"opens":"00:00","closes":"23:59"},"email":"contato@ubirataonline.com.br","vatID":"47.621.418\/0001-80"},{"@type":"Person","@id":"https:\/\/ubirataonline.com.br\/#\/schema\/person\/372f87bbd3fdd79b8556b84c98d0bc1c","name":"REDA\u00c7\u00c3O: UBIRAT\u00c3 ONLINE - F\u00c1BIO AUGUSTO CELESTINO","pronouns":"Ele","description":"Desde 2003 trabalhando com not\u00edcias.","sameAs":["http:\/\/ubirataoline.com.br","https:\/\/www.facebook.com\/portalubirataonline","https:\/\/www.instagram.com\/ubirataonline_oficial","https:\/\/x.com\/x.com\/ubirataonline"],"honorificPrefix":"Mr.","honorificSuffix":"MD","birthDate":"1980-06-16","gender":"masculino","award":["V\u00e1rios pr\u00eamios de melhor portal da cidade"],"jobTitle":"Diretor","url":"https:\/\/ubirataonline.com.br\/en\/author\/ubirataonline\/"},{"@type":"PostalAddress","@id":"https:\/\/ubirataonline.com.br\/alemao-titular-en-el-ataque-del-rayo-y-rafa-mir-y-alvaro-rodriguez-en-el-elche\/#local-main-place-address","streetAddress":"Rua dos Coqueiros, 104 - Bairro Boa Vista, Rua dos Coqueiros, 104 Bairro Boa Vista","addressLocality":"UBIRATA","postalCode":"85440-000","addressRegion":"PR","addressCountry":"BR"},{"@type":"ImageObject","inLanguage":"en-US","@id":"https:\/\/ubirataonline.com.br\/alemao-titular-en-el-ataque-del-rayo-y-rafa-mir-y-alvaro-rodriguez-en-el-elche\/#local-main-organization-logo","url":"https:\/\/ubirataonline.com.br\/wp-content\/uploads\/2026\/06\/logoubirataonline-1.webp","contentUrl":"https:\/\/ubirataonline.com.br\/wp-content\/uploads\/2026\/06\/logoubirataonline-1.webp","width":500,"height":500,"caption":"Ubirat\u00e3 Online Not\u00edcias"}]},"geo.placename":"UBIRATA","geo.position":{"lat":"-24.5361401","long":"-52.9921776"},"geo.region":"Brazil"},"_links":{"self":[{"href":"https:\/\/ubirataonline.com.br\/en\/wp-json\/wp\/v2\/posts\/99131","targetHints":{"allow":["GET"]}}],"collection":[{"href":"https:\/\/ubirataonline.com.br\/en\/wp-json\/wp\/v2\/posts"}],"about":[{"href":"https:\/\/ubirataonline.com.br\/en\/wp-json\/wp\/v2\/types\/post"}],"author":[{"embeddable":true,"href":"https:\/\/ubirataonline.com.br\/en\/wp-json\/wp\/v2\/users\/1"}],"replies":[{"embeddable":true,"href":"https:\/\/ubirataonline.com.br\/en\/wp-json\/wp\/v2\/comments?post=99131"}],"version-history":[{"count":0,"href":"https:\/\/ubirataonline.com.br\/en\/wp-json\/wp\/v2\/posts\/99131\/revisions"}],"wp:featuredmedia":[{"embeddable":true,"href":"https:\/\/ubirataonline.com.br\/en\/wp-json\/wp\/v2\/media\/85164"}],"wp:attachment":[{"href":"https:\/\/ubirataonline.com.br\/en\/wp-json\/wp\/v2\/media?parent=99131"}],"wp:term":[{"taxonomy":"category","embeddable":true,"href":"https:\/\/ubirataonline.com.br\/en\/wp-json\/wp\/v2\/categories?post=99131"},{"taxonomy":"post_tag","embeddable":true,"href":"https:\/\/ubirataonline.com.br\/en\/wp-json\/wp\/v2\/tags?post=99131"}],"curies":[{"name":"wp","href":"https:\/\/api.w.org\/{rel}","templated":true}]}}