{"id":99133,"date":"2026-04-03T15:46:46","date_gmt":"2026-04-03T18:46:46","guid":{"rendered":"https:\/\/ubirataonline.com.br\/segunda-edicao-do-poa-fashion-iguatemi-apresenta-desfiles-de-alexandre-herchcovitch-boss-e-mais\/"},"modified":"2026-04-03T15:46:52","modified_gmt":"2026-04-03T18:46:52","slug":"segunda-edicao-do-poa-fashion-iguatemi-apresenta-desfiles-de-alexandre-herchcovitch-boss-e-mais","status":"publish","type":"post","link":"https:\/\/ubirataonline.com.br\/en\/segunda-edicao-do-poa-fashion-iguatemi-apresenta-desfiles-de-alexandre-herchcovitch-boss-e-mais\/","title":{"rendered":"Segunda edi\u00e7\u00e3o do POA Fashion Iguatemi apresenta desfiles de Alexandre Herchcovitch, BOSS e mais"},"content":{"rendered":"<p><\/p>\n<div data-block-type=\"unstyled\" data-block-weight=\"103\">\n<p class=\"content-text__container theme-color-primary-first-letter\" data-track-category=\"Link no Texto\" data-track-links=\"\"> Porto Alegre (RS) chegou para ficar no calend\u00e1rio dos grandes eventos de moda nacional. Essa foi a sensa\u00e7\u00e3o de quem acompanhou a segunda edi\u00e7\u00e3o do POA Fashion Iguatemi, que ocorreu entre os dias 30 de mar\u00e7o e 1\u00aa de abril no Shopping Iguatemi Porto Alegre. Com dire\u00e7\u00e3o-geral de Paulo Borges \u2013 fundador do S\u00e3o Paulo Fashion Week e agora diretor criativo do Rio Fashion Week \u2013, o evento contou com desfiles nacionais e internacionais de marcas como Alexandre Herchcovitch, BOSS, Armani Exchange, C&amp;A e mais. \u201cEsse \u00e9 um exerc\u00edcio de encurtar dist\u00e2ncias, criar misturas e di\u00e1logos importantes\u201d, explica Paulo. <\/p>\n<\/p><\/div>\n<div>\n<div class=\"row medium-uncollapsed content-media content-photo\" data-block-type=\"backstage-photo\">\n<div class=\"mc-column content-media__container\">\n<div class=\"content-media-container\">\n<figure class=\"content-media__figure\"><figcaption class=\"content-media__description\"> POA Fashion Iguatemi \u2014 Foto: Bruna Guerra <\/figcaption><\/figure>\n<\/p><\/div>\n<\/p><\/div>\n<\/p><\/div>\n<div class=\"row medium-uncollapsed content-media content-photo\" data-block-type=\"backstage-photo\">\n<div class=\"mc-column content-media__container\">\n<div class=\"content-media-container\">\n<figure class=\"content-media__figure\"> <img decoding=\"async\" class=\"content-media__image\" srcset=\"https:\/\/s2-vogue.glbimg.com\/INFpBYF8ZAsw_VQQFclvz-4tVL4=\/0x0:1752x2624\/1000x0\/smart\/filters:strip_icc()\/i.s3.glbimg.com\/v1\/AUTH_5dfbcf92c1a84b20a5da5024d398ff2f\/internal_photos\/bs\/2026\/R\/O\/RrJmWtSsWjg4WAlytgCw\/2-1mb.jpg 1000w, https:\/\/s2-vogue.glbimg.com\/K6-6p4AbSKlH08R_ai1cHtIKFnk=\/0x0:1752x2624\/984x0\/smart\/filters:strip_icc()\/i.s3.glbimg.com\/v1\/AUTH_5dfbcf92c1a84b20a5da5024d398ff2f\/internal_photos\/bs\/2026\/R\/O\/RrJmWtSsWjg4WAlytgCw\/2-1mb.jpg 984w, https:\/\/s2-vogue.glbimg.com\/CJztukfvc4PpA229E103OLLzc8Q=\/0x0:1752x2624\/640x0\/smart\/filters:strip_icc()\/i.s3.glbimg.com\/v1\/AUTH_5dfbcf92c1a84b20a5da5024d398ff2f\/internal_photos\/bs\/2026\/R\/O\/RrJmWtSsWjg4WAlytgCw\/2-1mb.jpg 640w, https:\/\/s2-vogue.glbimg.com\/BVycTHFwLAX8Ht1jZeCnituqRFY=\/0x0:1752x2624\/600x0\/smart\/filters:strip_icc()\/i.s3.glbimg.com\/v1\/AUTH_5dfbcf92c1a84b20a5da5024d398ff2f\/internal_photos\/bs\/2026\/R\/O\/RrJmWtSsWjg4WAlytgCw\/2-1mb.jpg 600w\" src=\"https:\/\/s2-vogue.glbimg.com\/K6-6p4AbSKlH08R_ai1cHtIKFnk=\/0x0:1752x2624\/984x0\/smart\/filters:strip_icc()\/i.s3.glbimg.com\/v1\/AUTH_5dfbcf92c1a84b20a5da5024d398ff2f\/internal_photos\/bs\/2026\/R\/O\/RrJmWtSsWjg4WAlytgCw\/2-1mb.jpg\" alt=\"POA Fashion Iguatemi \u2014 Foto: Bruna Guerra\" width=\"1752\" height=\"2624\" loading=\"lazy\"\/><figcaption class=\"content-media__description\"> POA Fashion Iguatemi \u2014 Foto: Bruna Guerra <\/figcaption><\/figure>\n<\/p><\/div>\n<\/p><\/div>\n<\/p><\/div>\n<div class=\"mc-column content-text active-extra-styles\" data-block-type=\"unstyled\" data-block-weight=\"114\">\n<p class=\"content-text__container\" data-track-category=\"Link no Texto\" data-track-links=\"\"> A segunda edi\u00e7\u00e3o acontece junto aos lan\u00e7amentos das cole\u00e7\u00f5es de inverno e funciona como uma vitrine: tudo o que o cliente v\u00ea nos desfiles j\u00e1 est\u00e1 nas araras. Na passarela, grandes varejistas como Renner, Riachuelo, C&amp;A e Pomp\u00e9ia, revelaram suas apostas para a esta\u00e7\u00e3o em apresenta\u00e7\u00f5es individuais. O destaque do line-up foi Alexandre Herchcovitch, estilista convidado que n\u00e3o possui opera\u00e7\u00e3o na cidade. Este ano, coube ao editor de moda Paulo Martinez identificar tend\u00eancias encontradas nas demais lojas e apresent\u00e1-las ao p\u00fablico em desfiles colaborativos. \u201cQueremos trazer esse olhar especializado para a nossa cidade e para nossos lojistas, j\u00e1 que reunimos as principais etiquetas do pa\u00eds&#8221;, analisa a gerente de marketing do shopping, Cristina Maggi. <\/p>\n<\/p><\/div>\n<div class=\"row medium-uncollapsed content-media content-photo\" data-block-type=\"backstage-photo\">\n<div class=\"mc-column content-media__container\">\n<div class=\"content-media-container\">\n<figure class=\"content-media__figure\"> <img decoding=\"async\" class=\"content-media__image\" srcset=\"https:\/\/s2-vogue.glbimg.com\/EhURRbL67_Q7REeiEF6Eyu0fQhs=\/0x0:1848x2768\/1000x0\/smart\/filters:strip_icc()\/i.s3.glbimg.com\/v1\/AUTH_5dfbcf92c1a84b20a5da5024d398ff2f\/internal_photos\/bs\/2026\/W\/n\/fJ1mV0TmOHUjh9KzfzXg\/3-1mb.jpg 1000w, https:\/\/s2-vogue.glbimg.com\/GyS8FjTsTapvlB_cTlB2kA6r7Xw=\/0x0:1848x2768\/984x0\/smart\/filters:strip_icc()\/i.s3.glbimg.com\/v1\/AUTH_5dfbcf92c1a84b20a5da5024d398ff2f\/internal_photos\/bs\/2026\/W\/n\/fJ1mV0TmOHUjh9KzfzXg\/3-1mb.jpg 984w, https:\/\/s2-vogue.glbimg.com\/ZGFu1jWTfHBqxe7WQfq6nDzsoo4=\/0x0:1848x2768\/640x0\/smart\/filters:strip_icc()\/i.s3.glbimg.com\/v1\/AUTH_5dfbcf92c1a84b20a5da5024d398ff2f\/internal_photos\/bs\/2026\/W\/n\/fJ1mV0TmOHUjh9KzfzXg\/3-1mb.jpg 640w, https:\/\/s2-vogue.glbimg.com\/WLBrsBSPAKxMuTrhF3-IaYo7HaI=\/0x0:1848x2768\/600x0\/smart\/filters:strip_icc()\/i.s3.glbimg.com\/v1\/AUTH_5dfbcf92c1a84b20a5da5024d398ff2f\/internal_photos\/bs\/2026\/W\/n\/fJ1mV0TmOHUjh9KzfzXg\/3-1mb.jpg 600w\" src=\"https:\/\/s2-vogue.glbimg.com\/GyS8FjTsTapvlB_cTlB2kA6r7Xw=\/0x0:1848x2768\/984x0\/smart\/filters:strip_icc()\/i.s3.glbimg.com\/v1\/AUTH_5dfbcf92c1a84b20a5da5024d398ff2f\/internal_photos\/bs\/2026\/W\/n\/fJ1mV0TmOHUjh9KzfzXg\/3-1mb.jpg\" alt=\"POA Fashion Iguatemi \u2014 Foto: Bruna Guerra\" width=\"1848\" height=\"2768\" loading=\"lazy\"\/><figcaption class=\"content-media__description\"> POA Fashion Iguatemi \u2014 Foto: Bruna Guerra <\/figcaption><\/figure>\n<\/p><\/div>\n<\/p><\/div>\n<\/p><\/div>\n<div class=\"mc-column content-text active-extra-styles\" data-block-type=\"unstyled\" data-block-weight=\"121\">\n<p class=\"content-text__container\" data-track-category=\"Link no Texto\" data-track-links=\"\"> O evento \u2014 que pretende posicionar a capital ga\u00facha como um polo fashion no pa\u00eds, ao mesmo tempo em que movimenta o setor, atrai p\u00fablico e amplia a visibilidade das etiquetas presentes no mall \u2014, \u00e9 a extens\u00e3o de um projeto que come\u00e7ou h\u00e1 mais de 20 anos, como explica a gerente-geral Nail\u00ea Santos: \u201cO Iguatemi Porto Alegre tem 43 anos e h\u00e1 20 entendemos que era importante posicion\u00e1-lo como a porta de entrada para <em>labels<\/em> interessantes e diferenciadas do mundo. Nessa \u00e9poca, criamos o Dona Fashion Iguatemi, onde nossas marcas e novos talentos se apresentavam juntas. O tempo passou e achamos importante nos reinventar. Por isso, no ano passado, criamos o POA Fashion Iguatemi que, para n\u00f3s, \u00e9 um orgulho&#8221;. <\/p>\n<\/p><\/div>\n<div class=\"row medium-uncollapsed content-media content-photo\" data-block-type=\"backstage-photo\">\n<div class=\"mc-column content-media__container\">\n<div class=\"content-media-container\">\n<figure class=\"content-media__figure\"> <img decoding=\"async\" class=\"content-media__image\" srcset=\"https:\/\/s2-vogue.glbimg.com\/_mzTf3_a8-WfuY-D3q87VzLtt-U=\/0x0:1848x2768\/1000x0\/smart\/filters:strip_icc()\/i.s3.glbimg.com\/v1\/AUTH_5dfbcf92c1a84b20a5da5024d398ff2f\/internal_photos\/bs\/2026\/d\/K\/Fb8K9rQAa7tLwurrUi4w\/4-1mb.jpg 1000w, https:\/\/s2-vogue.glbimg.com\/kt1pcOWqsKe9v6h0beEwdBWg4jE=\/0x0:1848x2768\/984x0\/smart\/filters:strip_icc()\/i.s3.glbimg.com\/v1\/AUTH_5dfbcf92c1a84b20a5da5024d398ff2f\/internal_photos\/bs\/2026\/d\/K\/Fb8K9rQAa7tLwurrUi4w\/4-1mb.jpg 984w, https:\/\/s2-vogue.glbimg.com\/7d42j2NgOTyijVQfUaMGQRS4YzM=\/0x0:1848x2768\/640x0\/smart\/filters:strip_icc()\/i.s3.glbimg.com\/v1\/AUTH_5dfbcf92c1a84b20a5da5024d398ff2f\/internal_photos\/bs\/2026\/d\/K\/Fb8K9rQAa7tLwurrUi4w\/4-1mb.jpg 640w, https:\/\/s2-vogue.glbimg.com\/QCul9VZ_9tmq3Df3uIc--wVrq9E=\/0x0:1848x2768\/600x0\/smart\/filters:strip_icc()\/i.s3.glbimg.com\/v1\/AUTH_5dfbcf92c1a84b20a5da5024d398ff2f\/internal_photos\/bs\/2026\/d\/K\/Fb8K9rQAa7tLwurrUi4w\/4-1mb.jpg 600w\" src=\"https:\/\/s2-vogue.glbimg.com\/kt1pcOWqsKe9v6h0beEwdBWg4jE=\/0x0:1848x2768\/984x0\/smart\/filters:strip_icc()\/i.s3.glbimg.com\/v1\/AUTH_5dfbcf92c1a84b20a5da5024d398ff2f\/internal_photos\/bs\/2026\/d\/K\/Fb8K9rQAa7tLwurrUi4w\/4-1mb.jpg\" alt=\"POA Fashion Iguatemi \u2014 Foto: Bruna Guerra\" width=\"1848\" height=\"2768\" loading=\"lazy\"\/><figcaption class=\"content-media__description\"> POA Fashion Iguatemi \u2014 Foto: Bruna Guerra <\/figcaption><\/figure>\n<\/p><\/div>\n<\/p><\/div>\n<\/p><\/div>\n<div class=\"mc-column content-text active-extra-styles\" data-block-type=\"unstyled\" data-block-weight=\"80\">\n<p class=\"content-text__container\" data-track-category=\"Link no Texto\" data-track-links=\"\"> A experi\u00eancia toma forma em uma estrutura montada no estacionamento do shopping, pensada para envolver o p\u00fablico do in\u00edcio ao fim. A sala de desfiles, equipada com proje\u00e7\u00f5es, torna a atmosfera imersiva, enquanto o rec\u00e9m-criado The Look Lounge &amp; Bar by Locale Caf\u00e9 \u00e9 o ponto de encontro dos influenciadores, jornalistas, clientes e convidados do POA Fashion Iguatemi. \u201cO objetivo \u00e9 oferecer um local aberto ao p\u00fablico com comidas e bebidas, al\u00e9m de ser visualmente convidativo e instagram\u00e1vel\u201d, diz Cristina. <\/p>\n<\/p><\/div>\n<div class=\"mc-column content-text active-extra-styles\" data-block-type=\"raw\" data-block-weight=\"4\">\n<p><h2>Os destaques da passarela <\/h2>\n<\/p><\/div>\n<div class=\"mc-column content-text active-extra-styles\" data-block-type=\"unstyled\" data-block-weight=\"85\">\n<p class=\"content-text__container\" data-track-category=\"Link no Texto\" data-track-links=\"\"> Nos tr\u00eas dias de programa\u00e7\u00e3o, as marcas se complementaram em apresenta\u00e7\u00f5es de suas propostas para o inverno: tons terrosos, acess\u00f3rios como cintos e len\u00e7os, e uma est\u00e9tica que transita entre o utilit\u00e1rio e o boho. No primeiro dia, Herchcovitch trouxe sensualidade e ousadia. O paulista exibiu sua cole\u00e7\u00e3o mais recente, que evidenciou vestidos de festa com paet\u00eas florais, fendas marcantes e elementos utilit\u00e1rios. Na sequ\u00eancia, C&amp;A e etiquetas femininas do mall destacaram as cores s\u00f3brias e itens como jaquetas de couro, camur\u00e7a e vinil. <\/p>\n<\/p><\/div>\n<div class=\"row medium-uncollapsed content-media content-photo\" data-block-type=\"backstage-photo\">\n<div class=\"mc-column content-media__container\">\n<div class=\"content-media-container\">\n<figure class=\"content-media__figure\"> <img decoding=\"async\" class=\"content-media__image\" srcset=\"https:\/\/s2-vogue.glbimg.com\/pfyktc-zHwzY9iATd1xCpcJakf4=\/0x0:1848x2768\/1000x0\/smart\/filters:strip_icc()\/i.s3.glbimg.com\/v1\/AUTH_5dfbcf92c1a84b20a5da5024d398ff2f\/internal_photos\/bs\/2026\/v\/Y\/Dc2i0UQ82KGfqUrQMn6w\/5-1mb.jpg 1000w, https:\/\/s2-vogue.glbimg.com\/L1fwLRuPbUGtAuVmIFrkYraPkxw=\/0x0:1848x2768\/984x0\/smart\/filters:strip_icc()\/i.s3.glbimg.com\/v1\/AUTH_5dfbcf92c1a84b20a5da5024d398ff2f\/internal_photos\/bs\/2026\/v\/Y\/Dc2i0UQ82KGfqUrQMn6w\/5-1mb.jpg 984w, https:\/\/s2-vogue.glbimg.com\/xnJDIJGrhyy7lVDv_r4xDvHuyzE=\/0x0:1848x2768\/640x0\/smart\/filters:strip_icc()\/i.s3.glbimg.com\/v1\/AUTH_5dfbcf92c1a84b20a5da5024d398ff2f\/internal_photos\/bs\/2026\/v\/Y\/Dc2i0UQ82KGfqUrQMn6w\/5-1mb.jpg 640w, https:\/\/s2-vogue.glbimg.com\/g4UYNYlZnYsGsIVxbKIZj4tE89E=\/0x0:1848x2768\/600x0\/smart\/filters:strip_icc()\/i.s3.glbimg.com\/v1\/AUTH_5dfbcf92c1a84b20a5da5024d398ff2f\/internal_photos\/bs\/2026\/v\/Y\/Dc2i0UQ82KGfqUrQMn6w\/5-1mb.jpg 600w\" src=\"https:\/\/s2-vogue.glbimg.com\/L1fwLRuPbUGtAuVmIFrkYraPkxw=\/0x0:1848x2768\/984x0\/smart\/filters:strip_icc()\/i.s3.glbimg.com\/v1\/AUTH_5dfbcf92c1a84b20a5da5024d398ff2f\/internal_photos\/bs\/2026\/v\/Y\/Dc2i0UQ82KGfqUrQMn6w\/5-1mb.jpg\" alt=\"POA Fashion Iguatemi \u2014 Foto: Bruna Guerra\" width=\"1848\" height=\"2768\" loading=\"lazy\"\/><figcaption class=\"content-media__description\"> POA Fashion Iguatemi \u2014 Foto: Bruna Guerra <\/figcaption><\/figure>\n<\/p><\/div>\n<\/p><\/div>\n<\/p><\/div>\n<div class=\"row medium-uncollapsed content-media content-photo\" data-block-type=\"backstage-photo\">\n<div class=\"mc-column content-media__container\">\n<div class=\"content-media-container\">\n<figure class=\"content-media__figure\"> <img decoding=\"async\" class=\"content-media__image\" srcset=\"https:\/\/s2-vogue.glbimg.com\/upLqaLkbabdWiZS3rEzDBT1V1ZY=\/0x0:1848x2768\/1000x0\/smart\/filters:strip_icc()\/i.s3.glbimg.com\/v1\/AUTH_5dfbcf92c1a84b20a5da5024d398ff2f\/internal_photos\/bs\/2026\/w\/I\/jl8PdPTHS7A1AF4pvN6w\/6-1mb.jpg 1000w, https:\/\/s2-vogue.glbimg.com\/tv2YOhG-NUICprmOm-qKkPIsnLs=\/0x0:1848x2768\/984x0\/smart\/filters:strip_icc()\/i.s3.glbimg.com\/v1\/AUTH_5dfbcf92c1a84b20a5da5024d398ff2f\/internal_photos\/bs\/2026\/w\/I\/jl8PdPTHS7A1AF4pvN6w\/6-1mb.jpg 984w, https:\/\/s2-vogue.glbimg.com\/YAfMF7RSFozlyBU-FxqIyeh6tY8=\/0x0:1848x2768\/640x0\/smart\/filters:strip_icc()\/i.s3.glbimg.com\/v1\/AUTH_5dfbcf92c1a84b20a5da5024d398ff2f\/internal_photos\/bs\/2026\/w\/I\/jl8PdPTHS7A1AF4pvN6w\/6-1mb.jpg 640w, https:\/\/s2-vogue.glbimg.com\/NbQE8_lxwl4RsjTBhGvhclWaOm4=\/0x0:1848x2768\/600x0\/smart\/filters:strip_icc()\/i.s3.glbimg.com\/v1\/AUTH_5dfbcf92c1a84b20a5da5024d398ff2f\/internal_photos\/bs\/2026\/w\/I\/jl8PdPTHS7A1AF4pvN6w\/6-1mb.jpg 600w\" src=\"https:\/\/s2-vogue.glbimg.com\/tv2YOhG-NUICprmOm-qKkPIsnLs=\/0x0:1848x2768\/984x0\/smart\/filters:strip_icc()\/i.s3.glbimg.com\/v1\/AUTH_5dfbcf92c1a84b20a5da5024d398ff2f\/internal_photos\/bs\/2026\/w\/I\/jl8PdPTHS7A1AF4pvN6w\/6-1mb.jpg\" alt=\"POA Fashion Iguatemi \u2014 Foto: Bruna Guerra\" width=\"1848\" height=\"2768\" loading=\"lazy\"\/><figcaption class=\"content-media__description\"> POA Fashion Iguatemi \u2014 Foto: Bruna Guerra <\/figcaption><\/figure>\n<\/p><\/div>\n<\/p><\/div>\n<\/p><\/div>\n<div class=\"mc-column content-text active-extra-styles\" data-block-type=\"unstyled\" data-block-weight=\"72\">\n<p class=\"content-text__container\" data-track-category=\"Link no Texto\" data-track-links=\"\"> Na tarde seguinte, Riachuelo e Pompeia levaram uma leitura mais campestre da esta\u00e7\u00e3o, enquanto Gang mostrou sua linguagem jovem recheada de cores vibrantes e pe\u00e7as com estampas gr\u00e1ficas. Com foco no p\u00fablico masculino, o desfile colaborativo de marcas como Brooksfield, CNS e Richards fez refer\u00eancias ao universo da s\u00e9rie inglesa <em>Peaky Blinders<\/em>. E uma apresenta\u00e7\u00e3o urban style, desfilou casacos, cal\u00e7as e acess\u00f3rios com um qu\u00ea despojado das etiquetas Levi\u2019s, Lacoste e Vans. <\/p>\n<\/p><\/div>\n<div class=\"row medium-uncollapsed content-media content-photo\" data-block-type=\"backstage-photo\">\n<div class=\"mc-column content-media__container\">\n<div class=\"content-media-container\">\n<figure class=\"content-media__figure\"> <img decoding=\"async\" class=\"content-media__image\" srcset=\"https:\/\/s2-vogue.glbimg.com\/XXUGr1F3R6uqrq-g-uj_2ZkIjNo=\/0x0:1848x2768\/1000x0\/smart\/filters:strip_icc()\/i.s3.glbimg.com\/v1\/AUTH_5dfbcf92c1a84b20a5da5024d398ff2f\/internal_photos\/bs\/2026\/U\/6\/kDrF8BSBmUurNgGQCwEQ\/7-1mb.jpg 1000w, https:\/\/s2-vogue.glbimg.com\/OnrrQvdW7u0-dYv5ratA1mqP8-Y=\/0x0:1848x2768\/984x0\/smart\/filters:strip_icc()\/i.s3.glbimg.com\/v1\/AUTH_5dfbcf92c1a84b20a5da5024d398ff2f\/internal_photos\/bs\/2026\/U\/6\/kDrF8BSBmUurNgGQCwEQ\/7-1mb.jpg 984w, https:\/\/s2-vogue.glbimg.com\/WveTDtRLvGBfL8VBdF8LyUMYTcY=\/0x0:1848x2768\/640x0\/smart\/filters:strip_icc()\/i.s3.glbimg.com\/v1\/AUTH_5dfbcf92c1a84b20a5da5024d398ff2f\/internal_photos\/bs\/2026\/U\/6\/kDrF8BSBmUurNgGQCwEQ\/7-1mb.jpg 640w, https:\/\/s2-vogue.glbimg.com\/0XxkALCTo2rGCGx7_I0hcX3HHNw=\/0x0:1848x2768\/600x0\/smart\/filters:strip_icc()\/i.s3.glbimg.com\/v1\/AUTH_5dfbcf92c1a84b20a5da5024d398ff2f\/internal_photos\/bs\/2026\/U\/6\/kDrF8BSBmUurNgGQCwEQ\/7-1mb.jpg 600w\" src=\"https:\/\/s2-vogue.glbimg.com\/OnrrQvdW7u0-dYv5ratA1mqP8-Y=\/0x0:1848x2768\/984x0\/smart\/filters:strip_icc()\/i.s3.glbimg.com\/v1\/AUTH_5dfbcf92c1a84b20a5da5024d398ff2f\/internal_photos\/bs\/2026\/U\/6\/kDrF8BSBmUurNgGQCwEQ\/7-1mb.jpg\" alt=\"POA Fashion Iguatemi \u2014 Foto: Bruna Guerra\" width=\"1848\" height=\"2768\" loading=\"lazy\"\/><figcaption class=\"content-media__description\"> POA Fashion Iguatemi \u2014 Foto: Bruna Guerra <\/figcaption><\/figure>\n<\/p><\/div>\n<\/p><\/div>\n<\/p><\/div>\n<div class=\"row medium-uncollapsed content-media content-photo\" data-block-type=\"backstage-photo\">\n<div class=\"mc-column content-media__container\">\n<div class=\"content-media-container\">\n<figure class=\"content-media__figure\"> <img decoding=\"async\" class=\"content-media__image\" srcset=\"https:\/\/s2-vogue.glbimg.com\/fhm9HExlRmEPmPpxEhUZtbKs63Q=\/0x0:1848x2768\/1000x0\/smart\/filters:strip_icc()\/i.s3.glbimg.com\/v1\/AUTH_5dfbcf92c1a84b20a5da5024d398ff2f\/internal_photos\/bs\/2026\/P\/R\/mmd0eXTKSOYJIOTtEGLw\/8-1mb.jpg 1000w, https:\/\/s2-vogue.glbimg.com\/WdZEIcD9D_6DDSbt4Rie4JNGeHM=\/0x0:1848x2768\/984x0\/smart\/filters:strip_icc()\/i.s3.glbimg.com\/v1\/AUTH_5dfbcf92c1a84b20a5da5024d398ff2f\/internal_photos\/bs\/2026\/P\/R\/mmd0eXTKSOYJIOTtEGLw\/8-1mb.jpg 984w, https:\/\/s2-vogue.glbimg.com\/RwfsoLoYTCWs7Q9y9vDg5_l-66k=\/0x0:1848x2768\/640x0\/smart\/filters:strip_icc()\/i.s3.glbimg.com\/v1\/AUTH_5dfbcf92c1a84b20a5da5024d398ff2f\/internal_photos\/bs\/2026\/P\/R\/mmd0eXTKSOYJIOTtEGLw\/8-1mb.jpg 640w, https:\/\/s2-vogue.glbimg.com\/_hCJfVDso9XDck3RdPyiZGVPYIE=\/0x0:1848x2768\/600x0\/smart\/filters:strip_icc()\/i.s3.glbimg.com\/v1\/AUTH_5dfbcf92c1a84b20a5da5024d398ff2f\/internal_photos\/bs\/2026\/P\/R\/mmd0eXTKSOYJIOTtEGLw\/8-1mb.jpg 600w\" src=\"https:\/\/s2-vogue.glbimg.com\/WdZEIcD9D_6DDSbt4Rie4JNGeHM=\/0x0:1848x2768\/984x0\/smart\/filters:strip_icc()\/i.s3.glbimg.com\/v1\/AUTH_5dfbcf92c1a84b20a5da5024d398ff2f\/internal_photos\/bs\/2026\/P\/R\/mmd0eXTKSOYJIOTtEGLw\/8-1mb.jpg\" alt=\"POA Fashion Iguatemi \u2014 Foto: Bruna Guerra\" width=\"1848\" height=\"2768\" loading=\"lazy\"\/><figcaption class=\"content-media__description\"> POA Fashion Iguatemi \u2014 Foto: Bruna Guerra <\/figcaption><\/figure>\n<\/p><\/div>\n<\/p><\/div>\n<\/p><\/div>\n<div data-track-category=\"multicontent\" data-track-action=\"ultimo chunk conteudo\" data-track-noninteraction=\"false\" data-track-scroll=\"view\">\n<div class=\"mc-column content-text active-extra-styles\" data-block-type=\"unstyled\" data-block-weight=\"87\">\n<p class=\"content-text__container\" data-track-category=\"Link no Texto\" data-track-links=\"\"> Para encerrar o calend\u00e1rio, as marcas internacionais BOSS e Armani Exchange riscaram a passarela com cole\u00e7\u00f5es que mesclaram alfaiataria afiada ao mood esportivo. Quem tamb\u00e9m marcou presen\u00e7a foi a Renner, com combina\u00e7\u00f5es rom\u00e2nticas e ares vintage, com destaque para os \u00f3culos de sol do estilo aviador em v\u00e1rias composi\u00e7\u00f5es. J\u00e1 Youcom investiu nas sobreposi\u00e7\u00f5es e nas estampas xadrez como apostas para a esta\u00e7\u00e3o. Todos os looks j\u00e1 est\u00e3o dispon\u00edveis nas lojas do Iguatemi Porto Alegre. Veja todos os detalhes da a\u00e7\u00e3o nas <a class=\"\" href=\"https:\/\/www.instagram.com\/iguatemipoa\/\" rel=\"sponsored nofollow\" target=\"_blank\">redes sociais oficiais do shopping.<\/a> <\/p>\n<\/p><\/div>\n<\/p><\/div>\n<\/p><\/div>\n<p><script async src=\"\/\/www.instagram.com\/embed.js\"><\/script><br \/>\n<br \/><a href=\"https:\/\/vogue.globo.com\/marcas-parceiras\/noticia\/2026\/04\/segunda-edicao-do-poa-fashion-iguatemi-apresenta-desfiles-de-alexandre-herchcovitch-boss-e-mais.ghtml\">Fonte do Artigo <\/a><\/p>","protected":false},"excerpt":{"rendered":"<p>Porto Alegre (RS) chegou para ficar no calend\u00e1rio dos grandes eventos de moda nacional. Essa foi a sensa\u00e7\u00e3o de quem acompanhou a segunda edi\u00e7\u00e3o do POA Fashion Iguatemi, que ocorreu entre os dias 30 de mar\u00e7o e 1\u00aa de abril no Shopping Iguatemi Porto Alegre. Com dire\u00e7\u00e3o-geral de Paulo Borges \u2013 fundador do S\u00e3o Paulo [&hellip;]<\/p>\n","protected":false},"author":1,"featured_media":99134,"comment_status":"closed","ping_status":"","sticky":false,"template":"","format":"standard","meta":{"googlesitekit_rrm_CAow2JLhCw:productID":"","_gspb_post_css":"","maa_idioma":"","maa_pais":"","footnotes":""},"categories":[4],"tags":[5660,4747,7424,18934,4187,15827,24744,24743,2926,24742,4754],"class_list":["post-99133","post","type-post","status-publish","format-standard","has-post-thumbnail","hentry","category-brasil","tag-alexandre","tag-apresenta","tag-boss","tag-desfiles","tag-edicao","tag-fashion","tag-herchcovitch","tag-iguatemi","tag-mais","tag-poa","tag-segunda"],"blocksy_meta":[],"yoast_head":"<!-- This site is optimized with the Yoast SEO Premium plugin v27.6 (Yoast SEO v27.6) - https:\/\/yoast.com\/product\/yoast-seo-premium-wordpress\/ -->\n<title>Segunda edi\u00e7\u00e3o do POA Fashion Iguatemi apresenta desfiles de Alexandre Herchcovitch, BOSS e mais - Ubirat\u00e3 Online Not\u00edcias - A realidade ao seu alcance!<\/title>\n<meta name=\"description\" content=\"Porto Alegre (RS) chegou para ficar no calend\u00e1rio dos grandes eventos de moda nacional. Essa foi a sensa\u00e7\u00e3o de quem acompanhou a segunda edi\u00e7\u00e3o do POA\" \/>\n<meta name=\"robots\" content=\"index, follow, max-snippet:-1, max-image-preview:large, max-video-preview:-1\" \/>\n<link rel=\"canonical\" href=\"https:\/\/ubirataonline.com.br\/en\/segunda-edicao-do-poa-fashion-iguatemi-apresenta-desfiles-de-alexandre-herchcovitch-boss-e-mais\/\" \/>\n<meta property=\"og:locale\" content=\"en_US\" \/>\n<meta property=\"og:type\" content=\"article\" \/>\n<meta property=\"og:title\" content=\"Segunda edi\u00e7\u00e3o do POA Fashion Iguatemi apresenta desfiles de Alexandre Herchcovitch, BOSS e mais\" \/>\n<meta property=\"og:description\" content=\"Porto Alegre (RS) chegou para ficar no calend\u00e1rio dos grandes eventos de moda nacional. Essa foi a sensa\u00e7\u00e3o de quem acompanhou a segunda edi\u00e7\u00e3o do POA\" \/>\n<meta property=\"og:url\" content=\"https:\/\/ubirataonline.com.br\/en\/segunda-edicao-do-poa-fashion-iguatemi-apresenta-desfiles-de-alexandre-herchcovitch-boss-e-mais\/\" \/>\n<meta property=\"og:site_name\" content=\"Ubirat\u00e3 Online Not\u00edcias - A realidade ao seu alcance!\" \/>\n<meta property=\"article:publisher\" content=\"https:\/\/www.facebook.com\/portalubirataonline\" \/>\n<meta property=\"article:author\" content=\"https:\/\/www.facebook.com\/portalubirataonline\" \/>\n<meta property=\"article:published_time\" content=\"2026-04-03T18:46:46+00:00\" \/>\n<meta property=\"article:modified_time\" content=\"2026-04-03T18:46:52+00:00\" \/>\n<meta property=\"og:image\" content=\"https:\/\/ubirataonline.com.br\/wp-content\/uploads\/2026\/04\/Segunda-edicao-do-POA-Fashion-Iguatemi-apresenta-desfiles-de-Alexandre-scaled.jpg\" \/>\n\t<meta property=\"og:image:width\" content=\"1709\" \/>\n\t<meta property=\"og:image:height\" content=\"2560\" \/>\n\t<meta property=\"og:image:type\" content=\"image\/jpeg\" \/>\n<meta name=\"author\" content=\"REDA\u00c7\u00c3O: UBIRAT\u00c3 ONLINE - F\u00c1BIO AUGUSTO CELESTINO\" \/>\n<meta name=\"twitter:card\" content=\"summary_large_image\" \/>\n<meta name=\"twitter:creator\" content=\"@x.com\/ubirataonline\" \/>\n<meta name=\"twitter:site\" content=\"@ubirataonline\" \/>\n<meta name=\"twitter:label1\" content=\"Written by\" \/>\n\t<meta name=\"twitter:data1\" content=\"REDA\u00c7\u00c3O: UBIRAT\u00c3 ONLINE - F\u00c1BIO AUGUSTO CELESTINO\" \/>\n\t<meta name=\"twitter:label2\" content=\"Est. reading time\" \/>\n\t<meta name=\"twitter:data2\" content=\"4 minutes\" \/>\n<script type=\"application\/ld+json\" class=\"yoast-schema-graph\">{\"@context\":\"https:\\\/\\\/schema.org\",\"@graph\":[{\"@type\":\"NewsArticle\",\"@id\":\"https:\\\/\\\/ubirataonline.com.br\\\/segunda-edicao-do-poa-fashion-iguatemi-apresenta-desfiles-de-alexandre-herchcovitch-boss-e-mais\\\/#article\",\"isPartOf\":{\"@id\":\"https:\\\/\\\/ubirataonline.com.br\\\/segunda-edicao-do-poa-fashion-iguatemi-apresenta-desfiles-de-alexandre-herchcovitch-boss-e-mais\\\/\"},\"author\":{\"name\":\"REDA\u00c7\u00c3O: UBIRAT\u00c3 ONLINE - F\u00c1BIO AUGUSTO CELESTINO\",\"@id\":\"https:\\\/\\\/ubirataonline.com.br\\\/#\\\/schema\\\/person\\\/372f87bbd3fdd79b8556b84c98d0bc1c\"},\"headline\":\"Segunda edi\u00e7\u00e3o do POA Fashion Iguatemi apresenta desfiles de Alexandre Herchcovitch, BOSS e mais\",\"datePublished\":\"2026-04-03T18:46:46+00:00\",\"dateModified\":\"2026-04-03T18:46:52+00:00\",\"mainEntityOfPage\":{\"@id\":\"https:\\\/\\\/ubirataonline.com.br\\\/segunda-edicao-do-poa-fashion-iguatemi-apresenta-desfiles-de-alexandre-herchcovitch-boss-e-mais\\\/\"},\"wordCount\":791,\"publisher\":{\"@id\":\"https:\\\/\\\/ubirataonline.com.br\\\/#organization\"},\"image\":{\"@id\":\"https:\\\/\\\/ubirataonline.com.br\\\/segunda-edicao-do-poa-fashion-iguatemi-apresenta-desfiles-de-alexandre-herchcovitch-boss-e-mais\\\/#primaryimage\"},\"thumbnailUrl\":\"https:\\\/\\\/ubirataonline.com.br\\\/wp-content\\\/uploads\\\/2026\\\/04\\\/Segunda-edicao-do-POA-Fashion-Iguatemi-apresenta-desfiles-de-Alexandre-scaled.jpg\",\"keywords\":[\"Alexandre\",\"apresenta\",\"Boss\",\"desfiles\",\"Edi\u00e7\u00e3o\",\"Fashion\",\"Herchcovitch\",\"Iguatemi\",\"mais\",\"POA\",\"segunda\"],\"articleSection\":[\"Brasil\"],\"inLanguage\":\"en-US\",\"copyrightYear\":\"2026\",\"copyrightHolder\":{\"@id\":\"https:\\\/\\\/ubirataonline.com.br\\\/en\\\/#organization\"}},{\"@type\":\"WebPage\",\"@id\":\"https:\\\/\\\/ubirataonline.com.br\\\/segunda-edicao-do-poa-fashion-iguatemi-apresenta-desfiles-de-alexandre-herchcovitch-boss-e-mais\\\/\",\"url\":\"https:\\\/\\\/ubirataonline.com.br\\\/segunda-edicao-do-poa-fashion-iguatemi-apresenta-desfiles-de-alexandre-herchcovitch-boss-e-mais\\\/\",\"name\":\"Segunda edi\u00e7\u00e3o do POA Fashion Iguatemi apresenta desfiles de Alexandre Herchcovitch, BOSS e mais - Ubirat\u00e3 Online Not\u00edcias - A realidade ao seu alcance!\",\"isPartOf\":{\"@id\":\"https:\\\/\\\/ubirataonline.com.br\\\/#website\"},\"primaryImageOfPage\":{\"@id\":\"https:\\\/\\\/ubirataonline.com.br\\\/segunda-edicao-do-poa-fashion-iguatemi-apresenta-desfiles-de-alexandre-herchcovitch-boss-e-mais\\\/#primaryimage\"},\"image\":{\"@id\":\"https:\\\/\\\/ubirataonline.com.br\\\/segunda-edicao-do-poa-fashion-iguatemi-apresenta-desfiles-de-alexandre-herchcovitch-boss-e-mais\\\/#primaryimage\"},\"thumbnailUrl\":\"https:\\\/\\\/ubirataonline.com.br\\\/wp-content\\\/uploads\\\/2026\\\/04\\\/Segunda-edicao-do-POA-Fashion-Iguatemi-apresenta-desfiles-de-Alexandre-scaled.jpg\",\"datePublished\":\"2026-04-03T18:46:46+00:00\",\"dateModified\":\"2026-04-03T18:46:52+00:00\",\"description\":\"Porto Alegre (RS) chegou para ficar no calend\u00e1rio dos grandes eventos de moda nacional. Essa foi a sensa\u00e7\u00e3o de quem acompanhou a segunda edi\u00e7\u00e3o do POA\",\"breadcrumb\":{\"@id\":\"https:\\\/\\\/ubirataonline.com.br\\\/segunda-edicao-do-poa-fashion-iguatemi-apresenta-desfiles-de-alexandre-herchcovitch-boss-e-mais\\\/#breadcrumb\"},\"inLanguage\":\"en-US\",\"potentialAction\":[{\"@type\":\"ReadAction\",\"target\":[\"https:\\\/\\\/ubirataonline.com.br\\\/segunda-edicao-do-poa-fashion-iguatemi-apresenta-desfiles-de-alexandre-herchcovitch-boss-e-mais\\\/\"]}]},{\"@type\":\"ImageObject\",\"inLanguage\":\"en-US\",\"@id\":\"https:\\\/\\\/ubirataonline.com.br\\\/segunda-edicao-do-poa-fashion-iguatemi-apresenta-desfiles-de-alexandre-herchcovitch-boss-e-mais\\\/#primaryimage\",\"url\":\"https:\\\/\\\/ubirataonline.com.br\\\/wp-content\\\/uploads\\\/2026\\\/04\\\/Segunda-edicao-do-POA-Fashion-Iguatemi-apresenta-desfiles-de-Alexandre-scaled.jpg\",\"contentUrl\":\"https:\\\/\\\/ubirataonline.com.br\\\/wp-content\\\/uploads\\\/2026\\\/04\\\/Segunda-edicao-do-POA-Fashion-Iguatemi-apresenta-desfiles-de-Alexandre-scaled.jpg\",\"width\":1709,\"height\":2560,\"caption\":\"POA Fashion Iguatemi \u2014 Foto: Bruna Guerra\"},{\"@type\":\"BreadcrumbList\",\"@id\":\"https:\\\/\\\/ubirataonline.com.br\\\/segunda-edicao-do-poa-fashion-iguatemi-apresenta-desfiles-de-alexandre-herchcovitch-boss-e-mais\\\/#breadcrumb\",\"itemListElement\":[{\"@type\":\"ListItem\",\"position\":1,\"name\":\"In\u00edcio\",\"item\":\"https:\\\/\\\/ubirataonline.com.br\\\/\"},{\"@type\":\"ListItem\",\"position\":2,\"name\":\"Segunda edi\u00e7\u00e3o do POA Fashion Iguatemi apresenta desfiles de Alexandre Herchcovitch, BOSS e mais\"}]},{\"@type\":\"WebSite\",\"@id\":\"https:\\\/\\\/ubirataonline.com.br\\\/#website\",\"url\":\"https:\\\/\\\/ubirataonline.com.br\\\/\",\"name\":\"Ubirat\u00e3 Online Not\u00edcias\",\"description\":\"Not\u00edcias de Ubirat\u00e3, regi\u00e3o, Brasil e mundo, com informa\u00e7\u00e3o atualizada e compromisso com o leitor.\",\"publisher\":{\"@id\":\"https:\\\/\\\/ubirataonline.com.br\\\/#organization\"},\"alternateName\":\"Ubirat\u00e3 Online\",\"potentialAction\":[{\"@type\":\"SearchAction\",\"target\":{\"@type\":\"EntryPoint\",\"urlTemplate\":\"https:\\\/\\\/ubirataonline.com.br\\\/?s={search_term_string}\"},\"query-input\":{\"@type\":\"PropertyValueSpecification\",\"valueRequired\":true,\"valueName\":\"search_term_string\"}}],\"inLanguage\":\"en-US\"},{\"@type\":[\"Organization\",\"Place\"],\"@id\":\"https:\\\/\\\/ubirataonline.com.br\\\/#organization\",\"name\":\"Ubirat\u00e3 Online Not\u00edcias\",\"alternateName\":\"Ubirat\u00e3 Online\",\"url\":\"https:\\\/\\\/ubirataonline.com.br\\\/\",\"logo\":{\"@id\":\"https:\\\/\\\/ubirataonline.com.br\\\/segunda-edicao-do-poa-fashion-iguatemi-apresenta-desfiles-de-alexandre-herchcovitch-boss-e-mais\\\/#local-main-organization-logo\"},\"image\":{\"@id\":\"https:\\\/\\\/ubirataonline.com.br\\\/segunda-edicao-do-poa-fashion-iguatemi-apresenta-desfiles-de-alexandre-herchcovitch-boss-e-mais\\\/#local-main-organization-logo\"},\"sameAs\":[\"https:\\\/\\\/www.facebook.com\\\/portalubirataonline\",\"https:\\\/\\\/x.com\\\/ubirataonline\",\"https:\\\/\\\/mastodon.social\\\/@ubirataonline\",\"https:\\\/\\\/www.facebook.com\\\/groups\\\/311144672285604\",\"https:\\\/\\\/www.facebook.com\\\/UBTAOnline\",\"https:\\\/\\\/www.instagram.com\\\/portalubirataonline\\\/\",\"https:\\\/\\\/twitter.com\\\/ubirataonline\"],\"description\":\"Somos um portal de not\u00edcias independente, criado em 5 de janeiro de 2009, com o objetivo de informar, conectar e valorizar a nossa comunidade de Ubirat\u00e3 e toda aregi\u00e3o. Com conte\u00fado atualizado, confi\u00e1vel e relevante, o Ubirat\u00e3 Online \u00e9 o seu espa\u00e7o para ficar por dentro dos principais acontecimentos locais, regionais, Brasil, Mundo e de interesse geral. Nosso compromisso \u00e9 com a verdade, a transpar\u00eancia e o respeito ao leitor.\",\"legalName\":\"UBIRATA ONLINE NOT\u00cdCIAS\",\"foundingDate\":\"2009-01-05\",\"numberOfEmployees\":{\"@type\":\"QuantitativeValue\",\"minValue\":\"1\",\"maxValue\":\"10\"},\"publishingPrinciples\":\"https:\\\/\\\/ubirataonline.com.br\\\/faq\\\/\",\"address\":{\"@id\":\"https:\\\/\\\/ubirataonline.com.br\\\/segunda-edicao-do-poa-fashion-iguatemi-apresenta-desfiles-de-alexandre-herchcovitch-boss-e-mais\\\/#local-main-place-address\"},\"geo\":{\"@type\":\"GeoCoordinates\",\"latitude\":\"-24.5361401\",\"longitude\":\"-52.9921776\"},\"telephone\":[\"+5544998308235\"],\"contactPoint\":{\"@type\":\"ContactPoint\",\"email\":\"contato@ubirataonline.com.br\"},\"openingHoursSpecification\":{\"@type\":\"OpeningHoursSpecification\",\"dayOfWeek\":[\"Monday\",\"Tuesday\",\"Wednesday\",\"Thursday\",\"Friday\",\"Saturday\",\"Sunday\"],\"opens\":\"00:00\",\"closes\":\"23:59\"},\"email\":\"contato@ubirataonline.com.br\",\"vatID\":\"47.621.418\\\/0001-80\"},{\"@type\":\"Person\",\"@id\":\"https:\\\/\\\/ubirataonline.com.br\\\/#\\\/schema\\\/person\\\/372f87bbd3fdd79b8556b84c98d0bc1c\",\"name\":\"REDA\u00c7\u00c3O: UBIRAT\u00c3 ONLINE - F\u00c1BIO AUGUSTO CELESTINO\",\"pronouns\":\"Ele\",\"description\":\"Desde 2003 trabalhando com not\u00edcias.\",\"sameAs\":[\"http:\\\/\\\/ubirataoline.com.br\",\"https:\\\/\\\/www.facebook.com\\\/portalubirataonline\",\"https:\\\/\\\/www.instagram.com\\\/ubirataonline_oficial\",\"https:\\\/\\\/x.com\\\/x.com\\\/ubirataonline\"],\"honorificPrefix\":\"Mr.\",\"honorificSuffix\":\"MD\",\"birthDate\":\"1980-06-16\",\"gender\":\"masculino\",\"award\":[\"V\u00e1rios pr\u00eamios de melhor portal da cidade\"],\"jobTitle\":\"Diretor\",\"url\":\"https:\\\/\\\/ubirataonline.com.br\\\/en\\\/author\\\/ubirataonline\\\/\"},{\"@type\":\"PostalAddress\",\"@id\":\"https:\\\/\\\/ubirataonline.com.br\\\/segunda-edicao-do-poa-fashion-iguatemi-apresenta-desfiles-de-alexandre-herchcovitch-boss-e-mais\\\/#local-main-place-address\",\"streetAddress\":\"Rua dos Coqueiros, 104 - Bairro Boa Vista, Rua dos Coqueiros, 104 Bairro Boa Vista\",\"addressLocality\":\"UBIRATA\",\"postalCode\":\"85440-000\",\"addressRegion\":\"PR\",\"addressCountry\":\"BR\"},{\"@type\":\"ImageObject\",\"inLanguage\":\"en-US\",\"@id\":\"https:\\\/\\\/ubirataonline.com.br\\\/segunda-edicao-do-poa-fashion-iguatemi-apresenta-desfiles-de-alexandre-herchcovitch-boss-e-mais\\\/#local-main-organization-logo\",\"url\":\"https:\\\/\\\/ubirataonline.com.br\\\/wp-content\\\/uploads\\\/2026\\\/06\\\/logoubirataonline-1.webp\",\"contentUrl\":\"https:\\\/\\\/ubirataonline.com.br\\\/wp-content\\\/uploads\\\/2026\\\/06\\\/logoubirataonline-1.webp\",\"width\":500,\"height\":500,\"caption\":\"Ubirat\u00e3 Online Not\u00edcias\"}]}<\/script>\n<meta name=\"geo.placename\" content=\"UBIRATA\" \/>\n<meta name=\"geo.position\" content=\"-24.5361401;-52.9921776\" \/>\n<meta name=\"geo.region\" content=\"Brazil\" \/>\n<!-- \/ Yoast SEO Premium plugin. -->","yoast_head_json":{"title":"Segunda edi\u00e7\u00e3o do POA Fashion Iguatemi apresenta desfiles de Alexandre Herchcovitch, BOSS e mais - Ubirat\u00e3 Online Not\u00edcias - A realidade ao seu alcance!","description":"Porto Alegre (RS) chegou para ficar no calend\u00e1rio dos grandes eventos de moda nacional. Essa foi a sensa\u00e7\u00e3o de quem acompanhou a segunda edi\u00e7\u00e3o do POA","robots":{"index":"index","follow":"follow","max-snippet":"max-snippet:-1","max-image-preview":"max-image-preview:large","max-video-preview":"max-video-preview:-1"},"canonical":"https:\/\/ubirataonline.com.br\/en\/segunda-edicao-do-poa-fashion-iguatemi-apresenta-desfiles-de-alexandre-herchcovitch-boss-e-mais\/","og_locale":"en_US","og_type":"article","og_title":"Segunda edi\u00e7\u00e3o do POA Fashion Iguatemi apresenta desfiles de Alexandre Herchcovitch, BOSS e mais","og_description":"Porto Alegre (RS) chegou para ficar no calend\u00e1rio dos grandes eventos de moda nacional. Essa foi a sensa\u00e7\u00e3o de quem acompanhou a segunda edi\u00e7\u00e3o do POA","og_url":"https:\/\/ubirataonline.com.br\/en\/segunda-edicao-do-poa-fashion-iguatemi-apresenta-desfiles-de-alexandre-herchcovitch-boss-e-mais\/","og_site_name":"Ubirat\u00e3 Online Not\u00edcias - A realidade ao seu alcance!","article_publisher":"https:\/\/www.facebook.com\/portalubirataonline","article_author":"https:\/\/www.facebook.com\/portalubirataonline","article_published_time":"2026-04-03T18:46:46+00:00","article_modified_time":"2026-04-03T18:46:52+00:00","og_image":[{"width":1709,"height":2560,"url":"https:\/\/ubirataonline.com.br\/wp-content\/uploads\/2026\/04\/Segunda-edicao-do-POA-Fashion-Iguatemi-apresenta-desfiles-de-Alexandre-scaled.jpg","type":"image\/jpeg"}],"author":"REDA\u00c7\u00c3O: UBIRAT\u00c3 ONLINE - F\u00c1BIO AUGUSTO CELESTINO","twitter_card":"summary_large_image","twitter_creator":"@x.com\/ubirataonline","twitter_site":"@ubirataonline","twitter_misc":{"Written by":"REDA\u00c7\u00c3O: UBIRAT\u00c3 ONLINE - F\u00c1BIO AUGUSTO CELESTINO","Est. reading time":"4 minutes"},"schema":{"@context":"https:\/\/schema.org","@graph":[{"@type":"NewsArticle","@id":"https:\/\/ubirataonline.com.br\/segunda-edicao-do-poa-fashion-iguatemi-apresenta-desfiles-de-alexandre-herchcovitch-boss-e-mais\/#article","isPartOf":{"@id":"https:\/\/ubirataonline.com.br\/segunda-edicao-do-poa-fashion-iguatemi-apresenta-desfiles-de-alexandre-herchcovitch-boss-e-mais\/"},"author":{"name":"REDA\u00c7\u00c3O: UBIRAT\u00c3 ONLINE - F\u00c1BIO AUGUSTO CELESTINO","@id":"https:\/\/ubirataonline.com.br\/#\/schema\/person\/372f87bbd3fdd79b8556b84c98d0bc1c"},"headline":"Segunda edi\u00e7\u00e3o do POA Fashion Iguatemi apresenta desfiles de Alexandre Herchcovitch, BOSS e mais","datePublished":"2026-04-03T18:46:46+00:00","dateModified":"2026-04-03T18:46:52+00:00","mainEntityOfPage":{"@id":"https:\/\/ubirataonline.com.br\/segunda-edicao-do-poa-fashion-iguatemi-apresenta-desfiles-de-alexandre-herchcovitch-boss-e-mais\/"},"wordCount":791,"publisher":{"@id":"https:\/\/ubirataonline.com.br\/#organization"},"image":{"@id":"https:\/\/ubirataonline.com.br\/segunda-edicao-do-poa-fashion-iguatemi-apresenta-desfiles-de-alexandre-herchcovitch-boss-e-mais\/#primaryimage"},"thumbnailUrl":"https:\/\/ubirataonline.com.br\/wp-content\/uploads\/2026\/04\/Segunda-edicao-do-POA-Fashion-Iguatemi-apresenta-desfiles-de-Alexandre-scaled.jpg","keywords":["Alexandre","apresenta","Boss","desfiles","Edi\u00e7\u00e3o","Fashion","Herchcovitch","Iguatemi","mais","POA","segunda"],"articleSection":["Brasil"],"inLanguage":"en-US","copyrightYear":"2026","copyrightHolder":{"@id":"https:\/\/ubirataonline.com.br\/en\/#organization"}},{"@type":"WebPage","@id":"https:\/\/ubirataonline.com.br\/segunda-edicao-do-poa-fashion-iguatemi-apresenta-desfiles-de-alexandre-herchcovitch-boss-e-mais\/","url":"https:\/\/ubirataonline.com.br\/segunda-edicao-do-poa-fashion-iguatemi-apresenta-desfiles-de-alexandre-herchcovitch-boss-e-mais\/","name":"Segunda edi\u00e7\u00e3o do POA Fashion Iguatemi apresenta desfiles de Alexandre Herchcovitch, BOSS e mais - Ubirat\u00e3 Online Not\u00edcias - A realidade ao seu alcance!","isPartOf":{"@id":"https:\/\/ubirataonline.com.br\/#website"},"primaryImageOfPage":{"@id":"https:\/\/ubirataonline.com.br\/segunda-edicao-do-poa-fashion-iguatemi-apresenta-desfiles-de-alexandre-herchcovitch-boss-e-mais\/#primaryimage"},"image":{"@id":"https:\/\/ubirataonline.com.br\/segunda-edicao-do-poa-fashion-iguatemi-apresenta-desfiles-de-alexandre-herchcovitch-boss-e-mais\/#primaryimage"},"thumbnailUrl":"https:\/\/ubirataonline.com.br\/wp-content\/uploads\/2026\/04\/Segunda-edicao-do-POA-Fashion-Iguatemi-apresenta-desfiles-de-Alexandre-scaled.jpg","datePublished":"2026-04-03T18:46:46+00:00","dateModified":"2026-04-03T18:46:52+00:00","description":"Porto Alegre (RS) chegou para ficar no calend\u00e1rio dos grandes eventos de moda nacional. Essa foi a sensa\u00e7\u00e3o de quem acompanhou a segunda edi\u00e7\u00e3o do POA","breadcrumb":{"@id":"https:\/\/ubirataonline.com.br\/segunda-edicao-do-poa-fashion-iguatemi-apresenta-desfiles-de-alexandre-herchcovitch-boss-e-mais\/#breadcrumb"},"inLanguage":"en-US","potentialAction":[{"@type":"ReadAction","target":["https:\/\/ubirataonline.com.br\/segunda-edicao-do-poa-fashion-iguatemi-apresenta-desfiles-de-alexandre-herchcovitch-boss-e-mais\/"]}]},{"@type":"ImageObject","inLanguage":"en-US","@id":"https:\/\/ubirataonline.com.br\/segunda-edicao-do-poa-fashion-iguatemi-apresenta-desfiles-de-alexandre-herchcovitch-boss-e-mais\/#primaryimage","url":"https:\/\/ubirataonline.com.br\/wp-content\/uploads\/2026\/04\/Segunda-edicao-do-POA-Fashion-Iguatemi-apresenta-desfiles-de-Alexandre-scaled.jpg","contentUrl":"https:\/\/ubirataonline.com.br\/wp-content\/uploads\/2026\/04\/Segunda-edicao-do-POA-Fashion-Iguatemi-apresenta-desfiles-de-Alexandre-scaled.jpg","width":1709,"height":2560,"caption":"POA Fashion Iguatemi \u2014 Foto: Bruna Guerra"},{"@type":"BreadcrumbList","@id":"https:\/\/ubirataonline.com.br\/segunda-edicao-do-poa-fashion-iguatemi-apresenta-desfiles-de-alexandre-herchcovitch-boss-e-mais\/#breadcrumb","itemListElement":[{"@type":"ListItem","position":1,"name":"In\u00edcio","item":"https:\/\/ubirataonline.com.br\/"},{"@type":"ListItem","position":2,"name":"Segunda edi\u00e7\u00e3o do POA Fashion Iguatemi apresenta desfiles de Alexandre Herchcovitch, BOSS e mais"}]},{"@type":"WebSite","@id":"https:\/\/ubirataonline.com.br\/#website","url":"https:\/\/ubirataonline.com.br\/","name":"Ubirat\u00e3 Online Not\u00edcias","description":"Not\u00edcias de Ubirat\u00e3, regi\u00e3o, Brasil e mundo, com informa\u00e7\u00e3o atualizada e compromisso com o leitor.","publisher":{"@id":"https:\/\/ubirataonline.com.br\/#organization"},"alternateName":"Ubirat\u00e3 Online","potentialAction":[{"@type":"SearchAction","target":{"@type":"EntryPoint","urlTemplate":"https:\/\/ubirataonline.com.br\/?s={search_term_string}"},"query-input":{"@type":"PropertyValueSpecification","valueRequired":true,"valueName":"search_term_string"}}],"inLanguage":"en-US"},{"@type":["Organization","Place"],"@id":"https:\/\/ubirataonline.com.br\/#organization","name":"Ubirat\u00e3 Online Not\u00edcias","alternateName":"Ubirat\u00e3 Online","url":"https:\/\/ubirataonline.com.br\/","logo":{"@id":"https:\/\/ubirataonline.com.br\/segunda-edicao-do-poa-fashion-iguatemi-apresenta-desfiles-de-alexandre-herchcovitch-boss-e-mais\/#local-main-organization-logo"},"image":{"@id":"https:\/\/ubirataonline.com.br\/segunda-edicao-do-poa-fashion-iguatemi-apresenta-desfiles-de-alexandre-herchcovitch-boss-e-mais\/#local-main-organization-logo"},"sameAs":["https:\/\/www.facebook.com\/portalubirataonline","https:\/\/x.com\/ubirataonline","https:\/\/mastodon.social\/@ubirataonline","https:\/\/www.facebook.com\/groups\/311144672285604","https:\/\/www.facebook.com\/UBTAOnline","https:\/\/www.instagram.com\/portalubirataonline\/","https:\/\/twitter.com\/ubirataonline"],"description":"Somos um portal de not\u00edcias independente, criado em 5 de janeiro de 2009, com o objetivo de informar, conectar e valorizar a nossa comunidade de Ubirat\u00e3 e toda aregi\u00e3o. Com conte\u00fado atualizado, confi\u00e1vel e relevante, o Ubirat\u00e3 Online \u00e9 o seu espa\u00e7o para ficar por dentro dos principais acontecimentos locais, regionais, Brasil, Mundo e de interesse geral. Nosso compromisso \u00e9 com a verdade, a transpar\u00eancia e o respeito ao leitor.","legalName":"UBIRATA ONLINE NOT\u00cdCIAS","foundingDate":"2009-01-05","numberOfEmployees":{"@type":"QuantitativeValue","minValue":"1","maxValue":"10"},"publishingPrinciples":"https:\/\/ubirataonline.com.br\/faq\/","address":{"@id":"https:\/\/ubirataonline.com.br\/segunda-edicao-do-poa-fashion-iguatemi-apresenta-desfiles-de-alexandre-herchcovitch-boss-e-mais\/#local-main-place-address"},"geo":{"@type":"GeoCoordinates","latitude":"-24.5361401","longitude":"-52.9921776"},"telephone":["+5544998308235"],"contactPoint":{"@type":"ContactPoint","email":"contato@ubirataonline.com.br"},"openingHoursSpecification":{"@type":"OpeningHoursSpecification","dayOfWeek":["Monday","Tuesday","Wednesday","Thursday","Friday","Saturday","Sunday"],"opens":"00:00","closes":"23:59"},"email":"contato@ubirataonline.com.br","vatID":"47.621.418\/0001-80"},{"@type":"Person","@id":"https:\/\/ubirataonline.com.br\/#\/schema\/person\/372f87bbd3fdd79b8556b84c98d0bc1c","name":"REDA\u00c7\u00c3O: UBIRAT\u00c3 ONLINE - F\u00c1BIO AUGUSTO CELESTINO","pronouns":"Ele","description":"Desde 2003 trabalhando com not\u00edcias.","sameAs":["http:\/\/ubirataoline.com.br","https:\/\/www.facebook.com\/portalubirataonline","https:\/\/www.instagram.com\/ubirataonline_oficial","https:\/\/x.com\/x.com\/ubirataonline"],"honorificPrefix":"Mr.","honorificSuffix":"MD","birthDate":"1980-06-16","gender":"masculino","award":["V\u00e1rios pr\u00eamios de melhor portal da cidade"],"jobTitle":"Diretor","url":"https:\/\/ubirataonline.com.br\/en\/author\/ubirataonline\/"},{"@type":"PostalAddress","@id":"https:\/\/ubirataonline.com.br\/segunda-edicao-do-poa-fashion-iguatemi-apresenta-desfiles-de-alexandre-herchcovitch-boss-e-mais\/#local-main-place-address","streetAddress":"Rua dos Coqueiros, 104 - Bairro Boa Vista, Rua dos Coqueiros, 104 Bairro Boa Vista","addressLocality":"UBIRATA","postalCode":"85440-000","addressRegion":"PR","addressCountry":"BR"},{"@type":"ImageObject","inLanguage":"en-US","@id":"https:\/\/ubirataonline.com.br\/segunda-edicao-do-poa-fashion-iguatemi-apresenta-desfiles-de-alexandre-herchcovitch-boss-e-mais\/#local-main-organization-logo","url":"https:\/\/ubirataonline.com.br\/wp-content\/uploads\/2026\/06\/logoubirataonline-1.webp","contentUrl":"https:\/\/ubirataonline.com.br\/wp-content\/uploads\/2026\/06\/logoubirataonline-1.webp","width":500,"height":500,"caption":"Ubirat\u00e3 Online Not\u00edcias"}]},"geo.placename":"UBIRATA","geo.position":{"lat":"-24.5361401","long":"-52.9921776"},"geo.region":"Brazil"},"_links":{"self":[{"href":"https:\/\/ubirataonline.com.br\/en\/wp-json\/wp\/v2\/posts\/99133","targetHints":{"allow":["GET"]}}],"collection":[{"href":"https:\/\/ubirataonline.com.br\/en\/wp-json\/wp\/v2\/posts"}],"about":[{"href":"https:\/\/ubirataonline.com.br\/en\/wp-json\/wp\/v2\/types\/post"}],"author":[{"embeddable":true,"href":"https:\/\/ubirataonline.com.br\/en\/wp-json\/wp\/v2\/users\/1"}],"replies":[{"embeddable":true,"href":"https:\/\/ubirataonline.com.br\/en\/wp-json\/wp\/v2\/comments?post=99133"}],"version-history":[{"count":0,"href":"https:\/\/ubirataonline.com.br\/en\/wp-json\/wp\/v2\/posts\/99133\/revisions"}],"wp:featuredmedia":[{"embeddable":true,"href":"https:\/\/ubirataonline.com.br\/en\/wp-json\/wp\/v2\/media\/99134"}],"wp:attachment":[{"href":"https:\/\/ubirataonline.com.br\/en\/wp-json\/wp\/v2\/media?parent=99133"}],"wp:term":[{"taxonomy":"category","embeddable":true,"href":"https:\/\/ubirataonline.com.br\/en\/wp-json\/wp\/v2\/categories?post=99133"},{"taxonomy":"post_tag","embeddable":true,"href":"https:\/\/ubirataonline.com.br\/en\/wp-json\/wp\/v2\/tags?post=99133"}],"curies":[{"name":"wp","href":"https:\/\/api.w.org\/{rel}","templated":true}]}}