{"id":99144,"date":"2026-04-03T17:06:55","date_gmt":"2026-04-03T20:06:55","guid":{"rendered":"https:\/\/ubirataonline.com.br\/governo-exonera-16-ministros-de-estado-em-semana-final-do-prazo-para-desincompatibilizacao\/"},"modified":"2026-04-03T17:06:57","modified_gmt":"2026-04-03T20:06:57","slug":"governo-exonera-16-ministros-de-estado-em-semana-final-do-prazo-para-desincompatibilizacao","status":"publish","type":"post","link":"https:\/\/ubirataonline.com.br\/en\/governo-exonera-16-ministros-de-estado-em-semana-final-do-prazo-para-desincompatibilizacao\/","title":{"rendered":"Governo exonera 16 ministros de Estado em semana final do prazo para desincompatibiliza\u00e7\u00e3o"},"content":{"rendered":"<p><\/p>\n<div id=\"texto\">\n<p>O governo federal exonerou nesta semana 16 ministros de Estado que estudam candidatura nas elei\u00e7\u00f5es de outubro. Segundo a legisla\u00e7\u00e3o eleitoral, quem ocupa um cargo p\u00fablico e planeja colocar seu nome nas urnas precisa deixar o posto seis meses antes do pleito, prazo que vence neste s\u00e1bado, 4 de abril.<\/p>\n<p>A desincompatibiliza\u00e7\u00e3o visa evitar o uso da m\u00e1quina p\u00fablica, de recursos ou da visibilidade da fun\u00e7\u00e3o atual pelo pr\u00e9-candidato para obter vantagem indevida sobre os demais concorrentes.<\/p>\n<p>Tamb\u00e9m houve o remanejamento do ministro Andr\u00e9 de Paula (anteriormente na Pesca) para o Minist\u00e9rio da Agricultura, no lugar de Carlos F\u00e1varo. <\/p>\n<p>A maioria dos ministros exonerados foi substitu\u00edda pelos seus antigos secret\u00e1rios-executivos, em um sinal de continuidade do governo na reta final de mandato. Foi o caso da Pesca, em que o ministro nomeado foi Rivetla Edipo Araujo Cruz, ent\u00e3o secret\u00e1rio-executivo, o n\u00famero dois na hierarquia da pasta. No entanto, ainda h\u00e1 tr\u00eas pastas sem titular definido \u2013 o Minist\u00e9rio do Empreendedorismo (criado em 2024 para ser o 38\u00ba minist\u00e9rio, destinado a acomodar M\u00e1rcio Fran\u00e7a), o Minist\u00e9rio do Desenvolvimento, Ind\u00fastria, Com\u00e9rcio e Servi\u00e7os (MDIC) e a Secretaria de Rela\u00e7\u00f5es Institucionais (SRI).<\/p>\n<p>As exonera\u00e7\u00f5es publicadas ao longo desta semana se somam \u00e0 sa\u00edda de Fernando Haddad (PT) do Minist\u00e9rio da Fazenda, oficializada no <i>Di\u00e1rio Oficial da Uni\u00e3o (DOU)<\/i> em 20 de mar\u00e7o, para concorrer ao governo de S\u00e3o Paulo. Dario Durigan, ex-secret\u00e1rio-executivo da pasta, assumiu o comando do minist\u00e9rio, fazendo algumas trocas pontuais na equipe de secret\u00e1rios.<\/p>\n<p><b>Veja abaixo as trocas efetuadas nesta semana:<\/b><\/p>\n<p>1. Carlos F\u00e1varo (PSD) deixou o Minist\u00e9rio da Agricultura e Pecu\u00e1ria para concorrer ao governo de Mato Grosso, substitu\u00eddo pelo ex-ministro da Pesca Andr\u00e9 de Paula;<\/p>\n<p>2. Paulo Teixeira (PT) deixou o Minist\u00e9rio do Desenvolvimento Agr\u00e1rio e Agricultura Familiar para concorrer a deputado federal por S\u00e3o Paulo, foi substitu\u00eddo por Fernanda Machiaveli, ent\u00e3o secret\u00e1ria-executiva;<\/p>\n<p>3. Maca\u00e9 Evaristo (PT) deixou o Minist\u00e9rio dos Direitos Humanos e da Cidadania para concorrer a deputada estadual por Minas Gerais e foi substitu\u00edda por Janine Mello dos Santos, ent\u00e3o secret\u00e1ria-executiva;<\/p>\n<p>4. Andr\u00e9 Fufuca (PP) deixou o Minist\u00e9rio do Esporte para concorrer ao Senado pelo Maranh\u00e3o e foi substitu\u00eddo por Paulo Henrique Cordeiro Perna, ent\u00e3o secret\u00e1rio nacional de Esporte Amador, Educa\u00e7\u00e3o, Lazer e Inclus\u00e3o Social;<\/p>\n<p>5. S\u00f4nia Guajajara (PSOL) saiu do Minist\u00e9rio dos Povos Ind\u00edgenas para possivelmente disputar a reelei\u00e7\u00e3o como deputada federal por S\u00e3o Paulo, sendo substitu\u00edda por Eloy Terena, seu ex-secret\u00e1rio-executivo;<\/p>\n<p>6. Simone Tebet (rec\u00e9m filiada ao PSB, depois de anos no MDB) foi exonerada do Minist\u00e9rio do Planejamento e Or\u00e7amento para disputar algum cargo em S\u00e3o Paulo, ap\u00f3s mudan\u00e7a recente de domic\u00edlio eleitoral, sendo substitu\u00edda por Bruno Moretti, que era secret\u00e1rio especial de An\u00e1lise Governamental da Casa Civil;<\/p>\n<p>7. Silvio Costa Filho (Republicanos) saiu do Minist\u00e9rio de Portos e Aeroportos para concorrer a deputado federal por Pernambuco e foi sucedido por Tom\u00e9 Franca, ent\u00e3o secret\u00e1rio-executivo;<\/p>\n<p>8. Marina Silva (Rede, em processo de migra\u00e7\u00e3o de partido) deixou o Minist\u00e9rio do Meio Ambiente e da Mudan\u00e7a do Clima para concorrer a um cargo ainda n\u00e3o definido em S\u00e3o Paulo. Ela foi substitu\u00edda pelo seu ex-secret\u00e1rio-executivo, Paulo Capobianco;<\/p>\n<p>9. Renan Filho (MDB) saiu do Minist\u00e9rio dos Transportes para concorrer ao governo de Alagoas e foi sucedido por George Santoro, ex-secret\u00e1rio-executivo;<\/p>\n<p>10. Rui Costa (PT) deixou a Casa Civil para concorrer ao Senado pela Bahia, substitu\u00eddo pela sua ex-secret\u00e1ria-executiva, Miriam Belchior;<\/p>\n<p>11. Jader Filho (MDB), poss\u00edvel pr\u00e9-candidato a deputado federal pelo Par\u00e1, saiu do Minist\u00e9rio das Cidades e foi substitu\u00eddo por Ant\u00f4nio Vladimir Lima, ex-secret\u00e1rio-executivo;<\/p>\n<p>12. Camilo Santana (PT) saiu do Minist\u00e9rio da Educa\u00e7\u00e3o, ainda sem candidatura definida, e foi substitu\u00eddo por Leonardo Barchini, ex-secret\u00e1rio-executivo;<\/p>\n<p>13. Anielle Franco (PT) saiu do Minist\u00e9rio da Igualdade Racial para concorrer a deputada federal pelo Rio de Janeiro, substitu\u00edda por Rachel Barros de Oliveira, ex-secret\u00e1ria-executiva;<\/p>\n<p>14. M\u00e1rcio Fran\u00e7a (PSB) saiu do Minist\u00e9rio do Empreendedorismo, da Micro Empresa e da Empresa de Pequeno Porte para disputar algum cargo por S\u00e3o Paulo, n\u00e3o tendo sido definido o novo titular;<\/p>\n<p>15. Geraldo Alckmin foi exonerado do Minist\u00e9rio do Desenvolvimento, Ind\u00fastria, Com\u00e9rcio e Servi\u00e7os (MDIC) para concorrer novamente a vice-presidente, sem substituto nomeado ainda;<\/p>\n<p>16. Gleisi Hoffmann (PT) foi exonerada da Secretaria de Rela\u00e7\u00f5es Institucionais (SRI) para disputar o Senado pelo Paran\u00e1, tampouco foi substitu\u00edda por outro titular.<\/p>\n<p>Algumas defini\u00e7\u00f5es de candidaturas ainda podem mudar. Segundo o calend\u00e1rio eleitoral, os partidos e federa\u00e7\u00f5es devem realizar suas conven\u00e7\u00f5es partid\u00e1rias de 20 de julho a 5 de agosto, destinadas a definir coliga\u00e7\u00f5es e escolher os candidatos que concorrer\u00e3o aos cargos de presidente e vice-presidente da Rep\u00fablica, governador e vice-governador, senador e respectivos suplentes, bem como aos cargos de deputado federal, estadual e distrital nas elei\u00e7\u00f5es de 2026. Os pedidos de registro de candidatura devem ser apresentados \u00e0 Justi\u00e7a Eleitoral at\u00e9 15 de agosto. <\/p>\n<\/p><\/div>\n<p><a href=\"https:\/\/cgn.inf.br\/noticia\/2077186\/governo-exonera-16-ministros-de-estado-em-semana-final-do-prazo-para-desincompatibilizacao\">Fonte do Artigo <\/a><\/p>","protected":false},"excerpt":{"rendered":"<p>O governo federal exonerou nesta semana 16 ministros de Estado que estudam candidatura nas elei\u00e7\u00f5es de outubro. Segundo a legisla\u00e7\u00e3o eleitoral, quem ocupa um cargo p\u00fablico e planeja colocar seu nome nas urnas precisa deixar o posto seis meses antes do pleito, prazo que vence neste s\u00e1bado, 4 de abril. A desincompatibiliza\u00e7\u00e3o visa evitar o [&hellip;]<\/p>\n","protected":false},"author":1,"featured_media":92994,"comment_status":"closed","ping_status":"","sticky":false,"template":"","format":"standard","meta":{"googlesitekit_rrm_CAow2JLhCw:productID":"","_gspb_post_css":"","maa_idioma":"","maa_pais":"","footnotes":""},"categories":[1],"tags":[24749,3447,24748,2942,1646,16118,2904,3861,3268],"class_list":["post-99144","post","type-post","status-publish","format-standard","has-post-thumbnail","hentry","category-ubirata","tag-desincompatibilizacao","tag-estado","tag-exonera","tag-final","tag-governo","tag-ministros","tag-para","tag-prazo","tag-semana"],"blocksy_meta":[],"yoast_head":"<!-- This site is optimized with the Yoast SEO Premium plugin v27.6 (Yoast SEO v27.6) - https:\/\/yoast.com\/product\/yoast-seo-premium-wordpress\/ -->\n<title>Governo exonera 16 ministros de Estado em semana final do prazo para desincompatibiliza\u00e7\u00e3o - Ubirat\u00e3 Online Not\u00edcias - A realidade ao seu alcance!<\/title>\n<meta name=\"description\" content=\"O governo federal exonerou nesta semana 16 ministros de Estado que estudam candidatura nas elei\u00e7\u00f5es de outubro. Segundo a legisla\u00e7\u00e3o eleitoral, quem ocupa\" \/>\n<meta name=\"robots\" content=\"index, follow, max-snippet:-1, max-image-preview:large, max-video-preview:-1\" \/>\n<link rel=\"canonical\" href=\"https:\/\/ubirataonline.com.br\/en\/governo-exonera-16-ministros-de-estado-em-semana-final-do-prazo-para-desincompatibilizacao\/\" \/>\n<meta property=\"og:locale\" content=\"en_US\" \/>\n<meta property=\"og:type\" content=\"article\" \/>\n<meta property=\"og:title\" content=\"Governo exonera 16 ministros de Estado em semana final do prazo para desincompatibiliza\u00e7\u00e3o\" \/>\n<meta property=\"og:description\" content=\"O governo federal exonerou nesta semana 16 ministros de Estado que estudam candidatura nas elei\u00e7\u00f5es de outubro. Segundo a legisla\u00e7\u00e3o eleitoral, quem ocupa\" \/>\n<meta property=\"og:url\" content=\"https:\/\/ubirataonline.com.br\/en\/governo-exonera-16-ministros-de-estado-em-semana-final-do-prazo-para-desincompatibilizacao\/\" \/>\n<meta property=\"og:site_name\" content=\"Ubirat\u00e3 Online Not\u00edcias - A realidade ao seu alcance!\" \/>\n<meta property=\"article:publisher\" content=\"https:\/\/www.facebook.com\/portalubirataonline\" \/>\n<meta property=\"article:author\" content=\"https:\/\/www.facebook.com\/portalubirataonline\" \/>\n<meta property=\"article:published_time\" content=\"2026-04-03T20:06:55+00:00\" \/>\n<meta property=\"article:modified_time\" content=\"2026-04-03T20:06:57+00:00\" \/>\n<meta property=\"og:image\" content=\"https:\/\/ubirataonline.com.br\/wp-content\/uploads\/2026\/03\/Gilmar-ve-explicacao-insuficiente-e-da-72-horas-para-MPRJ.gif\" \/>\n\t<meta property=\"og:image:width\" content=\"768\" \/>\n\t<meta property=\"og:image:height\" content=\"461\" \/>\n\t<meta property=\"og:image:type\" content=\"image\/gif\" \/>\n<meta name=\"author\" content=\"REDA\u00c7\u00c3O: UBIRAT\u00c3 ONLINE - F\u00c1BIO AUGUSTO CELESTINO\" \/>\n<meta name=\"twitter:card\" content=\"summary_large_image\" \/>\n<meta name=\"twitter:creator\" content=\"@x.com\/ubirataonline\" \/>\n<meta name=\"twitter:site\" content=\"@ubirataonline\" \/>\n<meta name=\"twitter:label1\" content=\"Written by\" \/>\n\t<meta name=\"twitter:data1\" content=\"REDA\u00c7\u00c3O: UBIRAT\u00c3 ONLINE - F\u00c1BIO AUGUSTO CELESTINO\" \/>\n\t<meta name=\"twitter:label2\" content=\"Est. reading time\" \/>\n\t<meta name=\"twitter:data2\" content=\"4 minutes\" \/>\n<script type=\"application\/ld+json\" class=\"yoast-schema-graph\">{\"@context\":\"https:\\\/\\\/schema.org\",\"@graph\":[{\"@type\":\"NewsArticle\",\"@id\":\"https:\\\/\\\/ubirataonline.com.br\\\/governo-exonera-16-ministros-de-estado-em-semana-final-do-prazo-para-desincompatibilizacao\\\/#article\",\"isPartOf\":{\"@id\":\"https:\\\/\\\/ubirataonline.com.br\\\/governo-exonera-16-ministros-de-estado-em-semana-final-do-prazo-para-desincompatibilizacao\\\/\"},\"author\":{\"name\":\"REDA\u00c7\u00c3O: UBIRAT\u00c3 ONLINE - F\u00c1BIO AUGUSTO CELESTINO\",\"@id\":\"https:\\\/\\\/ubirataonline.com.br\\\/#\\\/schema\\\/person\\\/372f87bbd3fdd79b8556b84c98d0bc1c\"},\"headline\":\"Governo exonera 16 ministros de Estado em semana final do prazo para desincompatibiliza\u00e7\u00e3o\",\"datePublished\":\"2026-04-03T20:06:55+00:00\",\"dateModified\":\"2026-04-03T20:06:57+00:00\",\"mainEntityOfPage\":{\"@id\":\"https:\\\/\\\/ubirataonline.com.br\\\/governo-exonera-16-ministros-de-estado-em-semana-final-do-prazo-para-desincompatibilizacao\\\/\"},\"wordCount\":898,\"publisher\":{\"@id\":\"https:\\\/\\\/ubirataonline.com.br\\\/#organization\"},\"image\":{\"@id\":\"https:\\\/\\\/ubirataonline.com.br\\\/governo-exonera-16-ministros-de-estado-em-semana-final-do-prazo-para-desincompatibilizacao\\\/#primaryimage\"},\"thumbnailUrl\":\"https:\\\/\\\/ubirataonline.com.br\\\/wp-content\\\/uploads\\\/2026\\\/03\\\/Gilmar-ve-explicacao-insuficiente-e-da-72-horas-para-MPRJ.gif\",\"keywords\":[\"desincompatibiliza\u00e7\u00e3o\",\"estado\",\"exonera\",\"final\",\"Governo\",\"ministros\",\"para\",\"prazo\",\"semana\"],\"articleSection\":[\"Ubirat\u00e3\"],\"inLanguage\":\"en-US\",\"copyrightYear\":\"2026\",\"copyrightHolder\":{\"@id\":\"https:\\\/\\\/ubirataonline.com.br\\\/en\\\/#organization\"}},{\"@type\":\"WebPage\",\"@id\":\"https:\\\/\\\/ubirataonline.com.br\\\/governo-exonera-16-ministros-de-estado-em-semana-final-do-prazo-para-desincompatibilizacao\\\/\",\"url\":\"https:\\\/\\\/ubirataonline.com.br\\\/governo-exonera-16-ministros-de-estado-em-semana-final-do-prazo-para-desincompatibilizacao\\\/\",\"name\":\"Governo exonera 16 ministros de Estado em semana final do prazo para desincompatibiliza\u00e7\u00e3o - Ubirat\u00e3 Online Not\u00edcias - A realidade ao seu alcance!\",\"isPartOf\":{\"@id\":\"https:\\\/\\\/ubirataonline.com.br\\\/#website\"},\"primaryImageOfPage\":{\"@id\":\"https:\\\/\\\/ubirataonline.com.br\\\/governo-exonera-16-ministros-de-estado-em-semana-final-do-prazo-para-desincompatibilizacao\\\/#primaryimage\"},\"image\":{\"@id\":\"https:\\\/\\\/ubirataonline.com.br\\\/governo-exonera-16-ministros-de-estado-em-semana-final-do-prazo-para-desincompatibilizacao\\\/#primaryimage\"},\"thumbnailUrl\":\"https:\\\/\\\/ubirataonline.com.br\\\/wp-content\\\/uploads\\\/2026\\\/03\\\/Gilmar-ve-explicacao-insuficiente-e-da-72-horas-para-MPRJ.gif\",\"datePublished\":\"2026-04-03T20:06:55+00:00\",\"dateModified\":\"2026-04-03T20:06:57+00:00\",\"description\":\"O governo federal exonerou nesta semana 16 ministros de Estado que estudam candidatura nas elei\u00e7\u00f5es de outubro. Segundo a legisla\u00e7\u00e3o eleitoral, quem ocupa\",\"breadcrumb\":{\"@id\":\"https:\\\/\\\/ubirataonline.com.br\\\/governo-exonera-16-ministros-de-estado-em-semana-final-do-prazo-para-desincompatibilizacao\\\/#breadcrumb\"},\"inLanguage\":\"en-US\",\"potentialAction\":[{\"@type\":\"ReadAction\",\"target\":[\"https:\\\/\\\/ubirataonline.com.br\\\/governo-exonera-16-ministros-de-estado-em-semana-final-do-prazo-para-desincompatibilizacao\\\/\"]}]},{\"@type\":\"ImageObject\",\"inLanguage\":\"en-US\",\"@id\":\"https:\\\/\\\/ubirataonline.com.br\\\/governo-exonera-16-ministros-de-estado-em-semana-final-do-prazo-para-desincompatibilizacao\\\/#primaryimage\",\"url\":\"https:\\\/\\\/ubirataonline.com.br\\\/wp-content\\\/uploads\\\/2026\\\/03\\\/Gilmar-ve-explicacao-insuficiente-e-da-72-horas-para-MPRJ.gif\",\"contentUrl\":\"https:\\\/\\\/ubirataonline.com.br\\\/wp-content\\\/uploads\\\/2026\\\/03\\\/Gilmar-ve-explicacao-insuficiente-e-da-72-horas-para-MPRJ.gif\",\"width\":768,\"height\":461,\"caption\":\"Gilmar v\u00ea explica\u00e7\u00e3o insuficiente e d\u00e1 72 horas para MPRJ explicar pagamento de penduricalhos\"},{\"@type\":\"BreadcrumbList\",\"@id\":\"https:\\\/\\\/ubirataonline.com.br\\\/governo-exonera-16-ministros-de-estado-em-semana-final-do-prazo-para-desincompatibilizacao\\\/#breadcrumb\",\"itemListElement\":[{\"@type\":\"ListItem\",\"position\":1,\"name\":\"In\u00edcio\",\"item\":\"https:\\\/\\\/ubirataonline.com.br\\\/\"},{\"@type\":\"ListItem\",\"position\":2,\"name\":\"Governo exonera 16 ministros de Estado em semana final do prazo para desincompatibiliza\u00e7\u00e3o\"}]},{\"@type\":\"WebSite\",\"@id\":\"https:\\\/\\\/ubirataonline.com.br\\\/#website\",\"url\":\"https:\\\/\\\/ubirataonline.com.br\\\/\",\"name\":\"Ubirat\u00e3 Online Not\u00edcias\",\"description\":\"Not\u00edcias de Ubirat\u00e3, regi\u00e3o, Brasil e mundo, com informa\u00e7\u00e3o atualizada e compromisso com o leitor.\",\"publisher\":{\"@id\":\"https:\\\/\\\/ubirataonline.com.br\\\/#organization\"},\"alternateName\":\"Ubirat\u00e3 Online\",\"potentialAction\":[{\"@type\":\"SearchAction\",\"target\":{\"@type\":\"EntryPoint\",\"urlTemplate\":\"https:\\\/\\\/ubirataonline.com.br\\\/?s={search_term_string}\"},\"query-input\":{\"@type\":\"PropertyValueSpecification\",\"valueRequired\":true,\"valueName\":\"search_term_string\"}}],\"inLanguage\":\"en-US\"},{\"@type\":[\"Organization\",\"Place\"],\"@id\":\"https:\\\/\\\/ubirataonline.com.br\\\/#organization\",\"name\":\"Ubirat\u00e3 Online Not\u00edcias\",\"alternateName\":\"Ubirat\u00e3 Online\",\"url\":\"https:\\\/\\\/ubirataonline.com.br\\\/\",\"logo\":{\"@id\":\"https:\\\/\\\/ubirataonline.com.br\\\/governo-exonera-16-ministros-de-estado-em-semana-final-do-prazo-para-desincompatibilizacao\\\/#local-main-organization-logo\"},\"image\":{\"@id\":\"https:\\\/\\\/ubirataonline.com.br\\\/governo-exonera-16-ministros-de-estado-em-semana-final-do-prazo-para-desincompatibilizacao\\\/#local-main-organization-logo\"},\"sameAs\":[\"https:\\\/\\\/www.facebook.com\\\/portalubirataonline\",\"https:\\\/\\\/x.com\\\/ubirataonline\",\"https:\\\/\\\/mastodon.social\\\/@ubirataonline\",\"https:\\\/\\\/www.facebook.com\\\/groups\\\/311144672285604\",\"https:\\\/\\\/www.facebook.com\\\/UBTAOnline\",\"https:\\\/\\\/www.instagram.com\\\/portalubirataonline\\\/\",\"https:\\\/\\\/twitter.com\\\/ubirataonline\"],\"description\":\"Somos um portal de not\u00edcias independente, criado em 5 de janeiro de 2009, com o objetivo de informar, conectar e valorizar a nossa comunidade de Ubirat\u00e3 e toda aregi\u00e3o. Com conte\u00fado atualizado, confi\u00e1vel e relevante, o Ubirat\u00e3 Online \u00e9 o seu espa\u00e7o para ficar por dentro dos principais acontecimentos locais, regionais, Brasil, Mundo e de interesse geral. Nosso compromisso \u00e9 com a verdade, a transpar\u00eancia e o respeito ao leitor.\",\"legalName\":\"UBIRATA ONLINE NOT\u00cdCIAS\",\"foundingDate\":\"2009-01-05\",\"numberOfEmployees\":{\"@type\":\"QuantitativeValue\",\"minValue\":\"1\",\"maxValue\":\"10\"},\"publishingPrinciples\":\"https:\\\/\\\/ubirataonline.com.br\\\/faq\\\/\",\"address\":{\"@id\":\"https:\\\/\\\/ubirataonline.com.br\\\/governo-exonera-16-ministros-de-estado-em-semana-final-do-prazo-para-desincompatibilizacao\\\/#local-main-place-address\"},\"geo\":{\"@type\":\"GeoCoordinates\",\"latitude\":\"-24.5361401\",\"longitude\":\"-52.9921776\"},\"telephone\":[\"+5544998308235\"],\"contactPoint\":{\"@type\":\"ContactPoint\",\"email\":\"contato@ubirataonline.com.br\"},\"openingHoursSpecification\":{\"@type\":\"OpeningHoursSpecification\",\"dayOfWeek\":[\"Monday\",\"Tuesday\",\"Wednesday\",\"Thursday\",\"Friday\",\"Saturday\",\"Sunday\"],\"opens\":\"00:00\",\"closes\":\"23:59\"},\"email\":\"contato@ubirataonline.com.br\",\"vatID\":\"47.621.418\\\/0001-80\"},{\"@type\":\"Person\",\"@id\":\"https:\\\/\\\/ubirataonline.com.br\\\/#\\\/schema\\\/person\\\/372f87bbd3fdd79b8556b84c98d0bc1c\",\"name\":\"REDA\u00c7\u00c3O: UBIRAT\u00c3 ONLINE - F\u00c1BIO AUGUSTO CELESTINO\",\"pronouns\":\"Ele\",\"description\":\"Desde 2003 trabalhando com not\u00edcias.\",\"sameAs\":[\"http:\\\/\\\/ubirataoline.com.br\",\"https:\\\/\\\/www.facebook.com\\\/portalubirataonline\",\"https:\\\/\\\/www.instagram.com\\\/ubirataonline_oficial\",\"https:\\\/\\\/x.com\\\/x.com\\\/ubirataonline\"],\"honorificPrefix\":\"Mr.\",\"honorificSuffix\":\"MD\",\"birthDate\":\"1980-06-16\",\"gender\":\"masculino\",\"award\":[\"V\u00e1rios pr\u00eamios de melhor portal da cidade\"],\"jobTitle\":\"Diretor\",\"url\":\"https:\\\/\\\/ubirataonline.com.br\\\/en\\\/author\\\/ubirataonline\\\/\"},{\"@type\":\"PostalAddress\",\"@id\":\"https:\\\/\\\/ubirataonline.com.br\\\/governo-exonera-16-ministros-de-estado-em-semana-final-do-prazo-para-desincompatibilizacao\\\/#local-main-place-address\",\"streetAddress\":\"Rua dos Coqueiros, 104 - Bairro Boa Vista, Rua dos Coqueiros, 104 Bairro Boa Vista\",\"addressLocality\":\"UBIRATA\",\"postalCode\":\"85440-000\",\"addressRegion\":\"PR\",\"addressCountry\":\"BR\"},{\"@type\":\"ImageObject\",\"inLanguage\":\"en-US\",\"@id\":\"https:\\\/\\\/ubirataonline.com.br\\\/governo-exonera-16-ministros-de-estado-em-semana-final-do-prazo-para-desincompatibilizacao\\\/#local-main-organization-logo\",\"url\":\"https:\\\/\\\/ubirataonline.com.br\\\/wp-content\\\/uploads\\\/2026\\\/06\\\/logoubirataonline-1.webp\",\"contentUrl\":\"https:\\\/\\\/ubirataonline.com.br\\\/wp-content\\\/uploads\\\/2026\\\/06\\\/logoubirataonline-1.webp\",\"width\":500,\"height\":500,\"caption\":\"Ubirat\u00e3 Online Not\u00edcias\"}]}<\/script>\n<meta name=\"geo.placename\" content=\"UBIRATA\" \/>\n<meta name=\"geo.position\" content=\"-24.5361401;-52.9921776\" \/>\n<meta name=\"geo.region\" content=\"Brazil\" \/>\n<!-- \/ Yoast SEO Premium plugin. -->","yoast_head_json":{"title":"Governo exonera 16 ministros de Estado em semana final do prazo para desincompatibiliza\u00e7\u00e3o - Ubirat\u00e3 Online Not\u00edcias - A realidade ao seu alcance!","description":"O governo federal exonerou nesta semana 16 ministros de Estado que estudam candidatura nas elei\u00e7\u00f5es de outubro. Segundo a legisla\u00e7\u00e3o eleitoral, quem ocupa","robots":{"index":"index","follow":"follow","max-snippet":"max-snippet:-1","max-image-preview":"max-image-preview:large","max-video-preview":"max-video-preview:-1"},"canonical":"https:\/\/ubirataonline.com.br\/en\/governo-exonera-16-ministros-de-estado-em-semana-final-do-prazo-para-desincompatibilizacao\/","og_locale":"en_US","og_type":"article","og_title":"Governo exonera 16 ministros de Estado em semana final do prazo para desincompatibiliza\u00e7\u00e3o","og_description":"O governo federal exonerou nesta semana 16 ministros de Estado que estudam candidatura nas elei\u00e7\u00f5es de outubro. Segundo a legisla\u00e7\u00e3o eleitoral, quem ocupa","og_url":"https:\/\/ubirataonline.com.br\/en\/governo-exonera-16-ministros-de-estado-em-semana-final-do-prazo-para-desincompatibilizacao\/","og_site_name":"Ubirat\u00e3 Online Not\u00edcias - A realidade ao seu alcance!","article_publisher":"https:\/\/www.facebook.com\/portalubirataonline","article_author":"https:\/\/www.facebook.com\/portalubirataonline","article_published_time":"2026-04-03T20:06:55+00:00","article_modified_time":"2026-04-03T20:06:57+00:00","og_image":[{"width":768,"height":461,"url":"https:\/\/ubirataonline.com.br\/wp-content\/uploads\/2026\/03\/Gilmar-ve-explicacao-insuficiente-e-da-72-horas-para-MPRJ.gif","type":"image\/gif"}],"author":"REDA\u00c7\u00c3O: UBIRAT\u00c3 ONLINE - F\u00c1BIO AUGUSTO CELESTINO","twitter_card":"summary_large_image","twitter_creator":"@x.com\/ubirataonline","twitter_site":"@ubirataonline","twitter_misc":{"Written by":"REDA\u00c7\u00c3O: UBIRAT\u00c3 ONLINE - F\u00c1BIO AUGUSTO CELESTINO","Est. reading time":"4 minutes"},"schema":{"@context":"https:\/\/schema.org","@graph":[{"@type":"NewsArticle","@id":"https:\/\/ubirataonline.com.br\/governo-exonera-16-ministros-de-estado-em-semana-final-do-prazo-para-desincompatibilizacao\/#article","isPartOf":{"@id":"https:\/\/ubirataonline.com.br\/governo-exonera-16-ministros-de-estado-em-semana-final-do-prazo-para-desincompatibilizacao\/"},"author":{"name":"REDA\u00c7\u00c3O: UBIRAT\u00c3 ONLINE - F\u00c1BIO AUGUSTO CELESTINO","@id":"https:\/\/ubirataonline.com.br\/#\/schema\/person\/372f87bbd3fdd79b8556b84c98d0bc1c"},"headline":"Governo exonera 16 ministros de Estado em semana final do prazo para desincompatibiliza\u00e7\u00e3o","datePublished":"2026-04-03T20:06:55+00:00","dateModified":"2026-04-03T20:06:57+00:00","mainEntityOfPage":{"@id":"https:\/\/ubirataonline.com.br\/governo-exonera-16-ministros-de-estado-em-semana-final-do-prazo-para-desincompatibilizacao\/"},"wordCount":898,"publisher":{"@id":"https:\/\/ubirataonline.com.br\/#organization"},"image":{"@id":"https:\/\/ubirataonline.com.br\/governo-exonera-16-ministros-de-estado-em-semana-final-do-prazo-para-desincompatibilizacao\/#primaryimage"},"thumbnailUrl":"https:\/\/ubirataonline.com.br\/wp-content\/uploads\/2026\/03\/Gilmar-ve-explicacao-insuficiente-e-da-72-horas-para-MPRJ.gif","keywords":["desincompatibiliza\u00e7\u00e3o","estado","exonera","final","Governo","ministros","para","prazo","semana"],"articleSection":["Ubirat\u00e3"],"inLanguage":"en-US","copyrightYear":"2026","copyrightHolder":{"@id":"https:\/\/ubirataonline.com.br\/en\/#organization"}},{"@type":"WebPage","@id":"https:\/\/ubirataonline.com.br\/governo-exonera-16-ministros-de-estado-em-semana-final-do-prazo-para-desincompatibilizacao\/","url":"https:\/\/ubirataonline.com.br\/governo-exonera-16-ministros-de-estado-em-semana-final-do-prazo-para-desincompatibilizacao\/","name":"Governo exonera 16 ministros de Estado em semana final do prazo para desincompatibiliza\u00e7\u00e3o - Ubirat\u00e3 Online Not\u00edcias - A realidade ao seu alcance!","isPartOf":{"@id":"https:\/\/ubirataonline.com.br\/#website"},"primaryImageOfPage":{"@id":"https:\/\/ubirataonline.com.br\/governo-exonera-16-ministros-de-estado-em-semana-final-do-prazo-para-desincompatibilizacao\/#primaryimage"},"image":{"@id":"https:\/\/ubirataonline.com.br\/governo-exonera-16-ministros-de-estado-em-semana-final-do-prazo-para-desincompatibilizacao\/#primaryimage"},"thumbnailUrl":"https:\/\/ubirataonline.com.br\/wp-content\/uploads\/2026\/03\/Gilmar-ve-explicacao-insuficiente-e-da-72-horas-para-MPRJ.gif","datePublished":"2026-04-03T20:06:55+00:00","dateModified":"2026-04-03T20:06:57+00:00","description":"O governo federal exonerou nesta semana 16 ministros de Estado que estudam candidatura nas elei\u00e7\u00f5es de outubro. Segundo a legisla\u00e7\u00e3o eleitoral, quem ocupa","breadcrumb":{"@id":"https:\/\/ubirataonline.com.br\/governo-exonera-16-ministros-de-estado-em-semana-final-do-prazo-para-desincompatibilizacao\/#breadcrumb"},"inLanguage":"en-US","potentialAction":[{"@type":"ReadAction","target":["https:\/\/ubirataonline.com.br\/governo-exonera-16-ministros-de-estado-em-semana-final-do-prazo-para-desincompatibilizacao\/"]}]},{"@type":"ImageObject","inLanguage":"en-US","@id":"https:\/\/ubirataonline.com.br\/governo-exonera-16-ministros-de-estado-em-semana-final-do-prazo-para-desincompatibilizacao\/#primaryimage","url":"https:\/\/ubirataonline.com.br\/wp-content\/uploads\/2026\/03\/Gilmar-ve-explicacao-insuficiente-e-da-72-horas-para-MPRJ.gif","contentUrl":"https:\/\/ubirataonline.com.br\/wp-content\/uploads\/2026\/03\/Gilmar-ve-explicacao-insuficiente-e-da-72-horas-para-MPRJ.gif","width":768,"height":461,"caption":"Gilmar v\u00ea explica\u00e7\u00e3o insuficiente e d\u00e1 72 horas para MPRJ explicar pagamento de penduricalhos"},{"@type":"BreadcrumbList","@id":"https:\/\/ubirataonline.com.br\/governo-exonera-16-ministros-de-estado-em-semana-final-do-prazo-para-desincompatibilizacao\/#breadcrumb","itemListElement":[{"@type":"ListItem","position":1,"name":"In\u00edcio","item":"https:\/\/ubirataonline.com.br\/"},{"@type":"ListItem","position":2,"name":"Governo exonera 16 ministros de Estado em semana final do prazo para desincompatibiliza\u00e7\u00e3o"}]},{"@type":"WebSite","@id":"https:\/\/ubirataonline.com.br\/#website","url":"https:\/\/ubirataonline.com.br\/","name":"Ubirat\u00e3 Online Not\u00edcias","description":"Not\u00edcias de Ubirat\u00e3, regi\u00e3o, Brasil e mundo, com informa\u00e7\u00e3o atualizada e compromisso com o leitor.","publisher":{"@id":"https:\/\/ubirataonline.com.br\/#organization"},"alternateName":"Ubirat\u00e3 Online","potentialAction":[{"@type":"SearchAction","target":{"@type":"EntryPoint","urlTemplate":"https:\/\/ubirataonline.com.br\/?s={search_term_string}"},"query-input":{"@type":"PropertyValueSpecification","valueRequired":true,"valueName":"search_term_string"}}],"inLanguage":"en-US"},{"@type":["Organization","Place"],"@id":"https:\/\/ubirataonline.com.br\/#organization","name":"Ubirat\u00e3 Online Not\u00edcias","alternateName":"Ubirat\u00e3 Online","url":"https:\/\/ubirataonline.com.br\/","logo":{"@id":"https:\/\/ubirataonline.com.br\/governo-exonera-16-ministros-de-estado-em-semana-final-do-prazo-para-desincompatibilizacao\/#local-main-organization-logo"},"image":{"@id":"https:\/\/ubirataonline.com.br\/governo-exonera-16-ministros-de-estado-em-semana-final-do-prazo-para-desincompatibilizacao\/#local-main-organization-logo"},"sameAs":["https:\/\/www.facebook.com\/portalubirataonline","https:\/\/x.com\/ubirataonline","https:\/\/mastodon.social\/@ubirataonline","https:\/\/www.facebook.com\/groups\/311144672285604","https:\/\/www.facebook.com\/UBTAOnline","https:\/\/www.instagram.com\/portalubirataonline\/","https:\/\/twitter.com\/ubirataonline"],"description":"Somos um portal de not\u00edcias independente, criado em 5 de janeiro de 2009, com o objetivo de informar, conectar e valorizar a nossa comunidade de Ubirat\u00e3 e toda aregi\u00e3o. Com conte\u00fado atualizado, confi\u00e1vel e relevante, o Ubirat\u00e3 Online \u00e9 o seu espa\u00e7o para ficar por dentro dos principais acontecimentos locais, regionais, Brasil, Mundo e de interesse geral. Nosso compromisso \u00e9 com a verdade, a transpar\u00eancia e o respeito ao leitor.","legalName":"UBIRATA ONLINE NOT\u00cdCIAS","foundingDate":"2009-01-05","numberOfEmployees":{"@type":"QuantitativeValue","minValue":"1","maxValue":"10"},"publishingPrinciples":"https:\/\/ubirataonline.com.br\/faq\/","address":{"@id":"https:\/\/ubirataonline.com.br\/governo-exonera-16-ministros-de-estado-em-semana-final-do-prazo-para-desincompatibilizacao\/#local-main-place-address"},"geo":{"@type":"GeoCoordinates","latitude":"-24.5361401","longitude":"-52.9921776"},"telephone":["+5544998308235"],"contactPoint":{"@type":"ContactPoint","email":"contato@ubirataonline.com.br"},"openingHoursSpecification":{"@type":"OpeningHoursSpecification","dayOfWeek":["Monday","Tuesday","Wednesday","Thursday","Friday","Saturday","Sunday"],"opens":"00:00","closes":"23:59"},"email":"contato@ubirataonline.com.br","vatID":"47.621.418\/0001-80"},{"@type":"Person","@id":"https:\/\/ubirataonline.com.br\/#\/schema\/person\/372f87bbd3fdd79b8556b84c98d0bc1c","name":"REDA\u00c7\u00c3O: UBIRAT\u00c3 ONLINE - F\u00c1BIO AUGUSTO CELESTINO","pronouns":"Ele","description":"Desde 2003 trabalhando com not\u00edcias.","sameAs":["http:\/\/ubirataoline.com.br","https:\/\/www.facebook.com\/portalubirataonline","https:\/\/www.instagram.com\/ubirataonline_oficial","https:\/\/x.com\/x.com\/ubirataonline"],"honorificPrefix":"Mr.","honorificSuffix":"MD","birthDate":"1980-06-16","gender":"masculino","award":["V\u00e1rios pr\u00eamios de melhor portal da cidade"],"jobTitle":"Diretor","url":"https:\/\/ubirataonline.com.br\/en\/author\/ubirataonline\/"},{"@type":"PostalAddress","@id":"https:\/\/ubirataonline.com.br\/governo-exonera-16-ministros-de-estado-em-semana-final-do-prazo-para-desincompatibilizacao\/#local-main-place-address","streetAddress":"Rua dos Coqueiros, 104 - Bairro Boa Vista, Rua dos Coqueiros, 104 Bairro Boa Vista","addressLocality":"UBIRATA","postalCode":"85440-000","addressRegion":"PR","addressCountry":"BR"},{"@type":"ImageObject","inLanguage":"en-US","@id":"https:\/\/ubirataonline.com.br\/governo-exonera-16-ministros-de-estado-em-semana-final-do-prazo-para-desincompatibilizacao\/#local-main-organization-logo","url":"https:\/\/ubirataonline.com.br\/wp-content\/uploads\/2026\/06\/logoubirataonline-1.webp","contentUrl":"https:\/\/ubirataonline.com.br\/wp-content\/uploads\/2026\/06\/logoubirataonline-1.webp","width":500,"height":500,"caption":"Ubirat\u00e3 Online Not\u00edcias"}]},"geo.placename":"UBIRATA","geo.position":{"lat":"-24.5361401","long":"-52.9921776"},"geo.region":"Brazil"},"_links":{"self":[{"href":"https:\/\/ubirataonline.com.br\/en\/wp-json\/wp\/v2\/posts\/99144","targetHints":{"allow":["GET"]}}],"collection":[{"href":"https:\/\/ubirataonline.com.br\/en\/wp-json\/wp\/v2\/posts"}],"about":[{"href":"https:\/\/ubirataonline.com.br\/en\/wp-json\/wp\/v2\/types\/post"}],"author":[{"embeddable":true,"href":"https:\/\/ubirataonline.com.br\/en\/wp-json\/wp\/v2\/users\/1"}],"replies":[{"embeddable":true,"href":"https:\/\/ubirataonline.com.br\/en\/wp-json\/wp\/v2\/comments?post=99144"}],"version-history":[{"count":0,"href":"https:\/\/ubirataonline.com.br\/en\/wp-json\/wp\/v2\/posts\/99144\/revisions"}],"wp:featuredmedia":[{"embeddable":true,"href":"https:\/\/ubirataonline.com.br\/en\/wp-json\/wp\/v2\/media\/92994"}],"wp:attachment":[{"href":"https:\/\/ubirataonline.com.br\/en\/wp-json\/wp\/v2\/media?parent=99144"}],"wp:term":[{"taxonomy":"category","embeddable":true,"href":"https:\/\/ubirataonline.com.br\/en\/wp-json\/wp\/v2\/categories?post=99144"},{"taxonomy":"post_tag","embeddable":true,"href":"https:\/\/ubirataonline.com.br\/en\/wp-json\/wp\/v2\/tags?post=99144"}],"curies":[{"name":"wp","href":"https:\/\/api.w.org\/{rel}","templated":true}]}}