{"id":99172,"date":"2026-04-03T20:53:52","date_gmt":"2026-04-03T23:53:52","guid":{"rendered":"https:\/\/ubirataonline.com.br\/cafe-de-mandaguari-no-parana-e-um-dos-mais-exclusivos-do-pais\/"},"modified":"2026-04-03T20:53:53","modified_gmt":"2026-04-03T23:53:53","slug":"cafe-de-mandaguari-no-parana-e-um-dos-mais-exclusivos-do-pais","status":"publish","type":"post","link":"https:\/\/ubirataonline.com.br\/en\/cafe-de-mandaguari-no-parana-e-um-dos-mais-exclusivos-do-pais\/","title":{"rendered":"Caf\u00e9 de Mandaguari, no Paran\u00e1, \u00e9 um dos mais exclusivos do pa\u00eds"},"content":{"rendered":"<p><\/p>\n<div id=\"post-content\">\n<p>\u201cEm lugar nenhum voc\u00ea encontra caf\u00e9 igual ao de Mandaguari\u201d, afirma o produtor <strong>Ant\u00f4nio Carlos Ricardo<\/strong>, de 62 anos, que dedicou a vida ao cultivo do gr\u00e3o na regi\u00e3o. A afirma\u00e7\u00e3o do cafeicultor vem do trabalho que est\u00e1 na fam\u00edlia h\u00e1 cerca de 100 anos e tamb\u00e9m da riqueza do <em>terroir<\/em> do Noroeste do Paran\u00e1, que garantiu o reconhecimento da bebida da regi\u00e3o. Mandaguari j\u00e1 ganhou t\u00edtulo de melhor caf\u00e9 do Brasil na categoria \u201cnatural\u201d, pelo concurso \u201cNosso Caf\u00e9 Yara\u201d em 2017 e 2018.<\/p>\n<p>Em 1\u00ba de julho de 2025, o <strong>Caf\u00e9 de Mandaguari <\/strong>conquistou o selo de <strong>Denomina\u00e7\u00e3o de Origem (DO)<\/strong>, um tipo de Indica\u00e7\u00e3o Geogr\u00e1fica (IG) concedida pelo Instituto Nacional da Propriedade Industrial (INPI). A DO reconhece produtos que possuem caracter\u00edsticas exclusivas, ligadas especialmente ao meio geogr\u00e1fico, como clima e solo. O Caf\u00e9 de Mandaguari foi o 20\u00ba produto paranaense a conquistar um selo do INPI. <\/p>\n<p>Esse reconhecimento abrange uma regi\u00e3o composta por seis cidades do Noroeste do Paran\u00e1: <strong>Mandaguari, Jandaia, Cambira, Marialva, Apucarana e Arapongas.<\/strong><\/p>\n<p>A produ\u00e7\u00e3o do caf\u00e9 nessas regi\u00f5es impacta toda a economia no estado. A cafeicultura paranaense \u00e9 composta por aproximadamente 8 mil produtores rurais, sendo que 85% deles exploram a atividade em regime de agricultura familiar.<\/p>\n<p>Em 2025, o valor da saca chegou a atingir R$ 2.083,57. Conforme dados do Departamento de Economia Rural (Deral), da Secretaria de Estado da Agricultura e do Abastecimento (Seab), a cultura voltou a superar o patamar do bilh\u00e3o, passando de R$ 563 milh\u00f5es para R$ 1,1 bilh\u00e3o em 2024.<\/p>\n<h2 class=\"wp-block-heading\" id=\"h-tradicao-familiar-e-novos-caminhos-para-o-cafe-de-mandaguari\">Tradi\u00e7\u00e3o familiar e novos caminhos para o caf\u00e9 de Mandaguari<\/h2>\n<p>\u00c9 em Mandaguari que Ant\u00f4nio Carlos continua com a atividade familiar que come\u00e7ou com o av\u00f4 dele. Desde crian\u00e7a acompanhando o trabalho na terra, o produtor carrega muita experi\u00eancia: o trabalho totalmente manual e o avan\u00e7o das m\u00e1quinas, as dificuldades dos produtores ap\u00f3s a Geada Negra em 1975, os anos fartos de colheita e, mais recentemente, o <strong>caf\u00e9 especial<\/strong>.<\/p>\n<p>Com o reconhecimento do INPI, Ant\u00f4nio Carlos acredita que os produtores da regi\u00e3o de Mandaguari conseguir\u00e3o agregar mais valor aos gr\u00e3os especiais. <\/p>\n<figure class=\"wp-block-image size-post_image\"><figcaption class=\"wp-element-caption\">Foto: Ricardo Ribeiro\/AEN<\/figcaption><\/figure>\n<p>Produtor rural e tamb\u00e9m presidente da\u00a0Associa\u00e7\u00e3o dos Produtores de Caf\u00e9 de Mandaguari, <strong>Fernando Rosseto<\/strong>, conta que, ap\u00f3s a conquista da IG, o objetivo da Associa\u00e7\u00e3o \u00e9 especializar os produtores locais na cafeicultura especial.<\/p>\n<p>Embora a conquista do selo ainda n\u00e3o tenha completado um ano, o presidente da Associa\u00e7\u00e3o garante que j\u00e1 \u00e9 poss\u00edvel observar uma mudan\u00e7a positiva no quadro de associados, que passou de 20, antes do reconhecimento da IG, para 46. \u201cA gente estava com tr\u00eas produtores com caf\u00e9s especiais, hoje estamos com dez, em quest\u00e3o de sete meses\u201d, aponta.<\/p>\n<h2 class=\"wp-block-heading\" id=\"h-o-que-faz-o-cafe-de-mandaguari-ser-especial\">O que faz o caf\u00e9 de Mandaguari ser especial<\/h2>\n<ul class=\"wp-block-list\">\n<li>Lavouras acima de 600 metros de altitude, permitindo invernos frios e secos, ver\u00f5es quentes e \u00famidos, condi\u00e7\u00f5es que fazem os gr\u00e3os amadurecerem de forma lenta e equilibrada, garantindo alta do\u00e7ura na mucilagem.<\/li>\n<li>Terra roxa e f\u00e9rtil devido \u00e0 presen\u00e7a de minerais.<\/li>\n<li>Aus\u00eancia ou pequena presen\u00e7a de bact\u00e9rias. Esses microrganismos podem fermentar rapidamente e produzir \u00e1cidos indesej\u00e1veis. No caf\u00e9 de Mandaguari, a baixa atua\u00e7\u00e3o faz com que os a\u00e7\u00facares naturais do caf\u00e9 n\u00e3o sejam perdidos e caramelizem durante a torra.<\/li>\n<li>Agricultura familiar, fortalecendo a t\u00e9cnica local.<\/li>\n<\/ul>\n<p>O sabor do caf\u00e9 de Mandaguari carrega <strong>notas florais e frutadas, mais c\u00edtrico, com sensorial para caramelo e chocolate e acidez suave.<\/strong><\/p>\n<h2 class=\"wp-block-heading\" id=\"h-a-bebida-do-brasil\">A bebida do Brasil<\/h2>\n<p>Presente no cotidiano do pa\u00eds, o caf\u00e9 \u00e9 consumido diariamente por 96% dos brasileiros, segundo pesquisa de 2025 do Instituto Axxus para a Associa\u00e7\u00e3o Brasileira da Ind\u00fastria de Caf\u00e9 (Abic).<\/p>\n<p>A pesquisa, que ouviu 4.200 pessoas em setembro do ano passado, tamb\u00e9m revela que 87% dos entrevistados acredita que o produto com o selo de qualidade Abic \u00e9 melhor. Ou seja, o consumidor demonstra interesse em qualidade, o que d\u00e1 margem para os gr\u00e3os gourmets e especiais.<\/p>\n<p>Contudo, apesar de ser mais valorizado, o caf\u00e9 especial tamb\u00e9m exige mais cuidados dos produtores.<\/p>\n<p>Fernando Rosseto explica que o <strong>gr\u00e3o do caf\u00e9 especial \u00e9 bastante selecionado.<\/strong> Ele precisa ser colhido quando est\u00e1 maduro e passar pelo processo correto de secagem e torra, o que garante um sabor diferente do caf\u00e9 comum.<\/p>\n<figure class=\"wp-block-image size-post_image\"><img loading=\"lazy\" decoding=\"async\" width=\"770\" height=\"440\" src=\"https:\/\/www.tribunapr.com.br\/wp-content\/uploads\/2026\/03\/24212745\/cafe-mandaguari-770x440.jpg\" alt=\"\" class=\"wp-image-3711463\" srcset=\"https:\/\/www.tribunapr.com.br\/wp-content\/uploads\/2026\/03\/24212745\/cafe-mandaguari-770x440.jpg 770w, https:\/\/www.tribunapr.com.br\/wp-content\/uploads\/2026\/03\/24212745\/cafe-mandaguari-370x210.jpg 370w, https:\/\/www.tribunapr.com.br\/wp-content\/uploads\/2026\/03\/24212745\/cafe-mandaguari-570x325.jpg 570w\" sizes=\"auto, (max-width: 770px) 100vw, 770px\"\/><figcaption class=\"wp-element-caption\">Foto: Ricardo Ribeiro\/AEN<\/figcaption><\/figure>\n<p>O produtor conta que o caf\u00e9 especial representa, no m\u00e1ximo, 30% da produ\u00e7\u00e3o dele. \u201cPara ter uma ideia, esse ano foi fraco, eu consegui colher 15% apenas da safra toda como especial. Esse trabalho que o produtor faz de colher, muitas vezes de gr\u00e3o em gr\u00e3o, faz com que o trabalho seja diferenciado\u201d.<\/p>\n<p>Ant\u00f4nio Carlos confirma que \u201cs\u00f3 caf\u00e9 gra\u00fado entra no especial\u201d. Apesar de ser mais trabalhoso, ele diz que a produ\u00e7\u00e3o compensa principalmente nos casos em que o produtor consegue torrar, moer e vender. Comparando os valores das sacas, ele explica que se o caf\u00e9 normal custar R$ 2 mil, \u00e9 poss\u00edvel vender a saca de caf\u00e9 especial por cerca de R$ 3 mil, R$ 3,3 mil.<\/p>\n<h2 class=\"wp-block-heading\" id=\"h-capital-do-cafe\">Capital do Caf\u00e9<\/h2>\n<p>A bebida \u00e9 t\u00e3o importante para Mandaguari que desde 2012 a cidade carrega o t\u00edtulo de <strong>Capital do Caf\u00e9 no Paran\u00e1<\/strong>.<\/p>\n<p>Ant\u00f4nio Carlos admite que o trabalho n\u00e3o \u00e9 f\u00e1cil e que os gr\u00e3os exigem aten\u00e7\u00e3o todos os dias do ano. Mas, como ele mesmo diz: \u201ca gente tem a raiz\u201d. \u201cCaf\u00e9 \u00e9 tudo. O pouco que a gente tem a gente conseguiu com a lavoura de caf\u00e9. Mant\u00e9m a fam\u00edlia com a planta\u00e7\u00e3o\u201d.<\/p>\n<p>Fernando compartilha do mesmo sentimento. Quarta gera\u00e7\u00e3o da fam\u00edlia no trabalho, para ele a cafeicultura \u00e9 vida. \u201cMinha fam\u00edlia est\u00e1 aqui desde 1952. Desde pequeno eu vejo o amor que meu pai, meus tios, meus av\u00f3s tiveram. A gente pega esse amor e quer dar sequ\u00eancia na atividade, para n\u00e3o deixar se perder essa cultura que a gente ama tanto. Para n\u00f3s \u00e9 orgulho falar que somos cafeicultores no Paran\u00e1.\u201d<\/p>\n<section class=\"virals\">\n<article class=\"cardnews cardnews--post cardnews--has-thumbnail cardnews--editorial-noticias\"> <a href=\"https:\/\/www.tribunapr.com.br\/noticias\/curitiba-regiao\/vereador-perdeu-pia-e-investigado-por-usar-gm-para-se-autopromove?utm_source=noticias-virais-rodape&amp;utm_medium=internal-tribuna&amp;utm_campaign=tribuna\" class=\"cardnews__postlink\"> <\/p>\n<div class=\"cardnews__image\" is-api-thumb=\"\"><img decoding=\"async\" src=\"https:\/\/www.tribunapr.com.br\/wp-content\/uploads\/2026\/03\/27182231\/perdeu-pia-GM-370x210.jpeg\" loading=\"lazy\" alt=\"Vereador Perdeu Pi\u00e1 \u00e9 investigado por usar GM para se autopromover\"\/><\/div>\n<div class=\"cardnews__content cardhome__content\">\n<div class=\"cardnews__content-wrapper\">\n<p> <span style=\"\"> De olho! <\/span> <\/p>\n<p>Vereador Perdeu Pi\u00e1 \u00e9 investigado por usar GM para se autopromover<\/p>\n<\/p><\/div>\n<\/p><\/div>\n<p> <\/a> <\/article>\n<article class=\"cardnews cardnews--post cardnews--has-thumbnail cardnews--editorial-noticias\"> <a href=\"https:\/\/www.tribunapr.com.br\/noticias\/parana\/parana-pode-sentir-efeitos-do-el-nino-a-partir-de-julho-o-que-esperar\/?utm_source=noticias-virais-rodape&amp;utm_medium=internal-tribuna&amp;utm_campaign=tribuna\" class=\"cardnews__postlink\"> <\/p>\n<div class=\"cardnews__image\" is-api-thumb=\"\"><img decoding=\"async\" src=\"https:\/\/www.tribunapr.com.br\/wp-content\/uploads\/2026\/02\/20182305\/chuvas-370x210.jpg\" loading=\"lazy\" alt=\"Paran\u00e1 pode sentir efeitos do El Ni\u00f1o a partir de julho; o que esperar\"\/><\/div>\n<div class=\"cardnews__content cardhome__content\">\n<div class=\"cardnews__content-wrapper\">\n<p> <span style=\"\"> Alerta <\/span> <\/p>\n<p>Paran\u00e1 pode sentir efeitos do El Ni\u00f1o a partir de julho; o que esperar<\/p>\n<\/p><\/div>\n<\/p><\/div>\n<p> <\/a> <\/article>\n<article class=\"cardnews cardnews--post cardnews--has-thumbnail cardnews--editorial-noticias\"> <a href=\"https:\/\/www.tribunapr.com.br\/noticias\/parana\/roteiro-inusitado-parana-coleciona-estatuas-peculiares-pelo-interior\/ C?utm_source=noticias-virais-rodape&amp;utm_medium=internal-tribuna&amp;utm_campaign=tribuna\" class=\"cardnews__postlink\"> <\/p>\n<div class=\"cardnews__image\" is-api-thumb=\"\"><img decoding=\"async\" src=\"https:\/\/www.tribunapr.com.br\/wp-content\/uploads\/2026\/01\/15072039\/falecimentos-em-curitiba-370x210.jpg\" loading=\"lazy\" alt=\"Roteiro inusitado: Paran\u00e1 coleciona est\u00e1tuas peculiares pelo interior \"\/><\/div>\n<div class=\"cardnews__content cardhome__content\">\n<div class=\"cardnews__content-wrapper\">\n<p> <span style=\"\"> Belezas do Paran\u00e1 <\/span> <\/p>\n<p>Roteiro inusitado: Paran\u00e1 coleciona est\u00e1tuas peculiares pelo interior <\/p>\n<\/p><\/div>\n<\/p><\/div>\n<p> <\/a> <\/article>\n<\/section>\n<div id=\"tribuna-follow-cta\">\n<p> <span class=\"cta-title\">Siga a <span class=\"tribuna-color\">Tribuna<\/span> no Google, e acompanhe as \u00faltimas not\u00edcias de Curitiba e regi\u00e3o!<\/span> <\/p>\n<p> <a href=\"https:\/\/profile.google.com\/cp\/CgwvZy8xMmxxajUzM3Mac2h0dHBzOi8vd3d3LnRyaWJ1bmFwci5jb20uYnIvdml2YS92aXRyaW5lL2dpZ2FudGUtZG8tdmVzdHVhcmlvLXJlaW5hdWd1cmEtbG9qYS1lbS1zaG9wcGluZy10cmFkaWNpb25hbC1kZS1jdXJpdGliYS8iElRyaWJ1bmEgZG8gUGFyYW7DoSqAAwrHAWh0dHBzOi8vZW5jcnlwdGVkLXRibjIuZ3N0YXRpYy5jb20vZmF2aWNvbi10Ym4_cT10Ym46QU5kOUdjUVJPbjVDRjR6TzJPbkUwTXZrRlRCRTY2U0g1bGlaVDRaZTV3bWNKeU5GRm1BSnluM01nNU9PR3BXY1pYMzZwYU5HUWtsZ09JVEFLTTNNZVNGbTc1aWp6M3k2ajUtQ3M2b25kX2JUcFFQQkVLd3RsUjBsTmJESnUtVHhrNXQtbFlCNlVpOWZSVVFjT2cSswFodHRwczovL2VuY3J5cHRlZC10Ym4zLmdzdGF0aWMuY29tL2Zhdmljb24tdGJuP3E9dGJuJTNBQU5kOUdjU0FMaWJ2eFF0YXdFMFRueVdWWmVKRS1MZEdRZjVTUi1OZ2RMazhyZzIwVy1nM0JuQ1F4VDNKZFBjRXR2THdBeVRxUDJEdHVycEdVR29CQkxpYzM5al9wSmFxRERaMHNCYW05WEVhSGVsMmZTQmdKdlF4WWVyMw\" target=\"_blank\" title=\"Seguir a Tribuna no Google\">  <\/a> <\/div>\n<\/p><\/div>\n<p><a href=\"https:\/\/www.tribunapr.com.br\/noticias\/parana\/cafe-produzido-noroeste-do-parana-esta-entre-exclusivos-brasil\/\">Fonte do Artigo <\/a><\/p>","protected":false},"excerpt":{"rendered":"<p>\u201cEm lugar nenhum voc\u00ea encontra caf\u00e9 igual ao de Mandaguari\u201d, afirma o produtor Ant\u00f4nio Carlos Ricardo, de 62 anos, que dedicou a vida ao cultivo do gr\u00e3o na regi\u00e3o. A afirma\u00e7\u00e3o do cafeicultor vem do trabalho que est\u00e1 na fam\u00edlia h\u00e1 cerca de 100 anos e tamb\u00e9m da riqueza do terroir do Noroeste do Paran\u00e1, [&hellip;]<\/p>\n","protected":false},"author":1,"featured_media":99173,"comment_status":"closed","ping_status":"","sticky":false,"template":"","format":"standard","meta":{"googlesitekit_rrm_CAow2JLhCw:productID":"","_gspb_post_css":"","maa_idioma":"","maa_pais":"","footnotes":""},"categories":[1],"tags":[2803,3113,18696,2926,24766,3598,90],"class_list":["post-99172","post","type-post","status-publish","format-standard","has-post-thumbnail","hentry","category-ubirata","tag-cafe","tag-dos","tag-exclusivos","tag-mais","tag-mandaguari","tag-pais","tag-parana"],"blocksy_meta":[],"yoast_head":"<!-- This site is optimized with the Yoast SEO Premium plugin v27.6 (Yoast SEO v27.6) - https:\/\/yoast.com\/product\/yoast-seo-premium-wordpress\/ -->\n<title>Caf\u00e9 de Mandaguari, no Paran\u00e1, \u00e9 um dos mais exclusivos do pa\u00eds - Ubirat\u00e3 Online Not\u00edcias - A realidade ao seu alcance!<\/title>\n<meta name=\"description\" content=\"\u201cEm lugar nenhum voc\u00ea encontra caf\u00e9 igual ao de Mandaguari\u201d, afirma o produtor Ant\u00f4nio Carlos Ricardo, de 62 anos, que dedicou a vida ao cultivo do gr\u00e3o\" \/>\n<meta name=\"robots\" content=\"index, follow, max-snippet:-1, max-image-preview:large, max-video-preview:-1\" \/>\n<link rel=\"canonical\" href=\"https:\/\/ubirataonline.com.br\/en\/cafe-de-mandaguari-no-parana-e-um-dos-mais-exclusivos-do-pais\/\" \/>\n<meta property=\"og:locale\" content=\"en_US\" \/>\n<meta property=\"og:type\" content=\"article\" \/>\n<meta property=\"og:title\" content=\"Caf\u00e9 de Mandaguari, no Paran\u00e1, \u00e9 um dos mais exclusivos do pa\u00eds\" \/>\n<meta property=\"og:description\" content=\"\u201cEm lugar nenhum voc\u00ea encontra caf\u00e9 igual ao de Mandaguari\u201d, afirma o produtor Ant\u00f4nio Carlos Ricardo, de 62 anos, que dedicou a vida ao cultivo do gr\u00e3o\" \/>\n<meta property=\"og:url\" content=\"https:\/\/ubirataonline.com.br\/en\/cafe-de-mandaguari-no-parana-e-um-dos-mais-exclusivos-do-pais\/\" \/>\n<meta property=\"og:site_name\" content=\"Ubirat\u00e3 Online Not\u00edcias - A realidade ao seu alcance!\" \/>\n<meta property=\"article:publisher\" content=\"https:\/\/www.facebook.com\/portalubirataonline\" \/>\n<meta property=\"article:author\" content=\"https:\/\/www.facebook.com\/portalubirataonline\" \/>\n<meta property=\"article:published_time\" content=\"2026-04-03T23:53:52+00:00\" \/>\n<meta property=\"article:modified_time\" content=\"2026-04-03T23:53:53+00:00\" \/>\n<meta property=\"og:image\" content=\"https:\/\/ubirataonline.com.br\/wp-content\/uploads\/2026\/04\/Cafe-de-Mandaguari-no-Parana-e-um-dos-mais-exclusivos.jpg\" \/>\n\t<meta property=\"og:image:width\" content=\"1200\" \/>\n\t<meta property=\"og:image:height\" content=\"800\" \/>\n\t<meta property=\"og:image:type\" content=\"image\/jpeg\" \/>\n<meta name=\"author\" content=\"REDA\u00c7\u00c3O: UBIRAT\u00c3 ONLINE - F\u00c1BIO AUGUSTO CELESTINO\" \/>\n<meta name=\"twitter:card\" content=\"summary_large_image\" \/>\n<meta name=\"twitter:creator\" content=\"@x.com\/ubirataonline\" \/>\n<meta name=\"twitter:site\" content=\"@ubirataonline\" \/>\n<meta name=\"twitter:label1\" content=\"Written by\" \/>\n\t<meta name=\"twitter:data1\" content=\"REDA\u00c7\u00c3O: UBIRAT\u00c3 ONLINE - F\u00c1BIO AUGUSTO CELESTINO\" \/>\n\t<meta name=\"twitter:label2\" content=\"Est. reading time\" \/>\n\t<meta name=\"twitter:data2\" content=\"5 minutes\" \/>\n<script type=\"application\/ld+json\" class=\"yoast-schema-graph\">{\"@context\":\"https:\\\/\\\/schema.org\",\"@graph\":[{\"@type\":\"NewsArticle\",\"@id\":\"https:\\\/\\\/ubirataonline.com.br\\\/cafe-de-mandaguari-no-parana-e-um-dos-mais-exclusivos-do-pais\\\/#article\",\"isPartOf\":{\"@id\":\"https:\\\/\\\/ubirataonline.com.br\\\/cafe-de-mandaguari-no-parana-e-um-dos-mais-exclusivos-do-pais\\\/\"},\"author\":{\"name\":\"REDA\u00c7\u00c3O: UBIRAT\u00c3 ONLINE - F\u00c1BIO AUGUSTO CELESTINO\",\"@id\":\"https:\\\/\\\/ubirataonline.com.br\\\/#\\\/schema\\\/person\\\/372f87bbd3fdd79b8556b84c98d0bc1c\"},\"headline\":\"Caf\u00e9 de Mandaguari, no Paran\u00e1, \u00e9 um dos mais exclusivos do pa\u00eds\",\"datePublished\":\"2026-04-03T23:53:52+00:00\",\"dateModified\":\"2026-04-03T23:53:53+00:00\",\"mainEntityOfPage\":{\"@id\":\"https:\\\/\\\/ubirataonline.com.br\\\/cafe-de-mandaguari-no-parana-e-um-dos-mais-exclusivos-do-pais\\\/\"},\"wordCount\":1075,\"publisher\":{\"@id\":\"https:\\\/\\\/ubirataonline.com.br\\\/#organization\"},\"image\":{\"@id\":\"https:\\\/\\\/ubirataonline.com.br\\\/cafe-de-mandaguari-no-parana-e-um-dos-mais-exclusivos-do-pais\\\/#primaryimage\"},\"thumbnailUrl\":\"https:\\\/\\\/ubirataonline.com.br\\\/wp-content\\\/uploads\\\/2026\\\/04\\\/Cafe-de-Mandaguari-no-Parana-e-um-dos-mais-exclusivos.jpg\",\"keywords\":[\"Caf\u00e9\",\"dos\",\"exclusivos\",\"mais\",\"Mandaguari\",\"pa\u00eds\",\"paran\u00e1\"],\"articleSection\":[\"Ubirat\u00e3\"],\"inLanguage\":\"en-US\",\"copyrightYear\":\"2026\",\"copyrightHolder\":{\"@id\":\"https:\\\/\\\/ubirataonline.com.br\\\/en\\\/#organization\"}},{\"@type\":\"WebPage\",\"@id\":\"https:\\\/\\\/ubirataonline.com.br\\\/cafe-de-mandaguari-no-parana-e-um-dos-mais-exclusivos-do-pais\\\/\",\"url\":\"https:\\\/\\\/ubirataonline.com.br\\\/cafe-de-mandaguari-no-parana-e-um-dos-mais-exclusivos-do-pais\\\/\",\"name\":\"Caf\u00e9 de Mandaguari, no Paran\u00e1, \u00e9 um dos mais exclusivos do pa\u00eds - Ubirat\u00e3 Online Not\u00edcias - A realidade ao seu alcance!\",\"isPartOf\":{\"@id\":\"https:\\\/\\\/ubirataonline.com.br\\\/#website\"},\"primaryImageOfPage\":{\"@id\":\"https:\\\/\\\/ubirataonline.com.br\\\/cafe-de-mandaguari-no-parana-e-um-dos-mais-exclusivos-do-pais\\\/#primaryimage\"},\"image\":{\"@id\":\"https:\\\/\\\/ubirataonline.com.br\\\/cafe-de-mandaguari-no-parana-e-um-dos-mais-exclusivos-do-pais\\\/#primaryimage\"},\"thumbnailUrl\":\"https:\\\/\\\/ubirataonline.com.br\\\/wp-content\\\/uploads\\\/2026\\\/04\\\/Cafe-de-Mandaguari-no-Parana-e-um-dos-mais-exclusivos.jpg\",\"datePublished\":\"2026-04-03T23:53:52+00:00\",\"dateModified\":\"2026-04-03T23:53:53+00:00\",\"description\":\"\u201cEm lugar nenhum voc\u00ea encontra caf\u00e9 igual ao de Mandaguari\u201d, afirma o produtor Ant\u00f4nio Carlos Ricardo, de 62 anos, que dedicou a vida ao cultivo do gr\u00e3o\",\"breadcrumb\":{\"@id\":\"https:\\\/\\\/ubirataonline.com.br\\\/cafe-de-mandaguari-no-parana-e-um-dos-mais-exclusivos-do-pais\\\/#breadcrumb\"},\"inLanguage\":\"en-US\",\"potentialAction\":[{\"@type\":\"ReadAction\",\"target\":[\"https:\\\/\\\/ubirataonline.com.br\\\/cafe-de-mandaguari-no-parana-e-um-dos-mais-exclusivos-do-pais\\\/\"]}]},{\"@type\":\"ImageObject\",\"inLanguage\":\"en-US\",\"@id\":\"https:\\\/\\\/ubirataonline.com.br\\\/cafe-de-mandaguari-no-parana-e-um-dos-mais-exclusivos-do-pais\\\/#primaryimage\",\"url\":\"https:\\\/\\\/ubirataonline.com.br\\\/wp-content\\\/uploads\\\/2026\\\/04\\\/Cafe-de-Mandaguari-no-Parana-e-um-dos-mais-exclusivos.jpg\",\"contentUrl\":\"https:\\\/\\\/ubirataonline.com.br\\\/wp-content\\\/uploads\\\/2026\\\/04\\\/Cafe-de-Mandaguari-no-Parana-e-um-dos-mais-exclusivos.jpg\",\"width\":1200,\"height\":800,\"caption\":\"Foto: Ricardo Ribeiro\\\/AEN\"},{\"@type\":\"BreadcrumbList\",\"@id\":\"https:\\\/\\\/ubirataonline.com.br\\\/cafe-de-mandaguari-no-parana-e-um-dos-mais-exclusivos-do-pais\\\/#breadcrumb\",\"itemListElement\":[{\"@type\":\"ListItem\",\"position\":1,\"name\":\"In\u00edcio\",\"item\":\"https:\\\/\\\/ubirataonline.com.br\\\/\"},{\"@type\":\"ListItem\",\"position\":2,\"name\":\"Caf\u00e9 de Mandaguari, no Paran\u00e1, \u00e9 um dos mais exclusivos do pa\u00eds\"}]},{\"@type\":\"WebSite\",\"@id\":\"https:\\\/\\\/ubirataonline.com.br\\\/#website\",\"url\":\"https:\\\/\\\/ubirataonline.com.br\\\/\",\"name\":\"Ubirat\u00e3 Online Not\u00edcias\",\"description\":\"Not\u00edcias de Ubirat\u00e3, regi\u00e3o, Brasil e mundo, com informa\u00e7\u00e3o atualizada e compromisso com o leitor.\",\"publisher\":{\"@id\":\"https:\\\/\\\/ubirataonline.com.br\\\/#organization\"},\"alternateName\":\"Ubirat\u00e3 Online\",\"potentialAction\":[{\"@type\":\"SearchAction\",\"target\":{\"@type\":\"EntryPoint\",\"urlTemplate\":\"https:\\\/\\\/ubirataonline.com.br\\\/?s={search_term_string}\"},\"query-input\":{\"@type\":\"PropertyValueSpecification\",\"valueRequired\":true,\"valueName\":\"search_term_string\"}}],\"inLanguage\":\"en-US\"},{\"@type\":[\"Organization\",\"Place\"],\"@id\":\"https:\\\/\\\/ubirataonline.com.br\\\/#organization\",\"name\":\"Ubirat\u00e3 Online Not\u00edcias\",\"alternateName\":\"Ubirat\u00e3 Online\",\"url\":\"https:\\\/\\\/ubirataonline.com.br\\\/\",\"logo\":{\"@id\":\"https:\\\/\\\/ubirataonline.com.br\\\/cafe-de-mandaguari-no-parana-e-um-dos-mais-exclusivos-do-pais\\\/#local-main-organization-logo\"},\"image\":{\"@id\":\"https:\\\/\\\/ubirataonline.com.br\\\/cafe-de-mandaguari-no-parana-e-um-dos-mais-exclusivos-do-pais\\\/#local-main-organization-logo\"},\"sameAs\":[\"https:\\\/\\\/www.facebook.com\\\/portalubirataonline\",\"https:\\\/\\\/x.com\\\/ubirataonline\",\"https:\\\/\\\/mastodon.social\\\/@ubirataonline\",\"https:\\\/\\\/www.facebook.com\\\/groups\\\/311144672285604\",\"https:\\\/\\\/www.facebook.com\\\/UBTAOnline\",\"https:\\\/\\\/www.instagram.com\\\/portalubirataonline\\\/\",\"https:\\\/\\\/twitter.com\\\/ubirataonline\"],\"description\":\"Somos um portal de not\u00edcias independente, criado em 5 de janeiro de 2009, com o objetivo de informar, conectar e valorizar a nossa comunidade de Ubirat\u00e3 e toda aregi\u00e3o. Com conte\u00fado atualizado, confi\u00e1vel e relevante, o Ubirat\u00e3 Online \u00e9 o seu espa\u00e7o para ficar por dentro dos principais acontecimentos locais, regionais, Brasil, Mundo e de interesse geral. Nosso compromisso \u00e9 com a verdade, a transpar\u00eancia e o respeito ao leitor.\",\"legalName\":\"UBIRATA ONLINE NOT\u00cdCIAS\",\"foundingDate\":\"2009-01-05\",\"numberOfEmployees\":{\"@type\":\"QuantitativeValue\",\"minValue\":\"1\",\"maxValue\":\"10\"},\"publishingPrinciples\":\"https:\\\/\\\/ubirataonline.com.br\\\/faq\\\/\",\"address\":{\"@id\":\"https:\\\/\\\/ubirataonline.com.br\\\/cafe-de-mandaguari-no-parana-e-um-dos-mais-exclusivos-do-pais\\\/#local-main-place-address\"},\"geo\":{\"@type\":\"GeoCoordinates\",\"latitude\":\"-24.5361401\",\"longitude\":\"-52.9921776\"},\"telephone\":[\"+5544998308235\"],\"contactPoint\":{\"@type\":\"ContactPoint\",\"email\":\"contato@ubirataonline.com.br\"},\"openingHoursSpecification\":{\"@type\":\"OpeningHoursSpecification\",\"dayOfWeek\":[\"Monday\",\"Tuesday\",\"Wednesday\",\"Thursday\",\"Friday\",\"Saturday\",\"Sunday\"],\"opens\":\"00:00\",\"closes\":\"23:59\"},\"email\":\"contato@ubirataonline.com.br\",\"vatID\":\"47.621.418\\\/0001-80\"},{\"@type\":\"Person\",\"@id\":\"https:\\\/\\\/ubirataonline.com.br\\\/#\\\/schema\\\/person\\\/372f87bbd3fdd79b8556b84c98d0bc1c\",\"name\":\"REDA\u00c7\u00c3O: UBIRAT\u00c3 ONLINE - F\u00c1BIO AUGUSTO CELESTINO\",\"pronouns\":\"Ele\",\"description\":\"Desde 2003 trabalhando com not\u00edcias.\",\"sameAs\":[\"http:\\\/\\\/ubirataoline.com.br\",\"https:\\\/\\\/www.facebook.com\\\/portalubirataonline\",\"https:\\\/\\\/www.instagram.com\\\/ubirataonline_oficial\",\"https:\\\/\\\/x.com\\\/x.com\\\/ubirataonline\"],\"honorificPrefix\":\"Mr.\",\"honorificSuffix\":\"MD\",\"birthDate\":\"1980-06-16\",\"gender\":\"masculino\",\"award\":[\"V\u00e1rios pr\u00eamios de melhor portal da cidade\"],\"jobTitle\":\"Diretor\",\"url\":\"https:\\\/\\\/ubirataonline.com.br\\\/en\\\/author\\\/ubirataonline\\\/\"},{\"@type\":\"PostalAddress\",\"@id\":\"https:\\\/\\\/ubirataonline.com.br\\\/cafe-de-mandaguari-no-parana-e-um-dos-mais-exclusivos-do-pais\\\/#local-main-place-address\",\"streetAddress\":\"Rua dos Coqueiros, 104 - Bairro Boa Vista, Rua dos Coqueiros, 104 Bairro Boa Vista\",\"addressLocality\":\"UBIRATA\",\"postalCode\":\"85440-000\",\"addressRegion\":\"PR\",\"addressCountry\":\"BR\"},{\"@type\":\"ImageObject\",\"inLanguage\":\"en-US\",\"@id\":\"https:\\\/\\\/ubirataonline.com.br\\\/cafe-de-mandaguari-no-parana-e-um-dos-mais-exclusivos-do-pais\\\/#local-main-organization-logo\",\"url\":\"https:\\\/\\\/ubirataonline.com.br\\\/wp-content\\\/uploads\\\/2026\\\/06\\\/logoubirataonline-1.webp\",\"contentUrl\":\"https:\\\/\\\/ubirataonline.com.br\\\/wp-content\\\/uploads\\\/2026\\\/06\\\/logoubirataonline-1.webp\",\"width\":500,\"height\":500,\"caption\":\"Ubirat\u00e3 Online Not\u00edcias\"}]}<\/script>\n<meta name=\"geo.placename\" content=\"UBIRATA\" \/>\n<meta name=\"geo.position\" content=\"-24.5361401;-52.9921776\" \/>\n<meta name=\"geo.region\" content=\"Brazil\" \/>\n<!-- \/ Yoast SEO Premium plugin. -->","yoast_head_json":{"title":"Caf\u00e9 de Mandaguari, no Paran\u00e1, \u00e9 um dos mais exclusivos do pa\u00eds - Ubirat\u00e3 Online Not\u00edcias - A realidade ao seu alcance!","description":"\u201cEm lugar nenhum voc\u00ea encontra caf\u00e9 igual ao de Mandaguari\u201d, afirma o produtor Ant\u00f4nio Carlos Ricardo, de 62 anos, que dedicou a vida ao cultivo do gr\u00e3o","robots":{"index":"index","follow":"follow","max-snippet":"max-snippet:-1","max-image-preview":"max-image-preview:large","max-video-preview":"max-video-preview:-1"},"canonical":"https:\/\/ubirataonline.com.br\/en\/cafe-de-mandaguari-no-parana-e-um-dos-mais-exclusivos-do-pais\/","og_locale":"en_US","og_type":"article","og_title":"Caf\u00e9 de Mandaguari, no Paran\u00e1, \u00e9 um dos mais exclusivos do pa\u00eds","og_description":"\u201cEm lugar nenhum voc\u00ea encontra caf\u00e9 igual ao de Mandaguari\u201d, afirma o produtor Ant\u00f4nio Carlos Ricardo, de 62 anos, que dedicou a vida ao cultivo do gr\u00e3o","og_url":"https:\/\/ubirataonline.com.br\/en\/cafe-de-mandaguari-no-parana-e-um-dos-mais-exclusivos-do-pais\/","og_site_name":"Ubirat\u00e3 Online Not\u00edcias - A realidade ao seu alcance!","article_publisher":"https:\/\/www.facebook.com\/portalubirataonline","article_author":"https:\/\/www.facebook.com\/portalubirataonline","article_published_time":"2026-04-03T23:53:52+00:00","article_modified_time":"2026-04-03T23:53:53+00:00","og_image":[{"width":1200,"height":800,"url":"https:\/\/ubirataonline.com.br\/wp-content\/uploads\/2026\/04\/Cafe-de-Mandaguari-no-Parana-e-um-dos-mais-exclusivos.jpg","type":"image\/jpeg"}],"author":"REDA\u00c7\u00c3O: UBIRAT\u00c3 ONLINE - F\u00c1BIO AUGUSTO CELESTINO","twitter_card":"summary_large_image","twitter_creator":"@x.com\/ubirataonline","twitter_site":"@ubirataonline","twitter_misc":{"Written by":"REDA\u00c7\u00c3O: UBIRAT\u00c3 ONLINE - F\u00c1BIO AUGUSTO CELESTINO","Est. reading time":"5 minutes"},"schema":{"@context":"https:\/\/schema.org","@graph":[{"@type":"NewsArticle","@id":"https:\/\/ubirataonline.com.br\/cafe-de-mandaguari-no-parana-e-um-dos-mais-exclusivos-do-pais\/#article","isPartOf":{"@id":"https:\/\/ubirataonline.com.br\/cafe-de-mandaguari-no-parana-e-um-dos-mais-exclusivos-do-pais\/"},"author":{"name":"REDA\u00c7\u00c3O: UBIRAT\u00c3 ONLINE - F\u00c1BIO AUGUSTO CELESTINO","@id":"https:\/\/ubirataonline.com.br\/#\/schema\/person\/372f87bbd3fdd79b8556b84c98d0bc1c"},"headline":"Caf\u00e9 de Mandaguari, no Paran\u00e1, \u00e9 um dos mais exclusivos do pa\u00eds","datePublished":"2026-04-03T23:53:52+00:00","dateModified":"2026-04-03T23:53:53+00:00","mainEntityOfPage":{"@id":"https:\/\/ubirataonline.com.br\/cafe-de-mandaguari-no-parana-e-um-dos-mais-exclusivos-do-pais\/"},"wordCount":1075,"publisher":{"@id":"https:\/\/ubirataonline.com.br\/#organization"},"image":{"@id":"https:\/\/ubirataonline.com.br\/cafe-de-mandaguari-no-parana-e-um-dos-mais-exclusivos-do-pais\/#primaryimage"},"thumbnailUrl":"https:\/\/ubirataonline.com.br\/wp-content\/uploads\/2026\/04\/Cafe-de-Mandaguari-no-Parana-e-um-dos-mais-exclusivos.jpg","keywords":["Caf\u00e9","dos","exclusivos","mais","Mandaguari","pa\u00eds","paran\u00e1"],"articleSection":["Ubirat\u00e3"],"inLanguage":"en-US","copyrightYear":"2026","copyrightHolder":{"@id":"https:\/\/ubirataonline.com.br\/en\/#organization"}},{"@type":"WebPage","@id":"https:\/\/ubirataonline.com.br\/cafe-de-mandaguari-no-parana-e-um-dos-mais-exclusivos-do-pais\/","url":"https:\/\/ubirataonline.com.br\/cafe-de-mandaguari-no-parana-e-um-dos-mais-exclusivos-do-pais\/","name":"Caf\u00e9 de Mandaguari, no Paran\u00e1, \u00e9 um dos mais exclusivos do pa\u00eds - Ubirat\u00e3 Online Not\u00edcias - A realidade ao seu alcance!","isPartOf":{"@id":"https:\/\/ubirataonline.com.br\/#website"},"primaryImageOfPage":{"@id":"https:\/\/ubirataonline.com.br\/cafe-de-mandaguari-no-parana-e-um-dos-mais-exclusivos-do-pais\/#primaryimage"},"image":{"@id":"https:\/\/ubirataonline.com.br\/cafe-de-mandaguari-no-parana-e-um-dos-mais-exclusivos-do-pais\/#primaryimage"},"thumbnailUrl":"https:\/\/ubirataonline.com.br\/wp-content\/uploads\/2026\/04\/Cafe-de-Mandaguari-no-Parana-e-um-dos-mais-exclusivos.jpg","datePublished":"2026-04-03T23:53:52+00:00","dateModified":"2026-04-03T23:53:53+00:00","description":"\u201cEm lugar nenhum voc\u00ea encontra caf\u00e9 igual ao de Mandaguari\u201d, afirma o produtor Ant\u00f4nio Carlos Ricardo, de 62 anos, que dedicou a vida ao cultivo do gr\u00e3o","breadcrumb":{"@id":"https:\/\/ubirataonline.com.br\/cafe-de-mandaguari-no-parana-e-um-dos-mais-exclusivos-do-pais\/#breadcrumb"},"inLanguage":"en-US","potentialAction":[{"@type":"ReadAction","target":["https:\/\/ubirataonline.com.br\/cafe-de-mandaguari-no-parana-e-um-dos-mais-exclusivos-do-pais\/"]}]},{"@type":"ImageObject","inLanguage":"en-US","@id":"https:\/\/ubirataonline.com.br\/cafe-de-mandaguari-no-parana-e-um-dos-mais-exclusivos-do-pais\/#primaryimage","url":"https:\/\/ubirataonline.com.br\/wp-content\/uploads\/2026\/04\/Cafe-de-Mandaguari-no-Parana-e-um-dos-mais-exclusivos.jpg","contentUrl":"https:\/\/ubirataonline.com.br\/wp-content\/uploads\/2026\/04\/Cafe-de-Mandaguari-no-Parana-e-um-dos-mais-exclusivos.jpg","width":1200,"height":800,"caption":"Foto: Ricardo Ribeiro\/AEN"},{"@type":"BreadcrumbList","@id":"https:\/\/ubirataonline.com.br\/cafe-de-mandaguari-no-parana-e-um-dos-mais-exclusivos-do-pais\/#breadcrumb","itemListElement":[{"@type":"ListItem","position":1,"name":"In\u00edcio","item":"https:\/\/ubirataonline.com.br\/"},{"@type":"ListItem","position":2,"name":"Caf\u00e9 de Mandaguari, no Paran\u00e1, \u00e9 um dos mais exclusivos do pa\u00eds"}]},{"@type":"WebSite","@id":"https:\/\/ubirataonline.com.br\/#website","url":"https:\/\/ubirataonline.com.br\/","name":"Ubirat\u00e3 Online Not\u00edcias","description":"Not\u00edcias de Ubirat\u00e3, regi\u00e3o, Brasil e mundo, com informa\u00e7\u00e3o atualizada e compromisso com o leitor.","publisher":{"@id":"https:\/\/ubirataonline.com.br\/#organization"},"alternateName":"Ubirat\u00e3 Online","potentialAction":[{"@type":"SearchAction","target":{"@type":"EntryPoint","urlTemplate":"https:\/\/ubirataonline.com.br\/?s={search_term_string}"},"query-input":{"@type":"PropertyValueSpecification","valueRequired":true,"valueName":"search_term_string"}}],"inLanguage":"en-US"},{"@type":["Organization","Place"],"@id":"https:\/\/ubirataonline.com.br\/#organization","name":"Ubirat\u00e3 Online Not\u00edcias","alternateName":"Ubirat\u00e3 Online","url":"https:\/\/ubirataonline.com.br\/","logo":{"@id":"https:\/\/ubirataonline.com.br\/cafe-de-mandaguari-no-parana-e-um-dos-mais-exclusivos-do-pais\/#local-main-organization-logo"},"image":{"@id":"https:\/\/ubirataonline.com.br\/cafe-de-mandaguari-no-parana-e-um-dos-mais-exclusivos-do-pais\/#local-main-organization-logo"},"sameAs":["https:\/\/www.facebook.com\/portalubirataonline","https:\/\/x.com\/ubirataonline","https:\/\/mastodon.social\/@ubirataonline","https:\/\/www.facebook.com\/groups\/311144672285604","https:\/\/www.facebook.com\/UBTAOnline","https:\/\/www.instagram.com\/portalubirataonline\/","https:\/\/twitter.com\/ubirataonline"],"description":"Somos um portal de not\u00edcias independente, criado em 5 de janeiro de 2009, com o objetivo de informar, conectar e valorizar a nossa comunidade de Ubirat\u00e3 e toda aregi\u00e3o. Com conte\u00fado atualizado, confi\u00e1vel e relevante, o Ubirat\u00e3 Online \u00e9 o seu espa\u00e7o para ficar por dentro dos principais acontecimentos locais, regionais, Brasil, Mundo e de interesse geral. Nosso compromisso \u00e9 com a verdade, a transpar\u00eancia e o respeito ao leitor.","legalName":"UBIRATA ONLINE NOT\u00cdCIAS","foundingDate":"2009-01-05","numberOfEmployees":{"@type":"QuantitativeValue","minValue":"1","maxValue":"10"},"publishingPrinciples":"https:\/\/ubirataonline.com.br\/faq\/","address":{"@id":"https:\/\/ubirataonline.com.br\/cafe-de-mandaguari-no-parana-e-um-dos-mais-exclusivos-do-pais\/#local-main-place-address"},"geo":{"@type":"GeoCoordinates","latitude":"-24.5361401","longitude":"-52.9921776"},"telephone":["+5544998308235"],"contactPoint":{"@type":"ContactPoint","email":"contato@ubirataonline.com.br"},"openingHoursSpecification":{"@type":"OpeningHoursSpecification","dayOfWeek":["Monday","Tuesday","Wednesday","Thursday","Friday","Saturday","Sunday"],"opens":"00:00","closes":"23:59"},"email":"contato@ubirataonline.com.br","vatID":"47.621.418\/0001-80"},{"@type":"Person","@id":"https:\/\/ubirataonline.com.br\/#\/schema\/person\/372f87bbd3fdd79b8556b84c98d0bc1c","name":"REDA\u00c7\u00c3O: UBIRAT\u00c3 ONLINE - F\u00c1BIO AUGUSTO CELESTINO","pronouns":"Ele","description":"Desde 2003 trabalhando com not\u00edcias.","sameAs":["http:\/\/ubirataoline.com.br","https:\/\/www.facebook.com\/portalubirataonline","https:\/\/www.instagram.com\/ubirataonline_oficial","https:\/\/x.com\/x.com\/ubirataonline"],"honorificPrefix":"Mr.","honorificSuffix":"MD","birthDate":"1980-06-16","gender":"masculino","award":["V\u00e1rios pr\u00eamios de melhor portal da cidade"],"jobTitle":"Diretor","url":"https:\/\/ubirataonline.com.br\/en\/author\/ubirataonline\/"},{"@type":"PostalAddress","@id":"https:\/\/ubirataonline.com.br\/cafe-de-mandaguari-no-parana-e-um-dos-mais-exclusivos-do-pais\/#local-main-place-address","streetAddress":"Rua dos Coqueiros, 104 - Bairro Boa Vista, Rua dos Coqueiros, 104 Bairro Boa Vista","addressLocality":"UBIRATA","postalCode":"85440-000","addressRegion":"PR","addressCountry":"BR"},{"@type":"ImageObject","inLanguage":"en-US","@id":"https:\/\/ubirataonline.com.br\/cafe-de-mandaguari-no-parana-e-um-dos-mais-exclusivos-do-pais\/#local-main-organization-logo","url":"https:\/\/ubirataonline.com.br\/wp-content\/uploads\/2026\/06\/logoubirataonline-1.webp","contentUrl":"https:\/\/ubirataonline.com.br\/wp-content\/uploads\/2026\/06\/logoubirataonline-1.webp","width":500,"height":500,"caption":"Ubirat\u00e3 Online Not\u00edcias"}]},"geo.placename":"UBIRATA","geo.position":{"lat":"-24.5361401","long":"-52.9921776"},"geo.region":"Brazil"},"_links":{"self":[{"href":"https:\/\/ubirataonline.com.br\/en\/wp-json\/wp\/v2\/posts\/99172","targetHints":{"allow":["GET"]}}],"collection":[{"href":"https:\/\/ubirataonline.com.br\/en\/wp-json\/wp\/v2\/posts"}],"about":[{"href":"https:\/\/ubirataonline.com.br\/en\/wp-json\/wp\/v2\/types\/post"}],"author":[{"embeddable":true,"href":"https:\/\/ubirataonline.com.br\/en\/wp-json\/wp\/v2\/users\/1"}],"replies":[{"embeddable":true,"href":"https:\/\/ubirataonline.com.br\/en\/wp-json\/wp\/v2\/comments?post=99172"}],"version-history":[{"count":0,"href":"https:\/\/ubirataonline.com.br\/en\/wp-json\/wp\/v2\/posts\/99172\/revisions"}],"wp:featuredmedia":[{"embeddable":true,"href":"https:\/\/ubirataonline.com.br\/en\/wp-json\/wp\/v2\/media\/99173"}],"wp:attachment":[{"href":"https:\/\/ubirataonline.com.br\/en\/wp-json\/wp\/v2\/media?parent=99172"}],"wp:term":[{"taxonomy":"category","embeddable":true,"href":"https:\/\/ubirataonline.com.br\/en\/wp-json\/wp\/v2\/categories?post=99172"},{"taxonomy":"post_tag","embeddable":true,"href":"https:\/\/ubirataonline.com.br\/en\/wp-json\/wp\/v2\/tags?post=99172"}],"curies":[{"name":"wp","href":"https:\/\/api.w.org\/{rel}","templated":true}]}}