{"id":99254,"date":"2026-04-04T07:00:55","date_gmt":"2026-04-04T10:00:55","guid":{"rendered":"https:\/\/ubirataonline.com.br\/the-citys-now-iconic-flag-adopted-by-city-council\/"},"modified":"2026-04-04T07:00:55","modified_gmt":"2026-04-04T10:00:55","slug":"the-citys-now-iconic-flag-adopted-by-city-council","status":"publish","type":"post","link":"https:\/\/ubirataonline.com.br\/en\/the-citys-now-iconic-flag-adopted-by-city-council\/","title":{"rendered":"The city\u2019s now iconic flag adopted by City Council"},"content":{"rendered":"<p><\/p>\n<div data-article-body=\"true\">\n<p class=\"mb-4 text-lg md:leading-8 break-words\">Here\u2019s a look back at what happened in the Chicago area on April 4, according to the Tribune\u2019s archives.<\/p>\n<p class=\"mb-4 text-lg md:leading-8 break-words\">Is an important event missing from this date? <a href=\"https:\/\/www.yahoo.com\/lifestyle\/articles\/mailto:krumore@chicagotribune.com\" data-ylk=\"slk:Email us;elm:context_link;itc:0;sec:content-canvas\" data-yga=\"{&quot;yLinkElement&quot;:&quot;context_link&quot;,&quot;yModuleName&quot;:&quot;content-canvas&quot;,&quot;yLinkText&quot;:&quot;Email us&quot;}\" class=\"link\">Email us<\/a>.<\/p>\n<p class=\"mb-4 text-lg md:leading-8 break-words\"><strong>Front page flashback:<\/strong> April 5, 1968<\/p>\n<p class=\"mb-4 text-lg md:leading-8 break-words\"><strong>1968: <\/strong>The <a href=\"https:\/\/www.chicagotribune.com\/2026\/02\/17\/jesse-jackson-timeline\/\" rel=\"nofollow noopener\" target=\"_blank\" data-ylk=\"slk:Rev. Martin Luther King Jr.;elm:context_link;itc:0;sec:content-canvas\" data-yga=\"{&quot;yLinkElement&quot;:&quot;context_link&quot;,&quot;yModuleName&quot;:&quot;content-canvas&quot;,&quot;yLinkText&quot;:&quot;Rev. Martin Luther King Jr.&quot;}\" class=\"link\">Rev. Martin Luther King Jr.<\/a> was shot and killed outside his second-floor room at the Lorraine Motel in Memphis.<\/p>\n<p class=\"mb-4 text-lg md:leading-8 break-words\">At the time of his death, King was chatting with the <a href=\"https:\/\/www.chicagotribune.com\/2026\/02\/17\/jesse-jackson-timeline\/\" rel=\"nofollow noopener\" target=\"_blank\" data-ylk=\"slk:Rev. Jesse Jackson;elm:context_link;itc:0;sec:content-canvas\" data-yga=\"{&quot;yLinkElement&quot;:&quot;context_link&quot;,&quot;yModuleName&quot;:&quot;content-canvas&quot;,&quot;yLinkText&quot;:&quot;Rev. Jesse Jackson&quot;}\" class=\"link\">Rev. Jesse Jackson<\/a> and Chicago musician Ben Branch.<\/p>\n<p class=\"mb-4 text-lg md:leading-8 break-words\"><strong>Weather records <\/strong>(from the <a href=\"https:\/\/www.weather.gov\/wrh\/climate?wfo=lot\" rel=\"nofollow noopener\" target=\"_blank\" data-ylk=\"slk:National Weather Service, Chicago;elm:context_link;itc:0;sec:content-canvas\" data-yga=\"{&quot;yLinkElement&quot;:&quot;context_link&quot;,&quot;yModuleName&quot;:&quot;content-canvas&quot;,&quot;yLinkText&quot;:&quot;National Weather Service, Chicago&quot;}\" class=\"link\">National Weather Service, Chicago<\/a>)<\/p>\n<ul class=\"mb-4\">\n<li class=\"ml-4 list-disc\">\n<div class=\"\">\n<p class=\"mb-4 text-lg md:leading-8 break-words\">High temperature: <strong>79 degrees<\/strong> (1929)<\/p>\n<\/div>\n<\/li>\n<li class=\"ml-4 list-disc\">\n<div class=\"\">\n<p class=\"mb-4 text-lg md:leading-8 break-words\">Low temperature: <strong>16 degrees<\/strong> (1975)<\/p>\n<\/div>\n<\/li>\n<li class=\"ml-4 list-disc\">\n<div class=\"\">\n<p class=\"mb-4 text-lg md:leading-8 break-words\">Precipitation: <strong>1.9 inches<\/strong> (1947)<\/p>\n<\/div>\n<\/li>\n<li class=\"ml-4 list-disc\">\n<div class=\"\">\n<p class=\"mb-4 text-lg md:leading-8 break-words\">Snowfall: <strong>6.4 inches<\/strong> (1920)<\/p>\n<\/div>\n<\/li>\n<\/ul>\n<p class=\"mb-4 text-lg md:leading-8 break-words\"><strong>1905:<\/strong> Former Chicago Cubs first baseman A.C. \u201cCap\u201d Anson was <a href=\"https:\/\/chicagotribune.newspapers.com\/article\/chicago-tribune-cap-anson-elected-city\/162213454\/\" rel=\"nofollow noopener\" target=\"_blank\" data-ylk=\"slk:elected;elm:context_link;itc:0;sec:content-canvas\" data-yga=\"{&quot;yLinkElement&quot;:&quot;context_link&quot;,&quot;yModuleName&quot;:&quot;content-canvas&quot;,&quot;yLinkText&quot;:&quot;elected&quot;}\" class=\"link\">elected<\/a> city clerk on the Democratic ticket. He served in the position for two years.<\/p>\n<p class=\"mb-4 text-lg md:leading-8 break-words\"><strong>1917:<\/strong>\u00a0Chicago\u2019s now\u00a0<a href=\"https:\/\/enews.chicagotribune.com\/q\/6b3k24q2NJZ0YtMg83eOzNQIzedYIX6IknhvZcOJa2pydW1vcmVAZ21haWwuY29tw4g4uvDz3fcc4-LAIwkhjvuBPObvxQ\" rel=\"nofollow noopener\" target=\"_blank\" data-ylk=\"slk:iconic flag;elm:context_link;itc:0;sec:content-canvas\" data-yga=\"{&quot;yLinkElement&quot;:&quot;context_link&quot;,&quot;yModuleName&quot;:&quot;content-canvas&quot;,&quot;yLinkText&quot;:&quot;iconic flag&quot;}\" class=\"link\">iconic flag<\/a>, designed by Wallace Rice, was adopted by the City Council.<\/p>\n<p class=\"mb-4 text-lg md:leading-8 break-words\">A woman crosses the street near Century Furniture and Clothing, at the northwest corner of Western Avenue and Madison Street, which was set on fire in an outbreak of violence on April 5, 1968. (Chicago Tribune historical photo) An aerial\u00a0view of fires on the West Side of Chicago on April 5, 1968. (Cy Wolf\/Chicago Tribune) A young person points at members of the Illinois National Guard on duty in the area of Albany Avenue, south of Madison Street, on April 6, 1968. (William Kelly\/Chicago Tribune) An aerial view of the West Side shows smoke rising from several fires ignited by rioters along Madison and Leavitt streets, west to Spaulding Avenue, on April 5, 1968. (Cy Wolf \/ Chicago Tribune) Firemen fight one of the blazes at the corner of Western Avenue and Madison Street on April 5, 1968. More than 1,000 firemen were called to battle fires in the city during the rioting. (Michael Budrys \/ Chicago Tribune) Four firemen use a firetruck for protection as policemen aim rifles at suspected snipers at Clybourn Avenue and Division Street on April 6, 1968. (William Yates \/ Chicago Tribune) William Bender \/ Chicago TribuneChicago police Officer Erwin Karol answers telephone complaints by candlelight in the Fillmore Street police station during rioting April 5, 1968. John Austad \/ Chicago TribuneThe crumbling shell of a building destroyed in the West Side rioting is silhouetted against the sky as some semblance of order returns for a short period to the area toward the southeast corner of Spaulding Avenue and Madison Street on April 6, 1968. Don Casper \/ Chicago TribuneMen are arrested with guns in the back of a building at 815 W. 69th\u00a0St. by policemen on April 7, 1968, during the rioting. James O&#8217;Leary \/ Chicago TribuneAn aerial view of fires in the 400 block of West 63rd Street on April 6, 1968. William Yates \/ Chicago TribuneA bloodied CTA bus driver, right, walks with a policeman after his bus was halted by a mob\u00a0that broke windows and beat the driver at 2739 W. Madison\u00a0St. on April 5, 1968. William Kelly \/ Chicago TribuneMembers of the Illinois National Guard are on duty while firefighters try to put out a blaze in the 3200 block of West Madison Street on April 6, 1968. Luigi Mendicino \/ Chicago TribuneOn the 3000 block of West Madison Street, the aftermath of rioting over the assassination of Martin Luther King Jr.\u00a0is seen on April 6, 1968. Walter Neal \/ Chicago TribunePolice search suspects along 63rd Street during\u00a0rioting\u00a0April 6, 1968. Don Casper \/ Chicago TribuneChicago&#8217;s skyline is a background for U.S. Army troops stationed in the Loop at Monroe Street and Columbus Drive on April 9, 1968. The troops were in town to keep the peace during rioting caused by the assassination of Martin Luther King Jr. Chicago Tribune historical photoAn aerial view on April 6, 1968, of the 3300 block of Madison Street in the heart of Chicago&#8217;s riot-torn West Side after the looting and burning rampage that occurred in response to the assassination of Martin Luther King Jr. Kenneth Lovett \/ Chicago TribunePolice hold a\u00a0woman suspect on the street in the riot-torn West Side on April 6, 1968. Luigi\u00a0Mendicino \/ Chicago TribuneA city bulldozer in the 3300 block of West Madison Street clears rubble of riot-torn buildings on April 7, 1968. It was in this block that the worst damage occurred during the nearly 48 hours of virtually uncontrolled rioting and looting\u00a0that raged in the glare of burning buildings. William Yates \/ Chicago TribuneTroops deployed along 63rd Street, from about Cottage Grove to Stony Island avenues, walk in groups as they patrol the area near businesses on April 8, 1968. John Austad \/ Chicago TribunePeople look over riot damage on April 6, 1968,\u00a0including\u00a0protective window coverings that were ripped by looters from a store in the 3000 block of West Madison Street. Ray Foster \/ Chicago TribuneTwo girls carry a carton of soft drinks and other merchandise from Del Farm Store at Hobbie and Larrabee streets on the Near North Side on April 6, 1968, in Chicago. Michael Budrys \/ Chicago TribuneU.S. Army troops, in battle gear with bayonets, line the sidewalk along 63rd Street near Ellis Avenue on April 7, 1968. William Kelly \/ Chicago TribuneLooters carry merchandise out of a liquor store at 3825 W. Roosevelt Road on April 6, 1968. William Kelly \/ Chicago TribuneLooters search the debris and rubble of a burned-out liquor store for anything left in the 3200 block of West Madison Street on April 6, 1968. James OLeary \/ Chicago TribuneAn employee of a jewelry store at 27 W. Madison\u00a0St. sweeps up glass broken by rioters who smashed a window and looted the display during\u00a0a rampage through downtown Chicago and the surrounding area on April 5, 1968. Show Caption1 of 26Chicago police, shown here with rifles, crouch behind a patrol car to take cover from gunfire during the riots that followed the assassination of Martin Luther King Jr. in 1968. (Don Casper\/Chicago Tribune)<a href=\"#\" class=\"link\" data-ylk=\"slk:Expand;elm:context_link;itc:0;sec:content-canvas\" data-yga=\"{&quot;yLinkElement&quot;:&quot;context_link&quot;,&quot;yModuleName&quot;:&quot;content-canvas&quot;,&quot;yLinkText&quot;:&quot;Expand&quot;}\">Expand<\/a><\/p>\n<p class=\"mb-4 text-lg md:leading-8 break-words\"><strong>1968:<\/strong> Riots <a href=\"https:\/\/graphics.chicagotribune.com\/riots-chicago-1968-mlk\/index.html\" rel=\"nofollow noopener\" target=\"_blank\" data-ylk=\"slk:exploded;elm:context_link;itc:0;sec:content-canvas\" data-yga=\"{&quot;yLinkElement&quot;:&quot;context_link&quot;,&quot;yModuleName&quot;:&quot;content-canvas&quot;,&quot;yLinkText&quot;:&quot;exploded&quot;}\" class=\"link\">exploded<\/a> on Chicago\u2019s West Side after King was assassinated in Memphis.<\/p>\n<p class=\"mb-4 text-lg md:leading-8 break-words\"><strong>1989:<\/strong> Richard M. Daley, son of Richard J., was <a href=\"https:\/\/www.chicagotribune.com\/1997\/11\/25\/april-4-1989\/\" rel=\"nofollow noopener\" target=\"_blank\" data-ylk=\"slk:elected mayor;elm:context_link;itc:0;sec:content-canvas\" data-yga=\"{&quot;yLinkElement&quot;:&quot;context_link&quot;,&quot;yModuleName&quot;:&quot;content-canvas&quot;,&quot;yLinkText&quot;:&quot;elected mayor&quot;}\" class=\"link\">elected mayor<\/a>.<\/p>\n<p class=\"mb-4 text-lg md:leading-8 break-words\"><a href=\"https:\/\/www.chicagotribune.com\/2022\/04\/21\/flashback-as-richard-m-daley-turns-80-a-look-at-his-political-rise-and-embrace-of-lakefront-liberals\/\" rel=\"nofollow noopener\" target=\"_blank\" data-ylk=\"slk:Flashback: As Richard M. Daley turns 80, a look at his political rise and embrace of \u2018lakefront liberals\u2019;elm:context_link;itc:0;sec:content-canvas\" data-yga=\"{&quot;yLinkElement&quot;:&quot;context_link&quot;,&quot;yModuleName&quot;:&quot;content-canvas&quot;,&quot;yLinkText&quot;:&quot;Flashback&quot;}\" class=\"link\">Flashback: As Richard M. Daley turns 80, a look at his political rise and embrace of \u2018lakefront liberals\u2019<\/a><\/p>\n<p class=\"mb-4 text-lg md:leading-8 break-words\">He served <a href=\"https:\/\/www.chicagotribune.com\/2011\/05\/13\/daley-leaves-city-hall-for-last-time-as-mayor-2\/\" rel=\"nofollow noopener\" target=\"_blank\" data-ylk=\"slk:until 2011;elm:context_link;itc:0;sec:content-canvas\" data-yga=\"{&quot;yLinkElement&quot;:&quot;context_link&quot;,&quot;yModuleName&quot;:&quot;content-canvas&quot;,&quot;yLinkText&quot;:&quot;until 2011&quot;}\" class=\"link\">until 2011<\/a>, holding office even longer than his father.<\/p>\n<p class=\"mb-4 text-lg md:leading-8 break-words\"><strong>1990:<\/strong> <a href=\"https:\/\/www.chicagotribune.com\/2024\/12\/05\/vintage-chicago-tribune-revisiting-home-alone-sites-with-the-films-location-manager\/\" rel=\"nofollow noopener\" target=\"_blank\" data-ylk=\"slk:\u201cHome Alone\u201d;elm:context_link;itc:0;sec:content-canvas\" data-yga=\"{&quot;yLinkElement&quot;:&quot;context_link&quot;,&quot;yModuleName&quot;:&quot;content-canvas&quot;,&quot;yLinkText&quot;:&quot;\u201cHome Alone\u201d&quot;}\" class=\"link\">\u201cHome Alone\u201d<\/a> filmed a memorable scene at O\u2019Hare International Airport. The 14-odd members of the McCallister family raced through <a href=\"https:\/\/chicagotribune.newspapers.com\/article\/chicago-tribune-home-alone-films-at-o\/169405074\/\" rel=\"nofollow noopener\" target=\"_blank\" data-ylk=\"slk:Terminal 3;elm:context_link;itc:0;sec:content-canvas\" data-yga=\"{&quot;yLinkElement&quot;:&quot;context_link&quot;,&quot;yModuleName&quot;:&quot;content-canvas&quot;,&quot;yLinkText&quot;:&quot;Terminal 3&quot;}\" class=\"link\">Terminal 3<\/a> before miraculously hopping aboard their American Airlines flight at Gate K-12. (Though the Tribune incorrectly reported at the time that a flight bound for Honolulu would figure into the plot.)<\/p>\n<p class=\"mb-4 text-lg md:leading-8 break-words\"><strong>1998:<\/strong> The <a href=\"https:\/\/chicagotribune.newspapers.com\/article\/chicago-tribune-chicago-fire-debut-at-so\/169405542\/\" rel=\"nofollow noopener\" target=\"_blank\" data-ylk=\"slk:Chicago Fire;elm:context_link;itc:0;sec:content-canvas\" data-yga=\"{&quot;yLinkElement&quot;:&quot;context_link&quot;,&quot;yModuleName&quot;:&quot;content-canvas&quot;,&quot;yLinkText&quot;:&quot;Chicago Fire&quot;}\" class=\"link\">Chicago Fire<\/a>, an MLS expansion team, won their home opener at Soldier Field against the Tampa Bay Mutiny, 2-0. Chicago native Frank Klopas scored one of the goals. He dedicated it to his father-in-law, who died in a plane crash the previous year.<\/p>\n<p class=\"mb-4 text-lg md:leading-8 break-words\"><a href=\"https:\/\/www.chicagotribune.com\/2023\/09\/28\/vintage-chicago-tribune-pel-hamm-beckham-rapinoe-messi-and-more-when-soccers-big-names-came-to-play\/\" rel=\"nofollow noopener\" target=\"_blank\" data-ylk=\"slk:Vintage Chicago Tribune: Pel\u00e9, Hamm, Beckham, Rapinoe, Messi and more. When soccer\u2019s big names came to play;elm:context_link;itc:0;sec:content-canvas\" data-yga=\"{&quot;yLinkElement&quot;:&quot;context_link&quot;,&quot;yModuleName&quot;:&quot;content-canvas&quot;,&quot;yLinkText&quot;:&quot;Vintage Chicago Tribune&quot;}\" class=\"link\">Vintage Chicago Tribune: Pel\u00e9, Hamm, Beckham, Rapinoe, Messi and more. When soccer\u2019s big names came to play<\/a><\/p>\n<h4 class=\"mb-4 text-lg font-bold\">Want more vintage Chicago?<\/h4>\n<p class=\"mb-4 text-lg md:leading-8 break-words\"><i>Subscribe to the free\u00a0<\/i><a href=\"https:\/\/membership.chicagotribune.com\/newsletters\/subscribe\/lid\/2d8200fe-eefd-4f1d-bcaa-26a0ce79a461\" rel=\"nofollow noopener\" target=\"_blank\" data-ylk=\"slk:Vintage Chicago Tribune;elm:context_link;itc:0;sec:content-canvas\" data-yga=\"{&quot;yLinkElement&quot;:&quot;context_link&quot;,&quot;yModuleName&quot;:&quot;content-canvas&quot;,&quot;yLinkText&quot;:&quot;Vintage Chicago Tribune&quot;}\" class=\"link\"><i>Vintage Chicago Tribune<\/i><\/a><i>\u00a0newsletter, join our\u00a0<\/i><a href=\"https:\/\/www.facebook.com\/groups\/762760217263236\/\" rel=\"nofollow noopener\" target=\"_blank\" data-ylk=\"slk:Chicagoland history Facebook group,;elm:context_link;itc:0;sec:content-canvas\" data-yga=\"{&quot;yLinkElement&quot;:&quot;context_link&quot;,&quot;yModuleName&quot;:&quot;content-canvas&quot;,&quot;yLinkText&quot;:&quot;Chicagoland history Facebook group,&quot;}\" class=\"link\"><i>Chicagoland history Facebook group,<\/i><\/a><i> stay current with<a href=\"https:\/\/www.chicagotribune.com\/tag\/chicago-history\/\" rel=\"nofollow noopener\" target=\"_blank\" data-ylk=\"slk:Today in Chicago History;elm:context_link;itc:0;sec:content-canvas\" data-yga=\"{&quot;yLinkElement&quot;:&quot;context_link&quot;,&quot;yModuleName&quot;:&quot;content-canvas&quot;,&quot;yLinkText&quot;:&quot;Today in Chicago History&quot;}\" class=\"link\"> Today in Chicago History<\/a> and follow us on <\/i><a href=\"https:\/\/www.instagram.com\/vintagetribune\/\" rel=\"nofollow noopener\" target=\"_blank\" data-ylk=\"slk:Instagram;elm:context_link;itc:0;sec:content-canvas\" data-yga=\"{&quot;yLinkElement&quot;:&quot;context_link&quot;,&quot;yModuleName&quot;:&quot;content-canvas&quot;,&quot;yLinkText&quot;:&quot;Instagram&quot;}\" class=\"link\"><i>Instagram<\/i><\/a><i>\u00a0for more from Chicago\u2019s past.<\/i><\/p>\n<p class=\"mb-4 text-lg md:leading-8 break-words\"><em>Have an idea for Vintage Chicago Tribune? Share it with Kori Rumore and Marianne Mather at <a href=\"https:\/\/www.yahoo.com\/lifestyle\/articles\/mailto:krumore@chicagotribune.com\" data-ylk=\"slk:krumore@chicagotribune.com;elm:context_link;itc:0;sec:content-canvas\" data-yga=\"{&quot;yLinkElement&quot;:&quot;context_link&quot;,&quot;yModuleName&quot;:&quot;content-canvas&quot;,&quot;yLinkText&quot;:&quot;krumore@chicagotribune.com&quot;}\" class=\"link\">krumore@chicagotribune.com<\/a>\u00a0and\u00a0<a href=\"https:\/\/www.yahoo.com\/lifestyle\/articles\/mailto:mmather@chicagotribune.com\" data-ylk=\"slk:mmather@chicagotribune.com;elm:context_link;itc:0;sec:content-canvas\" data-yga=\"{&quot;yLinkElement&quot;:&quot;context_link&quot;,&quot;yModuleName&quot;:&quot;content-canvas&quot;,&quot;yLinkText&quot;:&quot;mmather@chicagotribune.com&quot;}\" class=\"link\">mmather@chicagotribune.com<\/a><\/em><\/p>\n<\/div>\n<p><script async src=\"\/\/www.instagram.com\/embed.js\"><\/script><\/p>\n<p><a href=\"https:\/\/www.yahoo.com\/lifestyle\/articles\/today-chicago-history-city-now-090000164.html\">Source link <\/a><br \/>\nSee more https:\/\/theglobaltrack.com\/<\/p>","protected":false},"excerpt":{"rendered":"<p>Here\u2019s a look back at what happened in the Chicago area on April 4, according to the Tribune\u2019s archives. Is an important event missing from this date? Email us. Front page flashback: April 5, 1968 1968: The Rev. Martin Luther King Jr. was shot and killed outside his second-floor room at the Lorraine Motel in [&hellip;]<\/p>\n","protected":false},"author":1,"featured_media":99255,"comment_status":"","ping_status":"","sticky":false,"template":"","format":"standard","meta":{"googlesitekit_rrm_CAow2JLhCw:productID":"","_gspb_post_css":"","maa_idioma":"","maa_pais":"","footnotes":""},"categories":[1],"tags":[24800,2982,6138,12815,19071,10855],"class_list":["post-99254","post","type-post","status-publish","format-standard","has-post-thumbnail","hentry","category-ubirata","tag-adopted","tag-city","tag-citys","tag-council","tag-flag","tag-iconic"],"blocksy_meta":[],"yoast_head":"<!-- This site is optimized with the Yoast SEO Premium plugin v27.6 (Yoast SEO v27.6) - https:\/\/yoast.com\/product\/yoast-seo-premium-wordpress\/ -->\n<title>The city\u2019s now iconic flag adopted by City Council - Ubirat\u00e3 Online Not\u00edcias - A realidade ao seu alcance!<\/title>\n<meta name=\"description\" content=\"Here&#x27;s a look back at what happened in the Chicago area on April 4, according to the Tribune&#x27;s archives. Is an important event missing from this date? Email us.\" \/>\n<meta name=\"robots\" content=\"index, follow, max-snippet:-1, max-image-preview:large, max-video-preview:-1\" \/>\n<link rel=\"canonical\" href=\"https:\/\/ubirataonline.com.br\/en\/the-citys-now-iconic-flag-adopted-by-city-council\/\" \/>\n<meta property=\"og:locale\" content=\"en_US\" \/>\n<meta property=\"og:type\" content=\"article\" \/>\n<meta property=\"og:title\" content=\"The city\u2019s now iconic flag adopted by City Council\" \/>\n<meta property=\"og:description\" content=\"Here&#x27;s a look back at what happened in the Chicago area on April 4, according to the Tribune&#x27;s archives. Is an important event missing from this date? Email us.\" \/>\n<meta property=\"og:url\" content=\"https:\/\/ubirataonline.com.br\/en\/the-citys-now-iconic-flag-adopted-by-city-council\/\" \/>\n<meta property=\"og:site_name\" content=\"Ubirat\u00e3 Online Not\u00edcias - A realidade ao seu alcance!\" \/>\n<meta property=\"article:publisher\" content=\"https:\/\/www.facebook.com\/portalubirataonline\" \/>\n<meta property=\"article:author\" content=\"https:\/\/www.facebook.com\/portalubirataonline\" \/>\n<meta property=\"article:published_time\" content=\"2026-04-04T10:00:55+00:00\" \/>\n<meta property=\"og:image\" content=\"https:\/\/ubirataonline.com.br\/wp-content\/uploads\/2026\/04\/The-citys-now-iconic-flag-adopted-by-City-Council.jpeg\" \/>\n\t<meta property=\"og:image:width\" content=\"1200\" \/>\n\t<meta property=\"og:image:height\" content=\"967\" \/>\n\t<meta property=\"og:image:type\" content=\"image\/jpeg\" \/>\n<meta name=\"author\" content=\"REDA\u00c7\u00c3O: UBIRAT\u00c3 ONLINE - F\u00c1BIO AUGUSTO CELESTINO\" \/>\n<meta name=\"twitter:card\" content=\"summary_large_image\" \/>\n<meta name=\"twitter:creator\" content=\"@x.com\/ubirataonline\" \/>\n<meta name=\"twitter:site\" content=\"@ubirataonline\" \/>\n<meta name=\"twitter:label1\" content=\"Written by\" \/>\n\t<meta name=\"twitter:data1\" content=\"REDA\u00c7\u00c3O: UBIRAT\u00c3 ONLINE - F\u00c1BIO AUGUSTO CELESTINO\" \/>\n\t<meta name=\"twitter:label2\" content=\"Est. reading time\" \/>\n\t<meta name=\"twitter:data2\" content=\"6 minutes\" \/>\n<script type=\"application\/ld+json\" class=\"yoast-schema-graph\">{\"@context\":\"https:\\\/\\\/schema.org\",\"@graph\":[{\"@type\":\"NewsArticle\",\"@id\":\"https:\\\/\\\/ubirataonline.com.br\\\/the-citys-now-iconic-flag-adopted-by-city-council\\\/#article\",\"isPartOf\":{\"@id\":\"https:\\\/\\\/ubirataonline.com.br\\\/the-citys-now-iconic-flag-adopted-by-city-council\\\/\"},\"author\":{\"name\":\"REDA\u00c7\u00c3O: UBIRAT\u00c3 ONLINE - F\u00c1BIO AUGUSTO CELESTINO\",\"@id\":\"https:\\\/\\\/ubirataonline.com.br\\\/#\\\/schema\\\/person\\\/372f87bbd3fdd79b8556b84c98d0bc1c\"},\"headline\":\"The city\u2019s now iconic flag adopted by City Council\",\"datePublished\":\"2026-04-04T10:00:55+00:00\",\"mainEntityOfPage\":{\"@id\":\"https:\\\/\\\/ubirataonline.com.br\\\/the-citys-now-iconic-flag-adopted-by-city-council\\\/\"},\"wordCount\":1139,\"publisher\":{\"@id\":\"https:\\\/\\\/ubirataonline.com.br\\\/#organization\"},\"image\":{\"@id\":\"https:\\\/\\\/ubirataonline.com.br\\\/the-citys-now-iconic-flag-adopted-by-city-council\\\/#primaryimage\"},\"thumbnailUrl\":\"https:\\\/\\\/ubirataonline.com.br\\\/wp-content\\\/uploads\\\/2026\\\/04\\\/The-citys-now-iconic-flag-adopted-by-City-Council.jpeg\",\"keywords\":[\"adopted\",\"City\",\"Citys\",\"council\",\"flag\",\"iconic\"],\"articleSection\":[\"Ubirat\u00e3\"],\"inLanguage\":\"en-US\",\"copyrightYear\":\"2026\",\"copyrightHolder\":{\"@id\":\"https:\\\/\\\/ubirataonline.com.br\\\/en\\\/#organization\"}},{\"@type\":\"WebPage\",\"@id\":\"https:\\\/\\\/ubirataonline.com.br\\\/the-citys-now-iconic-flag-adopted-by-city-council\\\/\",\"url\":\"https:\\\/\\\/ubirataonline.com.br\\\/the-citys-now-iconic-flag-adopted-by-city-council\\\/\",\"name\":\"The city\u2019s now iconic flag adopted by City Council - Ubirat\u00e3 Online Not\u00edcias - A realidade ao seu alcance!\",\"isPartOf\":{\"@id\":\"https:\\\/\\\/ubirataonline.com.br\\\/#website\"},\"primaryImageOfPage\":{\"@id\":\"https:\\\/\\\/ubirataonline.com.br\\\/the-citys-now-iconic-flag-adopted-by-city-council\\\/#primaryimage\"},\"image\":{\"@id\":\"https:\\\/\\\/ubirataonline.com.br\\\/the-citys-now-iconic-flag-adopted-by-city-council\\\/#primaryimage\"},\"thumbnailUrl\":\"https:\\\/\\\/ubirataonline.com.br\\\/wp-content\\\/uploads\\\/2026\\\/04\\\/The-citys-now-iconic-flag-adopted-by-City-Council.jpeg\",\"datePublished\":\"2026-04-04T10:00:55+00:00\",\"description\":\"Here&#x27;s a look back at what happened in the Chicago area on April 4, according to the Tribune&#x27;s archives. Is an important event missing from this date? Email us.\",\"breadcrumb\":{\"@id\":\"https:\\\/\\\/ubirataonline.com.br\\\/the-citys-now-iconic-flag-adopted-by-city-council\\\/#breadcrumb\"},\"inLanguage\":\"en-US\",\"potentialAction\":[{\"@type\":\"ReadAction\",\"target\":[\"https:\\\/\\\/ubirataonline.com.br\\\/the-citys-now-iconic-flag-adopted-by-city-council\\\/\"]}]},{\"@type\":\"ImageObject\",\"inLanguage\":\"en-US\",\"@id\":\"https:\\\/\\\/ubirataonline.com.br\\\/the-citys-now-iconic-flag-adopted-by-city-council\\\/#primaryimage\",\"url\":\"https:\\\/\\\/ubirataonline.com.br\\\/wp-content\\\/uploads\\\/2026\\\/04\\\/The-citys-now-iconic-flag-adopted-by-City-Council.jpeg\",\"contentUrl\":\"https:\\\/\\\/ubirataonline.com.br\\\/wp-content\\\/uploads\\\/2026\\\/04\\\/The-citys-now-iconic-flag-adopted-by-City-Council.jpeg\",\"width\":1200,\"height\":967,\"caption\":\"The city\u2019s now iconic flag adopted by City Council\"},{\"@type\":\"BreadcrumbList\",\"@id\":\"https:\\\/\\\/ubirataonline.com.br\\\/the-citys-now-iconic-flag-adopted-by-city-council\\\/#breadcrumb\",\"itemListElement\":[{\"@type\":\"ListItem\",\"position\":1,\"name\":\"In\u00edcio\",\"item\":\"https:\\\/\\\/ubirataonline.com.br\\\/\"},{\"@type\":\"ListItem\",\"position\":2,\"name\":\"The city\u2019s now iconic flag adopted by City Council\"}]},{\"@type\":\"WebSite\",\"@id\":\"https:\\\/\\\/ubirataonline.com.br\\\/#website\",\"url\":\"https:\\\/\\\/ubirataonline.com.br\\\/\",\"name\":\"Ubirat\u00e3 Online Not\u00edcias\",\"description\":\"Not\u00edcias de Ubirat\u00e3, regi\u00e3o, Brasil e mundo, com informa\u00e7\u00e3o atualizada e compromisso com o leitor.\",\"publisher\":{\"@id\":\"https:\\\/\\\/ubirataonline.com.br\\\/#organization\"},\"alternateName\":\"Ubirat\u00e3 Online\",\"potentialAction\":[{\"@type\":\"SearchAction\",\"target\":{\"@type\":\"EntryPoint\",\"urlTemplate\":\"https:\\\/\\\/ubirataonline.com.br\\\/?s={search_term_string}\"},\"query-input\":{\"@type\":\"PropertyValueSpecification\",\"valueRequired\":true,\"valueName\":\"search_term_string\"}}],\"inLanguage\":\"en-US\"},{\"@type\":[\"Organization\",\"Place\"],\"@id\":\"https:\\\/\\\/ubirataonline.com.br\\\/#organization\",\"name\":\"Ubirat\u00e3 Online Not\u00edcias\",\"alternateName\":\"Ubirat\u00e3 Online\",\"url\":\"https:\\\/\\\/ubirataonline.com.br\\\/\",\"logo\":{\"@id\":\"https:\\\/\\\/ubirataonline.com.br\\\/the-citys-now-iconic-flag-adopted-by-city-council\\\/#local-main-organization-logo\"},\"image\":{\"@id\":\"https:\\\/\\\/ubirataonline.com.br\\\/the-citys-now-iconic-flag-adopted-by-city-council\\\/#local-main-organization-logo\"},\"sameAs\":[\"https:\\\/\\\/www.facebook.com\\\/portalubirataonline\",\"https:\\\/\\\/x.com\\\/ubirataonline\",\"https:\\\/\\\/mastodon.social\\\/@ubirataonline\",\"https:\\\/\\\/www.facebook.com\\\/groups\\\/311144672285604\",\"https:\\\/\\\/www.facebook.com\\\/UBTAOnline\",\"https:\\\/\\\/www.instagram.com\\\/portalubirataonline\\\/\",\"https:\\\/\\\/twitter.com\\\/ubirataonline\"],\"description\":\"Somos um portal de not\u00edcias independente, criado em 5 de janeiro de 2009, com o objetivo de informar, conectar e valorizar a nossa comunidade de Ubirat\u00e3 e toda aregi\u00e3o. Com conte\u00fado atualizado, confi\u00e1vel e relevante, o Ubirat\u00e3 Online \u00e9 o seu espa\u00e7o para ficar por dentro dos principais acontecimentos locais, regionais, Brasil, Mundo e de interesse geral. Nosso compromisso \u00e9 com a verdade, a transpar\u00eancia e o respeito ao leitor.\",\"legalName\":\"UBIRATA ONLINE NOT\u00cdCIAS\",\"foundingDate\":\"2009-01-05\",\"numberOfEmployees\":{\"@type\":\"QuantitativeValue\",\"minValue\":\"1\",\"maxValue\":\"10\"},\"publishingPrinciples\":\"https:\\\/\\\/ubirataonline.com.br\\\/faq\\\/\",\"address\":{\"@id\":\"https:\\\/\\\/ubirataonline.com.br\\\/the-citys-now-iconic-flag-adopted-by-city-council\\\/#local-main-place-address\"},\"geo\":{\"@type\":\"GeoCoordinates\",\"latitude\":\"-24.5361401\",\"longitude\":\"-52.9921776\"},\"telephone\":[\"+5544998308235\"],\"contactPoint\":{\"@type\":\"ContactPoint\",\"email\":\"contato@ubirataonline.com.br\"},\"openingHoursSpecification\":{\"@type\":\"OpeningHoursSpecification\",\"dayOfWeek\":[\"Monday\",\"Tuesday\",\"Wednesday\",\"Thursday\",\"Friday\",\"Saturday\",\"Sunday\"],\"opens\":\"00:00\",\"closes\":\"23:59\"},\"email\":\"contato@ubirataonline.com.br\",\"vatID\":\"47.621.418\\\/0001-80\"},{\"@type\":\"Person\",\"@id\":\"https:\\\/\\\/ubirataonline.com.br\\\/#\\\/schema\\\/person\\\/372f87bbd3fdd79b8556b84c98d0bc1c\",\"name\":\"REDA\u00c7\u00c3O: UBIRAT\u00c3 ONLINE - F\u00c1BIO AUGUSTO CELESTINO\",\"pronouns\":\"Ele\",\"description\":\"Desde 2003 trabalhando com not\u00edcias.\",\"sameAs\":[\"http:\\\/\\\/ubirataoline.com.br\",\"https:\\\/\\\/www.facebook.com\\\/portalubirataonline\",\"https:\\\/\\\/www.instagram.com\\\/ubirataonline_oficial\",\"https:\\\/\\\/x.com\\\/x.com\\\/ubirataonline\"],\"honorificPrefix\":\"Mr.\",\"honorificSuffix\":\"MD\",\"birthDate\":\"1980-06-16\",\"gender\":\"masculino\",\"award\":[\"V\u00e1rios pr\u00eamios de melhor portal da cidade\"],\"jobTitle\":\"Diretor\",\"url\":\"https:\\\/\\\/ubirataonline.com.br\\\/en\\\/author\\\/ubirataonline\\\/\"},{\"@type\":\"PostalAddress\",\"@id\":\"https:\\\/\\\/ubirataonline.com.br\\\/the-citys-now-iconic-flag-adopted-by-city-council\\\/#local-main-place-address\",\"streetAddress\":\"Rua dos Coqueiros, 104 - Bairro Boa Vista, Rua dos Coqueiros, 104 Bairro Boa Vista\",\"addressLocality\":\"UBIRATA\",\"postalCode\":\"85440-000\",\"addressRegion\":\"PR\",\"addressCountry\":\"BR\"},{\"@type\":\"ImageObject\",\"inLanguage\":\"en-US\",\"@id\":\"https:\\\/\\\/ubirataonline.com.br\\\/the-citys-now-iconic-flag-adopted-by-city-council\\\/#local-main-organization-logo\",\"url\":\"https:\\\/\\\/ubirataonline.com.br\\\/wp-content\\\/uploads\\\/2026\\\/06\\\/logoubirataonline-1.webp\",\"contentUrl\":\"https:\\\/\\\/ubirataonline.com.br\\\/wp-content\\\/uploads\\\/2026\\\/06\\\/logoubirataonline-1.webp\",\"width\":500,\"height\":500,\"caption\":\"Ubirat\u00e3 Online Not\u00edcias\"}]}<\/script>\n<meta name=\"geo.placename\" content=\"UBIRATA\" \/>\n<meta name=\"geo.position\" content=\"-24.5361401;-52.9921776\" \/>\n<meta name=\"geo.region\" content=\"Brazil\" \/>\n<!-- \/ Yoast SEO Premium plugin. -->","yoast_head_json":{"title":"The city\u2019s now iconic flag adopted by City Council - Ubirat\u00e3 Online Not\u00edcias - A realidade ao seu alcance!","description":"Here&#x27;s a look back at what happened in the Chicago area on April 4, according to the Tribune&#x27;s archives. Is an important event missing from this date? Email us.","robots":{"index":"index","follow":"follow","max-snippet":"max-snippet:-1","max-image-preview":"max-image-preview:large","max-video-preview":"max-video-preview:-1"},"canonical":"https:\/\/ubirataonline.com.br\/en\/the-citys-now-iconic-flag-adopted-by-city-council\/","og_locale":"en_US","og_type":"article","og_title":"The city\u2019s now iconic flag adopted by City Council","og_description":"Here&#x27;s a look back at what happened in the Chicago area on April 4, according to the Tribune&#x27;s archives. Is an important event missing from this date? Email us.","og_url":"https:\/\/ubirataonline.com.br\/en\/the-citys-now-iconic-flag-adopted-by-city-council\/","og_site_name":"Ubirat\u00e3 Online Not\u00edcias - A realidade ao seu alcance!","article_publisher":"https:\/\/www.facebook.com\/portalubirataonline","article_author":"https:\/\/www.facebook.com\/portalubirataonline","article_published_time":"2026-04-04T10:00:55+00:00","og_image":[{"width":1200,"height":967,"url":"https:\/\/ubirataonline.com.br\/wp-content\/uploads\/2026\/04\/The-citys-now-iconic-flag-adopted-by-City-Council.jpeg","type":"image\/jpeg"}],"author":"REDA\u00c7\u00c3O: UBIRAT\u00c3 ONLINE - F\u00c1BIO AUGUSTO CELESTINO","twitter_card":"summary_large_image","twitter_creator":"@x.com\/ubirataonline","twitter_site":"@ubirataonline","twitter_misc":{"Written by":"REDA\u00c7\u00c3O: UBIRAT\u00c3 ONLINE - F\u00c1BIO AUGUSTO CELESTINO","Est. reading time":"6 minutes"},"schema":{"@context":"https:\/\/schema.org","@graph":[{"@type":"NewsArticle","@id":"https:\/\/ubirataonline.com.br\/the-citys-now-iconic-flag-adopted-by-city-council\/#article","isPartOf":{"@id":"https:\/\/ubirataonline.com.br\/the-citys-now-iconic-flag-adopted-by-city-council\/"},"author":{"name":"REDA\u00c7\u00c3O: UBIRAT\u00c3 ONLINE - F\u00c1BIO AUGUSTO CELESTINO","@id":"https:\/\/ubirataonline.com.br\/#\/schema\/person\/372f87bbd3fdd79b8556b84c98d0bc1c"},"headline":"The city\u2019s now iconic flag adopted by City Council","datePublished":"2026-04-04T10:00:55+00:00","mainEntityOfPage":{"@id":"https:\/\/ubirataonline.com.br\/the-citys-now-iconic-flag-adopted-by-city-council\/"},"wordCount":1139,"publisher":{"@id":"https:\/\/ubirataonline.com.br\/#organization"},"image":{"@id":"https:\/\/ubirataonline.com.br\/the-citys-now-iconic-flag-adopted-by-city-council\/#primaryimage"},"thumbnailUrl":"https:\/\/ubirataonline.com.br\/wp-content\/uploads\/2026\/04\/The-citys-now-iconic-flag-adopted-by-City-Council.jpeg","keywords":["adopted","City","Citys","council","flag","iconic"],"articleSection":["Ubirat\u00e3"],"inLanguage":"en-US","copyrightYear":"2026","copyrightHolder":{"@id":"https:\/\/ubirataonline.com.br\/en\/#organization"}},{"@type":"WebPage","@id":"https:\/\/ubirataonline.com.br\/the-citys-now-iconic-flag-adopted-by-city-council\/","url":"https:\/\/ubirataonline.com.br\/the-citys-now-iconic-flag-adopted-by-city-council\/","name":"The city\u2019s now iconic flag adopted by City Council - Ubirat\u00e3 Online Not\u00edcias - A realidade ao seu alcance!","isPartOf":{"@id":"https:\/\/ubirataonline.com.br\/#website"},"primaryImageOfPage":{"@id":"https:\/\/ubirataonline.com.br\/the-citys-now-iconic-flag-adopted-by-city-council\/#primaryimage"},"image":{"@id":"https:\/\/ubirataonline.com.br\/the-citys-now-iconic-flag-adopted-by-city-council\/#primaryimage"},"thumbnailUrl":"https:\/\/ubirataonline.com.br\/wp-content\/uploads\/2026\/04\/The-citys-now-iconic-flag-adopted-by-City-Council.jpeg","datePublished":"2026-04-04T10:00:55+00:00","description":"Here&#x27;s a look back at what happened in the Chicago area on April 4, according to the Tribune&#x27;s archives. Is an important event missing from this date? Email us.","breadcrumb":{"@id":"https:\/\/ubirataonline.com.br\/the-citys-now-iconic-flag-adopted-by-city-council\/#breadcrumb"},"inLanguage":"en-US","potentialAction":[{"@type":"ReadAction","target":["https:\/\/ubirataonline.com.br\/the-citys-now-iconic-flag-adopted-by-city-council\/"]}]},{"@type":"ImageObject","inLanguage":"en-US","@id":"https:\/\/ubirataonline.com.br\/the-citys-now-iconic-flag-adopted-by-city-council\/#primaryimage","url":"https:\/\/ubirataonline.com.br\/wp-content\/uploads\/2026\/04\/The-citys-now-iconic-flag-adopted-by-City-Council.jpeg","contentUrl":"https:\/\/ubirataonline.com.br\/wp-content\/uploads\/2026\/04\/The-citys-now-iconic-flag-adopted-by-City-Council.jpeg","width":1200,"height":967,"caption":"The city\u2019s now iconic flag adopted by City Council"},{"@type":"BreadcrumbList","@id":"https:\/\/ubirataonline.com.br\/the-citys-now-iconic-flag-adopted-by-city-council\/#breadcrumb","itemListElement":[{"@type":"ListItem","position":1,"name":"In\u00edcio","item":"https:\/\/ubirataonline.com.br\/"},{"@type":"ListItem","position":2,"name":"The city\u2019s now iconic flag adopted by City Council"}]},{"@type":"WebSite","@id":"https:\/\/ubirataonline.com.br\/#website","url":"https:\/\/ubirataonline.com.br\/","name":"Ubirat\u00e3 Online Not\u00edcias","description":"Not\u00edcias de Ubirat\u00e3, regi\u00e3o, Brasil e mundo, com informa\u00e7\u00e3o atualizada e compromisso com o leitor.","publisher":{"@id":"https:\/\/ubirataonline.com.br\/#organization"},"alternateName":"Ubirat\u00e3 Online","potentialAction":[{"@type":"SearchAction","target":{"@type":"EntryPoint","urlTemplate":"https:\/\/ubirataonline.com.br\/?s={search_term_string}"},"query-input":{"@type":"PropertyValueSpecification","valueRequired":true,"valueName":"search_term_string"}}],"inLanguage":"en-US"},{"@type":["Organization","Place"],"@id":"https:\/\/ubirataonline.com.br\/#organization","name":"Ubirat\u00e3 Online Not\u00edcias","alternateName":"Ubirat\u00e3 Online","url":"https:\/\/ubirataonline.com.br\/","logo":{"@id":"https:\/\/ubirataonline.com.br\/the-citys-now-iconic-flag-adopted-by-city-council\/#local-main-organization-logo"},"image":{"@id":"https:\/\/ubirataonline.com.br\/the-citys-now-iconic-flag-adopted-by-city-council\/#local-main-organization-logo"},"sameAs":["https:\/\/www.facebook.com\/portalubirataonline","https:\/\/x.com\/ubirataonline","https:\/\/mastodon.social\/@ubirataonline","https:\/\/www.facebook.com\/groups\/311144672285604","https:\/\/www.facebook.com\/UBTAOnline","https:\/\/www.instagram.com\/portalubirataonline\/","https:\/\/twitter.com\/ubirataonline"],"description":"Somos um portal de not\u00edcias independente, criado em 5 de janeiro de 2009, com o objetivo de informar, conectar e valorizar a nossa comunidade de Ubirat\u00e3 e toda aregi\u00e3o. Com conte\u00fado atualizado, confi\u00e1vel e relevante, o Ubirat\u00e3 Online \u00e9 o seu espa\u00e7o para ficar por dentro dos principais acontecimentos locais, regionais, Brasil, Mundo e de interesse geral. Nosso compromisso \u00e9 com a verdade, a transpar\u00eancia e o respeito ao leitor.","legalName":"UBIRATA ONLINE NOT\u00cdCIAS","foundingDate":"2009-01-05","numberOfEmployees":{"@type":"QuantitativeValue","minValue":"1","maxValue":"10"},"publishingPrinciples":"https:\/\/ubirataonline.com.br\/faq\/","address":{"@id":"https:\/\/ubirataonline.com.br\/the-citys-now-iconic-flag-adopted-by-city-council\/#local-main-place-address"},"geo":{"@type":"GeoCoordinates","latitude":"-24.5361401","longitude":"-52.9921776"},"telephone":["+5544998308235"],"contactPoint":{"@type":"ContactPoint","email":"contato@ubirataonline.com.br"},"openingHoursSpecification":{"@type":"OpeningHoursSpecification","dayOfWeek":["Monday","Tuesday","Wednesday","Thursday","Friday","Saturday","Sunday"],"opens":"00:00","closes":"23:59"},"email":"contato@ubirataonline.com.br","vatID":"47.621.418\/0001-80"},{"@type":"Person","@id":"https:\/\/ubirataonline.com.br\/#\/schema\/person\/372f87bbd3fdd79b8556b84c98d0bc1c","name":"REDA\u00c7\u00c3O: UBIRAT\u00c3 ONLINE - F\u00c1BIO AUGUSTO CELESTINO","pronouns":"Ele","description":"Desde 2003 trabalhando com not\u00edcias.","sameAs":["http:\/\/ubirataoline.com.br","https:\/\/www.facebook.com\/portalubirataonline","https:\/\/www.instagram.com\/ubirataonline_oficial","https:\/\/x.com\/x.com\/ubirataonline"],"honorificPrefix":"Mr.","honorificSuffix":"MD","birthDate":"1980-06-16","gender":"masculino","award":["V\u00e1rios pr\u00eamios de melhor portal da cidade"],"jobTitle":"Diretor","url":"https:\/\/ubirataonline.com.br\/en\/author\/ubirataonline\/"},{"@type":"PostalAddress","@id":"https:\/\/ubirataonline.com.br\/the-citys-now-iconic-flag-adopted-by-city-council\/#local-main-place-address","streetAddress":"Rua dos Coqueiros, 104 - Bairro Boa Vista, Rua dos Coqueiros, 104 Bairro Boa Vista","addressLocality":"UBIRATA","postalCode":"85440-000","addressRegion":"PR","addressCountry":"BR"},{"@type":"ImageObject","inLanguage":"en-US","@id":"https:\/\/ubirataonline.com.br\/the-citys-now-iconic-flag-adopted-by-city-council\/#local-main-organization-logo","url":"https:\/\/ubirataonline.com.br\/wp-content\/uploads\/2026\/06\/logoubirataonline-1.webp","contentUrl":"https:\/\/ubirataonline.com.br\/wp-content\/uploads\/2026\/06\/logoubirataonline-1.webp","width":500,"height":500,"caption":"Ubirat\u00e3 Online Not\u00edcias"}]},"geo.placename":"UBIRATA","geo.position":{"lat":"-24.5361401","long":"-52.9921776"},"geo.region":"Brazil"},"_links":{"self":[{"href":"https:\/\/ubirataonline.com.br\/en\/wp-json\/wp\/v2\/posts\/99254","targetHints":{"allow":["GET"]}}],"collection":[{"href":"https:\/\/ubirataonline.com.br\/en\/wp-json\/wp\/v2\/posts"}],"about":[{"href":"https:\/\/ubirataonline.com.br\/en\/wp-json\/wp\/v2\/types\/post"}],"author":[{"embeddable":true,"href":"https:\/\/ubirataonline.com.br\/en\/wp-json\/wp\/v2\/users\/1"}],"replies":[{"embeddable":true,"href":"https:\/\/ubirataonline.com.br\/en\/wp-json\/wp\/v2\/comments?post=99254"}],"version-history":[{"count":0,"href":"https:\/\/ubirataonline.com.br\/en\/wp-json\/wp\/v2\/posts\/99254\/revisions"}],"wp:featuredmedia":[{"embeddable":true,"href":"https:\/\/ubirataonline.com.br\/en\/wp-json\/wp\/v2\/media\/99255"}],"wp:attachment":[{"href":"https:\/\/ubirataonline.com.br\/en\/wp-json\/wp\/v2\/media?parent=99254"}],"wp:term":[{"taxonomy":"category","embeddable":true,"href":"https:\/\/ubirataonline.com.br\/en\/wp-json\/wp\/v2\/categories?post=99254"},{"taxonomy":"post_tag","embeddable":true,"href":"https:\/\/ubirataonline.com.br\/en\/wp-json\/wp\/v2\/tags?post=99254"}],"curies":[{"name":"wp","href":"https:\/\/api.w.org\/{rel}","templated":true}]}}