{"id":99309,"date":"2026-04-04T13:27:51","date_gmt":"2026-04-04T16:27:51","guid":{"rendered":"https:\/\/ubirataonline.com.br\/trabzonspor-galatasaray-derbisi-canli-izle-mac-ne-zaman-saat-kacta-hangi-kanalda-son-dakika-trabzonspor-haberleri\/"},"modified":"2026-04-04T13:28:00","modified_gmt":"2026-04-04T16:28:00","slug":"trabzonspor-galatasaray-derbisi-canli-izle-mac-ne-zaman-saat-kacta-hangi-kanalda-son-dakika-trabzonspor-haberleri","status":"publish","type":"post","link":"https:\/\/ubirataonline.com.br\/en\/trabzonspor-galatasaray-derbisi-canli-izle-mac-ne-zaman-saat-kacta-hangi-kanalda-son-dakika-trabzonspor-haberleri\/","title":{"rendered":"Trabzonspor-Galatasaray derbisi canl\u0131 izle | Ma\u00e7 ne zaman, saat ka\u00e7ta, hangi kanalda? &#8211; Son dakika Trabzonspor haberleri"},"content":{"rendered":"<p><br \/>\n<\/p>\n<div id=\"\">&#13;<br \/>\n&#13;<br \/>\n&#13;<\/p>\n<p>Milli aran\u0131n bo\u015flu\u011funu derbi heyecan\u0131n\u0131n doldurdu\u011fu hafta sonunda, \u015fampiyonluk yar\u0131\u015f\u0131nda kritik bir viraj olan <a href=\"https:\/\/www.fotomac.com.tr\/haberleri\/karadeniz?id=82250282-4b1e-4ec0-b0e1-fb880e1507a3\" class=\"\">Karadeniz<\/a>&#8216;deki derbi i\u00e7in nefesler tutuldu. 64 puanla zirveye yerle\u015fen <a href=\"https:\/\/www.fotomac.com.tr\/haberleri\/galatasaray?id=3244342f-a271-458a-9df6-4ce02ec4287d\" class=\"\">Galatasaray<\/a>, 60 puanl\u0131 <a href=\"https:\/\/www.fotomac.com.tr\/haberleri\/trabzonspor?id=7e627a6a-fd2a-4eed-8810-7c1f75052d1b\" class=\"\">Trabzonspor<\/a>&#8216;un konu\u011fu oluyor. Yar\u0131n <a href=\"https:\/\/www.fotomac.com.tr\/haberleri\/kadikoy?id=e548cd76-76fa-4d36-a53a-26a033a3f7d4\" class=\"\">Kad\u0131k\u00f6y<\/a>&#8216;de oynanacak <a href=\"https:\/\/www.fotomac.com.tr\/haberleri\/fenerbahce?id=65439000-410e-4c14-94da-0622ac043911\" class=\"\">Fenerbah\u00e7e<\/a>-Be\u015fikta\u015f derbisinin de kaderini belirleyecek m\u00fccadelede, \u015fampiyonluk yar\u0131\u015f\u0131na ortak olmak isteyen <a href=\"https:\/\/www.fotomac.com.tr\/haberleri\/firtina?id=dd61d383-6d3d-4021-985e-26099337a93b\" class=\"\">F\u0131rt\u0131na<\/a> m\u0131, yoksa Akyaz\u0131&#8217;dan 3 puan \u00e7\u0131kar\u0131p zirvede rakipsiz kalmay\u0131 hedefleyen Galatasaray m\u0131 galip gelecek? Kaleci <a href=\"https:\/\/www.fotomac.com.tr\/haberleri\/ugurcan-cakir?id=a4015fb9-2aea-4415-aab9-7e2faab65ade\" class=\"\">U\u011furcan \u00c7ak\u0131r<\/a>&#8216;\u0131n Galatasaray&#8217;a transferi sonras\u0131 bordo-mavililere kar\u015f\u0131 ilk kez deplasmanda forma giyece\u011fi kar\u015f\u0131la\u015fmada hakem <a href=\"https:\/\/www.fotomac.com.tr\/haberleri\/cihan-aydin?id=43f8cc89-cd7c-4b52-ad5c-a81c763888eb\" class=\"\">Cihan Ayd\u0131n<\/a> d\u00fcd\u00fck \u00e7alacak. Peki Trabzonspor-Galatasaray ma\u00e7\u0131 ne zaman, saat ka\u00e7ta? Hangi kanalda canl\u0131 yay\u0131nlanacak? \u0130\u015fte 11&#8217;ler ve ma\u00e7 \u00f6ncesi son notlar!<\/p>\n<p>&#13;<\/p>\n<p><strong><span style=\"color:#FFFFFF\"><span style=\"background-color:#FF0000\">Trabzonspor-Galatasaray ma\u00e7\u0131n\u0131 haberimizden canl\u0131 olarak takip edebilirsiniz&#8230;<\/span><\/span><\/strong><\/p>\n<p>&#13;<\/p>\n<p><strong><a href=\"https:\/\/www.fotomac.com.tr\/canli-skor\/trabzonspor-galatasaray-maci-61730142\" target=\"_blank\"><\/a><\/strong><\/p>\n<p>&#13;<\/p>\n<p><strong><span style=\"background-color:#FFFF99\">TRABZONSPOR-GALATASARAY MA\u00c7I 11&#8217;LER\u0130<\/span><\/strong><\/p>\n<p>&#13;<\/p>\n<p><strong><span style=\"color:#FFFFFF\"><span style=\"background-color:#FF0000\">Trabzonspor:<\/span> <\/span>Onana, Pina, Nwaiwu, Savic, Mustafa, Folcarelli, Ozan, Zubkov, Nwakaeme, Augusto, Onuachu<\/strong>&#13;\n<\/p>\n<p><strong><span style=\"color:#FFFFFF\"><span style=\"background-color:#FF0000\">Galatasaray:<\/span><\/span>U\u011furcan, Singo, Davinson, Abd\u00fclkerim, Jakobs, Lemina, Torreira, Yunus, Bar\u0131\u015f, Lang, Icardi<\/strong><\/p>\n<p>&#13;<br \/>\n&#13;<\/p>\n<p><strong><span style=\"background-color:#FFFF99\">TRABZONSPOR-GALATASARAY MA\u00c7I NE ZAMAN?<\/span><\/strong><\/p>\n<p>&#13;<\/p>\n<p><a href=\"https:\/\/www.fotomac.com.tr\/haberleri\/super-lig?id=a86e4b22-da87-43fb-a994-21ba468838df\" class=\"\">S\u00fcper Lig<\/a>&#8216;in 28. haftas\u0131nda \u015fampiyonluk yar\u0131\u015f\u0131na do\u011frudan y\u00f6n verecek olan bu dev kap\u0131\u015fma, <strong><span style=\"color:#FFFFFF\"><span style=\"background-color:#FF0000\">4 Nisan 2026 Cumartesi g\u00fcn\u00fc<\/span><\/span><\/strong> oynanacak. Lider Galatasaray&#8217;\u0131n 64 puanla zirvedeki yerini koruma, Trabzonspor&#8217;un ise 60 puanla fark\u0131 1&#8217;e indirme m\u00fccadelesi verece\u011fi bu tarihi randevu i\u00e7in Karadeniz&#8217;de t\u00fcm haz\u0131rl\u0131klar tamamland\u0131.<\/p>\n<p>&#13;<\/p>\n<p><strong><span style=\"background-color:#FFFF99\">TRABZONSPOR-GALATASARAY MA\u00c7I SAAT KA\u00c7TA?<\/span><\/strong><\/p>\n<p>&#13;<\/p>\n<p><a href=\"https:\/\/www.fotomac.com.tr\/haberleri\/papara-park?id=cedbdb8c-29e5-49f0-b25f-e5aa26bc6f1b\" class=\"\">Papara Park<\/a>&#8216;\u0131n ev sahipli\u011fi yapaca\u011f\u0131 dev derbi, <strong><span style=\"color:#FFFFFF\"><span style=\"background-color:#FF0000\">saat 20.00&#8217;de<\/span><\/span><\/strong> ba\u015flayacak. Trib\u00fcnlerin tamamen dolmas\u0131 beklenen m\u00fccadelede, ilk d\u00fcd\u00fckle birlikte \u015fampiyonluk ate\u015finin Karadeniz semalar\u0131n\u0131 sarmas\u0131 bekleniyor.<\/p>\n<p>&#13;<\/p>\n<p><strong><span style=\"background-color:#FFFF99\">TRABZONSPOR-GALATASARAY MA\u00c7I HANG\u0130 KANALDA?<\/span><\/strong><\/p>\n<p>&#13;<\/p>\n<p>Milyonlar\u0131n kilitlendi\u011fi kritik derbi, S\u00fcper Lig&#8217;in resmi yay\u0131nc\u0131s\u0131 olan <strong><span style=\"color:#FFFFFF\"><span style=\"background-color:#FF0000\">beIN Sports 1<\/span><\/span><\/strong> ekranlar\u0131ndan canl\u0131 olarak yay\u0131nlanacak.<\/p>\n<p>&#13;<\/p>\n<p><strong><span style=\"background-color:#FFFF99\">TRABZONSPOR-GALATASARAY MA\u00c7I HAKEM\u0130 K\u0130M?<\/span><\/strong><\/p>\n<p>&#13;<\/p>\n<p>Merkez Hakem Kurulu (MHK), bu y\u00fcksek tansiyonlu zirve m\u00fccadelesini y\u00f6netmesi i\u00e7in tecr\u00fcbeli hakem <strong><span style=\"color:#FFFFFF\"><span style=\"background-color:#FF0000\">Cihan Ayd\u0131n<\/span><\/span><\/strong>&#8216;\u0131 g\u00f6revlendirdi. Ayd\u0131n&#8217;\u0131n <strong><span style=\"color:#FF0000\">yard\u0131mc\u0131l\u0131klar\u0131n\u0131 Bersan Duran ve S\u00fcleyman \u00d6zay yapacak.<\/span><\/strong> Ma\u00e7\u0131n <strong><span style=\"color:#FF0000\">d\u00f6rd\u00fcnc\u00fc hakemi ise Alper Akarsu<\/span><\/strong> olacak. Merkez Hakem Kurulu taraf\u0131ndan ger\u00e7ekle\u015ftirilen g\u00f6revlendirme neticesinde m\u00fccadelenin VAR hakemli\u011fini <strong><span style=\"color:#FF0000\">Erkan Engin<\/span><\/strong> yapacak. M\u00fccadelenin <strong><span style=\"color:#FF0000\">AVAR hakemi ise An\u0131l Usta<\/span><\/strong> olacak.<\/p>\n<p>&#13;<\/p>\n<p><strong><span style=\"background-color:#FFFF99\">KARADEN\u0130Z&#8217;DE 143. RANDEVU<\/span><\/strong><\/p>\n<p>&#13;<\/p>\n<p><strong><span style=\"background-color:#FFFF99\"\/><\/strong>T\u00fcrk futbolunun iki devi, bug\u00fcne kadar farkl\u0131 kulvarlarda toplam 142 kez kar\u015f\u0131 kar\u015f\u0131ya geldi. Bu dev rekabetin genel tablosunda Galatasaray&#8217;\u0131n 66 galibiyetine kar\u015f\u0131l\u0131k, Trabzonspor&#8217;un 44 galibiyeti bulunuyor; 32 m\u00fccadelede ise e\u015fitlik bozulmad\u0131.<\/p>\n<p>&#13;<\/p>\n<p>Lig \u00f6zelinde bak\u0131ld\u0131\u011f\u0131nda da sar\u0131-k\u0131rm\u0131z\u0131l\u0131lar\u0131n 47-32&#8217;lik bir \u00fcst\u00fcnl\u00fc\u011f\u00fc g\u00f6ze \u00e7arp\u0131yor. Bu sezonun \u00fc\u00e7\u00fcnc\u00fc randevusuna \u00e7\u0131kacak ekiplerden Galatasaray, ligin ilk yar\u0131s\u0131ndaki gols\u00fcz e\u015fitli\u011fin ard\u0131ndan S\u00fcper Kupa finalinde rakibini 4-1 ma\u011flup ederek kupay\u0131 m\u00fczesine g\u00f6t\u00fcrm\u00fc\u015ft\u00fc.<\/p>\n<p>&#13;<\/p>\n<p><strong><span style=\"background-color:#FFFF99\">FIRTINA&#8217;NIN KALES\u0130NDE TANID<\/span><\/strong><strong><span style=\"background-color:#FFFF99\">IK RAK\u0130P<\/span><\/strong><\/p>\n<p>&#13;<\/p>\n<p><strong><span style=\"background-color:#FFFF99\"\/><\/strong>Derbinin en duygusal ve dikkat \u00e7ekici hikayesi kalede ya\u015fanacak. Sezon ba\u015f\u0131nda Trabzonspor&#8217;dan rekor bir \u00fccretle Galatasaray&#8217;a transfer olan milli eldiven U\u011furcan \u00c7ak\u0131r, y\u0131llarca kaptanl\u0131\u011f\u0131n\u0131 yapt\u0131\u011f\u0131 ve efsanele\u015fti\u011fi bordo-mavi trib\u00fcnlerin \u00f6n\u00fcne bu kez rakip olarak \u00e7\u0131kacak. Karadeniz ekibine kar\u015f\u0131 daha \u00f6nce \u0130stanbul&#8217;da ve S\u00fcper Kupa&#8217;da g\u00f6rev yapan 29 ya\u015f\u0131ndaki ba\u015far\u0131l\u0131 kaleci, kariyerinde ilk kez Trabzon deplasman\u0131nda rakip kaleyi koruman\u0131n heyecan\u0131n\u0131 ya\u015fayacak.<\/p>\n<p>&#13;<\/p>\n<p><strong><span style=\"background-color:#FFFF99\">TRABZON&#8217;DA 6 YILDIR YIKILMAYAN C\u0130MBOM<\/span><\/strong><\/p>\n<p>&#13;<\/p>\n<p><strong><span style=\"background-color:#FFFF99\"\/><\/strong>Galatasaray, Trabzon deplasman\u0131ndaki son 6 m\u00fcsabakada ma\u011flubiyet y\u00fcz\u00fc g\u00f6rmeyerek zorlu d\u0131\u015f saha karnesini ba\u015far\u0131yla s\u00fcrd\u00fcrd\u00fc. Karadeniz&#8217;de son olarak 2018 y\u0131l\u0131nda kaybeden Aslan, o tarihten bu yana oynanan 6 ma\u00e7tan 3 galibiyet ve 3 beraberlik \u00e7\u0131kard\u0131.<\/p>\n<p>&#13;<\/p>\n<p>Teknik adamlar cephesinde ise ilgin\u00e7 bir istatistik hakim; Okan Buruk ile <a href=\"https:\/\/www.fotomac.com.tr\/haberleri\/fatih-tekke?id=d4c7f6af-a3a0-4681-8df7-0f5c98b28d85\" class=\"\">Fatih Tekke<\/a> bug\u00fcne dek 9 kez rakip olurken, Buruk bu ma\u00e7lar\u0131n 8&#8217;inden zaferle ayr\u0131ld\u0131. Fatih Tekke y\u00f6netimindeki Trabzonspor, bu \u015fanss\u0131z d\u00f6ng\u00fcy\u00fc k\u0131rarak zirve yar\u0131\u015f\u0131na tutunmak istiyor.<\/p>\n<p>&#13;<\/p>\n<p><strong><span style=\"background-color:#FFFF99\">Z\u0130RVEDE SAKATLIK ALARMI<\/span><\/strong><\/p>\n<p>&#13;<\/p>\n<p><strong><span style=\"background-color:#FFFF99\"\/><\/strong>Lider Galatasaray, Trabzonspor kar\u015f\u0131s\u0131na h\u00fccum hatt\u0131ndaki \u00f6nemli eksiklerle \u00e7\u0131k\u0131yor. \u015eampiyonlar Ligi&#8217;ndeki Liverpool m\u00fccadelesinde kolu k\u0131r\u0131lan gol makinesi Victor <a href=\"https:\/\/www.fotomac.com.tr\/haberleri\/osimhen?id=c1d635c9-0b83-40b1-9dfc-0f73e8f2cba4\" class=\"\">Osimhen<\/a> ve derbi cezal\u0131s\u0131 Leroy <a href=\"https:\/\/www.fotomac.com.tr\/haberleri\/sane?id=73dda0b6-c65c-47e7-9f7a-d57626622c83\" class=\"\">Sane<\/a> bu ak\u015fam sahada olamayacak. Brezilya Milli Tak\u0131m\u0131&#8217;ndan sakat d\u00f6nen orkestra \u015fefi Gabriel Sara&#8217;n\u0131n durumu ise ma\u00e7 saatinde netle\u015fecek. Ligin en golc\u00fc ve en az gol yiyen tak\u0131m\u0131 unvan\u0131n\u0131 ta\u015f\u0131yan sar\u0131-k\u0131rm\u0131z\u0131l\u0131larda, 13 goll\u00fc Mauro Icardi ve son d\u00f6nemin formda ismi Bar\u0131\u015f Alper Y\u0131lmaz, zorlu deplasmanda galibiyetin anahtar\u0131 olacak.<\/p>\n<p>&#13;<\/p>\n<p><strong><span style=\"background-color:#FFFF99\">PAPARA PARK&#8217;TA 930 G\u00dcNL\u00dcK AMBARGO<\/span><\/strong><\/p>\n<p>&#13;<\/p>\n<p><strong><span style=\"background-color:#FFFF99\"\/><\/strong>Bordo-mavililer i\u00e7in Galatasaray randevusu, sadece zirve yar\u0131\u015f\u0131 de\u011fil, ayn\u0131 zamanda dev rakiplerine kar\u015f\u0131 s\u00fcregelen kabusu bitirme anlam\u0131 ta\u015f\u0131yor. Evindeki son b\u00fcy\u00fck galibiyetini Eyl\u00fcl 2023&#8217;te Be\u015fikta\u015f&#8217;a kar\u015f\u0131 alan Trabzonspor, tam 930 g\u00fcnd\u00fcr sahas\u0131nda \u00fc\u00e7 b\u00fcy\u00fck rakibini (GS, FB, BJK) ma\u011flup edememenin bask\u0131s\u0131n\u0131 ya\u015f\u0131yor. Karadeniz ekibi, deplasman galibiyetleri de dahil edildi\u011finde son 882 g\u00fcnd\u00fcr derbi kazanamazken; S\u00fcper Lig, T\u00fcrkiye Kupas\u0131 ve S\u00fcper Kupa&#8217;y\u0131 kapsayan son 16 resmi b\u00fcy\u00fck ma\u00e7ta yaln\u0131zca 3 beraberlik alabildi ve 13 kez sahadan boynu b\u00fck\u00fck ayr\u0131ld\u0131.<\/p>\n<p>&#13;<\/p>\n<p><strong><span style=\"background-color:#FFFF99\">HASRET FAT\u0130H TEKKE \u0130LE B\u0130TECEK M\u0130?<\/span><\/strong><\/p>\n<p>&#13;<\/p>\n<p><strong><span style=\"background-color:#FFFF99\"\/><\/strong>Trabzonspor&#8217;un b\u00fcy\u00fck ma\u00e7lardaki son galibiyet sevinci, Kas\u0131m 2023&#8217;te Abdullah Avc\u0131 y\u00f6netiminde \u0130stanbul&#8217;da al\u0131nan Fenerbah\u00e7e galibiyetiyle (3-2) kal\u0131rken, o tarihten bu yana kul\u00fcbede ve sahada i\u015fler istenildi\u011fi gibi gitmedi. Bu s\u00fcre\u00e7te sadece ligde de\u011fil, iki T\u00fcrkiye Kupas\u0131 finalini ve bir S\u00fcper Kupa yar\u0131 finalini de rakiplerine kapt\u0131ran Karadeniz ekibi, tarihinin en uzun &#8220;derbi galibiyeti hasreti&#8221; serilerinden birini ya\u015f\u0131yor. Fatih Tekke ve \u00f6\u011frencileri, bu ak\u015fam hem taraftar\u0131 \u00f6n\u00fcndeki 930 g\u00fcnl\u00fck suskunlu\u011fu bozmak hem de \u015fampiyonluk yolundaki rakiplerine &#8220;ben de var\u0131m&#8221; demek i\u00e7in sahaya \u00e7\u0131kacak.<\/p>\n<p>&#13;<br \/>\n                        &#13;<br \/>\n&#13;<br \/>\n                &#13;<\/p>\n<nav class=\"tag-list\" aria-label=\"\ufffdlgili Etiketler\">&#13;<br \/>\n        &#13;<br \/>\n    <\/nav>\n<p>&#13;<br \/>\n&#13;\n            <\/p><\/div>\n<p><br \/>\n<br \/><a href=\"https:\/\/www.fotomac.com.tr\/trabzonspor\/2026\/04\/04\/trabzonspor-galatasaray-derbisi-canli-izle-mac-ne-zaman-saat-kacta-hangi-kanalda-1775315862\">Source link <\/a><\/p>","protected":false},"excerpt":{"rendered":"<p>&#13; &#13; &#13; Milli aran\u0131n bo\u015flu\u011funu derbi heyecan\u0131n\u0131n doldurdu\u011fu hafta sonunda, \u015fampiyonluk yar\u0131\u015f\u0131nda kritik bir viraj olan Karadeniz&#8216;deki derbi i\u00e7in nefesler tutuldu. 64 puanla zirveye yerle\u015fen Galatasaray, 60 puanl\u0131 Trabzonspor&#8216;un konu\u011fu oluyor. Yar\u0131n Kad\u0131k\u00f6y&#8216;de oynanacak Fenerbah\u00e7e-Be\u015fikta\u015f derbisinin de kaderini belirleyecek m\u00fccadelede, \u015fampiyonluk yar\u0131\u015f\u0131na ortak olmak isteyen F\u0131rt\u0131na m\u0131, yoksa Akyaz\u0131&#8217;dan 3 puan \u00e7\u0131kar\u0131p zirvede rakipsiz [&hellip;]<\/p>\n","protected":false},"author":1,"featured_media":99310,"comment_status":"closed","ping_status":"","sticky":false,"template":"","format":"standard","meta":{"googlesitekit_rrm_CAow2JLhCw:productID":"","_gspb_post_css":"","maa_idioma":"","maa_pais":"","footnotes":""},"categories":[1],"tags":[7315,6895,24832,13615,16057,7596,24835,24836,5987,24834,5296,6890,24831,24833],"class_list":["post-99309","post","type-post","status-publish","format-standard","has-post-thumbnail","hentry","category-ubirata","tag-canli","tag-dakika","tag-derbisi","tag-haberleri","tag-hangi","tag-izle","tag-kacta","tag-kanalda","tag-mac","tag-saat","tag-son","tag-trabzonspor","tag-trabzonsporgalatasaray","tag-zaman"],"blocksy_meta":[],"yoast_head":"<!-- This site is optimized with the Yoast SEO Premium plugin v27.6 (Yoast SEO v27.6) - https:\/\/yoast.com\/product\/yoast-seo-premium-wordpress\/ -->\n<title>Trabzonspor-Galatasaray derbisi canl\u0131 izle | Ma\u00e7 ne zaman, saat ka\u00e7ta, hangi kanalda? - Son dakika Trabzonspor haberleri - Ubirat\u00e3 Online Not\u00edcias - A realidade ao seu alcance!<\/title>\n<meta name=\"description\" content=\"&#013; &#013; &#013; Milli aran\u0131n bo\u015flu\u011funu derbi heyecan\u0131n\u0131n doldurdu\u011fu hafta sonunda, \u015fampiyonluk yar\u0131\u015f\u0131nda kritik bir viraj olan Karadeniz&#039;deki derbi i\u00e7in\" \/>\n<meta name=\"robots\" content=\"index, follow, max-snippet:-1, max-image-preview:large, max-video-preview:-1\" \/>\n<link rel=\"canonical\" href=\"https:\/\/ubirataonline.com.br\/en\/trabzonspor-galatasaray-derbisi-canli-izle-mac-ne-zaman-saat-kacta-hangi-kanalda-son-dakika-trabzonspor-haberleri\/\" \/>\n<meta property=\"og:locale\" content=\"en_US\" \/>\n<meta property=\"og:type\" content=\"article\" \/>\n<meta property=\"og:title\" content=\"Trabzonspor-Galatasaray derbisi canl\u0131 izle | Ma\u00e7 ne zaman, saat ka\u00e7ta, hangi kanalda? - Son dakika Trabzonspor haberleri\" \/>\n<meta property=\"og:description\" content=\"&#013; &#013; &#013; Milli aran\u0131n bo\u015flu\u011funu derbi heyecan\u0131n\u0131n doldurdu\u011fu hafta sonunda, \u015fampiyonluk yar\u0131\u015f\u0131nda kritik bir viraj olan Karadeniz&#039;deki derbi i\u00e7in\" \/>\n<meta property=\"og:url\" content=\"https:\/\/ubirataonline.com.br\/en\/trabzonspor-galatasaray-derbisi-canli-izle-mac-ne-zaman-saat-kacta-hangi-kanalda-son-dakika-trabzonspor-haberleri\/\" \/>\n<meta property=\"og:site_name\" content=\"Ubirat\u00e3 Online Not\u00edcias - A realidade ao seu alcance!\" \/>\n<meta property=\"article:publisher\" content=\"https:\/\/www.facebook.com\/portalubirataonline\" \/>\n<meta property=\"article:author\" content=\"https:\/\/www.facebook.com\/portalubirataonline\" \/>\n<meta property=\"article:published_time\" content=\"2026-04-04T16:27:51+00:00\" \/>\n<meta property=\"article:modified_time\" content=\"2026-04-04T16:28:00+00:00\" \/>\n<meta property=\"og:image\" content=\"https:\/\/ubirataonline.com.br\/wp-content\/uploads\/2026\/04\/Trabzonspor-Galatasaray-derbisi-canli-izle-Mac-ne-zaman-saat-kacta.png\" \/>\n\t<meta property=\"og:image:width\" content=\"1200\" \/>\n\t<meta property=\"og:image:height\" content=\"675\" \/>\n\t<meta property=\"og:image:type\" content=\"image\/png\" \/>\n<meta name=\"author\" content=\"REDA\u00c7\u00c3O: UBIRAT\u00c3 ONLINE - F\u00c1BIO AUGUSTO CELESTINO\" \/>\n<meta name=\"twitter:card\" content=\"summary_large_image\" \/>\n<meta name=\"twitter:creator\" content=\"@x.com\/ubirataonline\" \/>\n<meta name=\"twitter:site\" content=\"@ubirataonline\" \/>\n<meta name=\"twitter:label1\" content=\"Written by\" \/>\n\t<meta name=\"twitter:data1\" content=\"REDA\u00c7\u00c3O: UBIRAT\u00c3 ONLINE - F\u00c1BIO AUGUSTO CELESTINO\" \/>\n\t<meta name=\"twitter:label2\" content=\"Est. reading time\" \/>\n\t<meta name=\"twitter:data2\" content=\"5 minutes\" \/>\n<script type=\"application\/ld+json\" class=\"yoast-schema-graph\">{\"@context\":\"https:\\\/\\\/schema.org\",\"@graph\":[{\"@type\":\"NewsArticle\",\"@id\":\"https:\\\/\\\/ubirataonline.com.br\\\/trabzonspor-galatasaray-derbisi-canli-izle-mac-ne-zaman-saat-kacta-hangi-kanalda-son-dakika-trabzonspor-haberleri\\\/#article\",\"isPartOf\":{\"@id\":\"https:\\\/\\\/ubirataonline.com.br\\\/trabzonspor-galatasaray-derbisi-canli-izle-mac-ne-zaman-saat-kacta-hangi-kanalda-son-dakika-trabzonspor-haberleri\\\/\"},\"author\":{\"name\":\"REDA\u00c7\u00c3O: UBIRAT\u00c3 ONLINE - F\u00c1BIO AUGUSTO CELESTINO\",\"@id\":\"https:\\\/\\\/ubirataonline.com.br\\\/#\\\/schema\\\/person\\\/372f87bbd3fdd79b8556b84c98d0bc1c\"},\"headline\":\"Trabzonspor-Galatasaray derbisi canl\u0131 izle | Ma\u00e7 ne zaman, saat ka\u00e7ta, hangi kanalda? &#8211; Son dakika Trabzonspor haberleri\",\"datePublished\":\"2026-04-04T16:27:51+00:00\",\"dateModified\":\"2026-04-04T16:28:00+00:00\",\"mainEntityOfPage\":{\"@id\":\"https:\\\/\\\/ubirataonline.com.br\\\/trabzonspor-galatasaray-derbisi-canli-izle-mac-ne-zaman-saat-kacta-hangi-kanalda-son-dakika-trabzonspor-haberleri\\\/\"},\"wordCount\":1007,\"publisher\":{\"@id\":\"https:\\\/\\\/ubirataonline.com.br\\\/#organization\"},\"image\":{\"@id\":\"https:\\\/\\\/ubirataonline.com.br\\\/trabzonspor-galatasaray-derbisi-canli-izle-mac-ne-zaman-saat-kacta-hangi-kanalda-son-dakika-trabzonspor-haberleri\\\/#primaryimage\"},\"thumbnailUrl\":\"https:\\\/\\\/ubirataonline.com.br\\\/wp-content\\\/uploads\\\/2026\\\/04\\\/Trabzonspor-Galatasaray-derbisi-canli-izle-Mac-ne-zaman-saat-kacta.png\",\"keywords\":[\"canl\u0131\",\"Dakika\",\"derbisi\",\"Haberleri\",\"hangi\",\"\u0130zle\",\"ka\u00e7ta\",\"kanalda\",\"Mac\",\"saat\",\"Son\",\"Trabzonspor\",\"TrabzonsporGalatasaray\",\"zaman\"],\"articleSection\":[\"Ubirat\u00e3\"],\"inLanguage\":\"en-US\",\"copyrightYear\":\"2026\",\"copyrightHolder\":{\"@id\":\"https:\\\/\\\/ubirataonline.com.br\\\/en\\\/#organization\"}},{\"@type\":\"WebPage\",\"@id\":\"https:\\\/\\\/ubirataonline.com.br\\\/trabzonspor-galatasaray-derbisi-canli-izle-mac-ne-zaman-saat-kacta-hangi-kanalda-son-dakika-trabzonspor-haberleri\\\/\",\"url\":\"https:\\\/\\\/ubirataonline.com.br\\\/trabzonspor-galatasaray-derbisi-canli-izle-mac-ne-zaman-saat-kacta-hangi-kanalda-son-dakika-trabzonspor-haberleri\\\/\",\"name\":\"Trabzonspor-Galatasaray derbisi canl\u0131 izle | Ma\u00e7 ne zaman, saat ka\u00e7ta, hangi kanalda? - Son dakika Trabzonspor haberleri - Ubirat\u00e3 Online Not\u00edcias - A realidade ao seu alcance!\",\"isPartOf\":{\"@id\":\"https:\\\/\\\/ubirataonline.com.br\\\/#website\"},\"primaryImageOfPage\":{\"@id\":\"https:\\\/\\\/ubirataonline.com.br\\\/trabzonspor-galatasaray-derbisi-canli-izle-mac-ne-zaman-saat-kacta-hangi-kanalda-son-dakika-trabzonspor-haberleri\\\/#primaryimage\"},\"image\":{\"@id\":\"https:\\\/\\\/ubirataonline.com.br\\\/trabzonspor-galatasaray-derbisi-canli-izle-mac-ne-zaman-saat-kacta-hangi-kanalda-son-dakika-trabzonspor-haberleri\\\/#primaryimage\"},\"thumbnailUrl\":\"https:\\\/\\\/ubirataonline.com.br\\\/wp-content\\\/uploads\\\/2026\\\/04\\\/Trabzonspor-Galatasaray-derbisi-canli-izle-Mac-ne-zaman-saat-kacta.png\",\"datePublished\":\"2026-04-04T16:27:51+00:00\",\"dateModified\":\"2026-04-04T16:28:00+00:00\",\"description\":\"&#13; &#13; &#13; Milli aran\u0131n bo\u015flu\u011funu derbi heyecan\u0131n\u0131n doldurdu\u011fu hafta sonunda, \u015fampiyonluk yar\u0131\u015f\u0131nda kritik bir viraj olan Karadeniz'deki derbi i\u00e7in\",\"breadcrumb\":{\"@id\":\"https:\\\/\\\/ubirataonline.com.br\\\/trabzonspor-galatasaray-derbisi-canli-izle-mac-ne-zaman-saat-kacta-hangi-kanalda-son-dakika-trabzonspor-haberleri\\\/#breadcrumb\"},\"inLanguage\":\"en-US\",\"potentialAction\":[{\"@type\":\"ReadAction\",\"target\":[\"https:\\\/\\\/ubirataonline.com.br\\\/trabzonspor-galatasaray-derbisi-canli-izle-mac-ne-zaman-saat-kacta-hangi-kanalda-son-dakika-trabzonspor-haberleri\\\/\"]}]},{\"@type\":\"ImageObject\",\"inLanguage\":\"en-US\",\"@id\":\"https:\\\/\\\/ubirataonline.com.br\\\/trabzonspor-galatasaray-derbisi-canli-izle-mac-ne-zaman-saat-kacta-hangi-kanalda-son-dakika-trabzonspor-haberleri\\\/#primaryimage\",\"url\":\"https:\\\/\\\/ubirataonline.com.br\\\/wp-content\\\/uploads\\\/2026\\\/04\\\/Trabzonspor-Galatasaray-derbisi-canli-izle-Mac-ne-zaman-saat-kacta.png\",\"contentUrl\":\"https:\\\/\\\/ubirataonline.com.br\\\/wp-content\\\/uploads\\\/2026\\\/04\\\/Trabzonspor-Galatasaray-derbisi-canli-izle-Mac-ne-zaman-saat-kacta.png\",\"width\":1200,\"height\":675,\"caption\":\"Gasperini Be\u015fikta\u015f\u2019a gelmesine engel oldu! Roma\u2019dan transfere izin &#231;\u0131kmad\u0131...\"},{\"@type\":\"BreadcrumbList\",\"@id\":\"https:\\\/\\\/ubirataonline.com.br\\\/trabzonspor-galatasaray-derbisi-canli-izle-mac-ne-zaman-saat-kacta-hangi-kanalda-son-dakika-trabzonspor-haberleri\\\/#breadcrumb\",\"itemListElement\":[{\"@type\":\"ListItem\",\"position\":1,\"name\":\"In\u00edcio\",\"item\":\"https:\\\/\\\/ubirataonline.com.br\\\/\"},{\"@type\":\"ListItem\",\"position\":2,\"name\":\"Trabzonspor-Galatasaray derbisi canl\u0131 izle | Ma\u00e7 ne zaman, saat ka\u00e7ta, hangi kanalda? &#8211; Son dakika Trabzonspor haberleri\"}]},{\"@type\":\"WebSite\",\"@id\":\"https:\\\/\\\/ubirataonline.com.br\\\/#website\",\"url\":\"https:\\\/\\\/ubirataonline.com.br\\\/\",\"name\":\"Ubirat\u00e3 Online Not\u00edcias\",\"description\":\"Not\u00edcias de Ubirat\u00e3, regi\u00e3o, Brasil e mundo, com informa\u00e7\u00e3o atualizada e compromisso com o leitor.\",\"publisher\":{\"@id\":\"https:\\\/\\\/ubirataonline.com.br\\\/#organization\"},\"alternateName\":\"Ubirat\u00e3 Online\",\"potentialAction\":[{\"@type\":\"SearchAction\",\"target\":{\"@type\":\"EntryPoint\",\"urlTemplate\":\"https:\\\/\\\/ubirataonline.com.br\\\/?s={search_term_string}\"},\"query-input\":{\"@type\":\"PropertyValueSpecification\",\"valueRequired\":true,\"valueName\":\"search_term_string\"}}],\"inLanguage\":\"en-US\"},{\"@type\":[\"Organization\",\"Place\"],\"@id\":\"https:\\\/\\\/ubirataonline.com.br\\\/#organization\",\"name\":\"Ubirat\u00e3 Online Not\u00edcias\",\"alternateName\":\"Ubirat\u00e3 Online\",\"url\":\"https:\\\/\\\/ubirataonline.com.br\\\/\",\"logo\":{\"@id\":\"https:\\\/\\\/ubirataonline.com.br\\\/trabzonspor-galatasaray-derbisi-canli-izle-mac-ne-zaman-saat-kacta-hangi-kanalda-son-dakika-trabzonspor-haberleri\\\/#local-main-organization-logo\"},\"image\":{\"@id\":\"https:\\\/\\\/ubirataonline.com.br\\\/trabzonspor-galatasaray-derbisi-canli-izle-mac-ne-zaman-saat-kacta-hangi-kanalda-son-dakika-trabzonspor-haberleri\\\/#local-main-organization-logo\"},\"sameAs\":[\"https:\\\/\\\/www.facebook.com\\\/portalubirataonline\",\"https:\\\/\\\/x.com\\\/ubirataonline\",\"https:\\\/\\\/mastodon.social\\\/@ubirataonline\",\"https:\\\/\\\/www.facebook.com\\\/groups\\\/311144672285604\",\"https:\\\/\\\/www.facebook.com\\\/UBTAOnline\",\"https:\\\/\\\/www.instagram.com\\\/portalubirataonline\\\/\",\"https:\\\/\\\/twitter.com\\\/ubirataonline\"],\"description\":\"Somos um portal de not\u00edcias independente, criado em 5 de janeiro de 2009, com o objetivo de informar, conectar e valorizar a nossa comunidade de Ubirat\u00e3 e toda aregi\u00e3o. Com conte\u00fado atualizado, confi\u00e1vel e relevante, o Ubirat\u00e3 Online \u00e9 o seu espa\u00e7o para ficar por dentro dos principais acontecimentos locais, regionais, Brasil, Mundo e de interesse geral. Nosso compromisso \u00e9 com a verdade, a transpar\u00eancia e o respeito ao leitor.\",\"legalName\":\"UBIRATA ONLINE NOT\u00cdCIAS\",\"foundingDate\":\"2009-01-05\",\"numberOfEmployees\":{\"@type\":\"QuantitativeValue\",\"minValue\":\"1\",\"maxValue\":\"10\"},\"publishingPrinciples\":\"https:\\\/\\\/ubirataonline.com.br\\\/faq\\\/\",\"address\":{\"@id\":\"https:\\\/\\\/ubirataonline.com.br\\\/trabzonspor-galatasaray-derbisi-canli-izle-mac-ne-zaman-saat-kacta-hangi-kanalda-son-dakika-trabzonspor-haberleri\\\/#local-main-place-address\"},\"geo\":{\"@type\":\"GeoCoordinates\",\"latitude\":\"-24.5361401\",\"longitude\":\"-52.9921776\"},\"telephone\":[\"+5544998308235\"],\"contactPoint\":{\"@type\":\"ContactPoint\",\"email\":\"contato@ubirataonline.com.br\"},\"openingHoursSpecification\":{\"@type\":\"OpeningHoursSpecification\",\"dayOfWeek\":[\"Monday\",\"Tuesday\",\"Wednesday\",\"Thursday\",\"Friday\",\"Saturday\",\"Sunday\"],\"opens\":\"00:00\",\"closes\":\"23:59\"},\"email\":\"contato@ubirataonline.com.br\",\"vatID\":\"47.621.418\\\/0001-80\"},{\"@type\":\"Person\",\"@id\":\"https:\\\/\\\/ubirataonline.com.br\\\/#\\\/schema\\\/person\\\/372f87bbd3fdd79b8556b84c98d0bc1c\",\"name\":\"REDA\u00c7\u00c3O: UBIRAT\u00c3 ONLINE - F\u00c1BIO AUGUSTO CELESTINO\",\"pronouns\":\"Ele\",\"description\":\"Desde 2003 trabalhando com not\u00edcias.\",\"sameAs\":[\"http:\\\/\\\/ubirataoline.com.br\",\"https:\\\/\\\/www.facebook.com\\\/portalubirataonline\",\"https:\\\/\\\/www.instagram.com\\\/ubirataonline_oficial\",\"https:\\\/\\\/x.com\\\/x.com\\\/ubirataonline\"],\"honorificPrefix\":\"Mr.\",\"honorificSuffix\":\"MD\",\"birthDate\":\"1980-06-16\",\"gender\":\"masculino\",\"award\":[\"V\u00e1rios pr\u00eamios de melhor portal da cidade\"],\"jobTitle\":\"Diretor\",\"url\":\"https:\\\/\\\/ubirataonline.com.br\\\/en\\\/author\\\/ubirataonline\\\/\"},{\"@type\":\"PostalAddress\",\"@id\":\"https:\\\/\\\/ubirataonline.com.br\\\/trabzonspor-galatasaray-derbisi-canli-izle-mac-ne-zaman-saat-kacta-hangi-kanalda-son-dakika-trabzonspor-haberleri\\\/#local-main-place-address\",\"streetAddress\":\"Rua dos Coqueiros, 104 - Bairro Boa Vista, Rua dos Coqueiros, 104 Bairro Boa Vista\",\"addressLocality\":\"UBIRATA\",\"postalCode\":\"85440-000\",\"addressRegion\":\"PR\",\"addressCountry\":\"BR\"},{\"@type\":\"ImageObject\",\"inLanguage\":\"en-US\",\"@id\":\"https:\\\/\\\/ubirataonline.com.br\\\/trabzonspor-galatasaray-derbisi-canli-izle-mac-ne-zaman-saat-kacta-hangi-kanalda-son-dakika-trabzonspor-haberleri\\\/#local-main-organization-logo\",\"url\":\"https:\\\/\\\/ubirataonline.com.br\\\/wp-content\\\/uploads\\\/2026\\\/06\\\/logoubirataonline-1.webp\",\"contentUrl\":\"https:\\\/\\\/ubirataonline.com.br\\\/wp-content\\\/uploads\\\/2026\\\/06\\\/logoubirataonline-1.webp\",\"width\":500,\"height\":500,\"caption\":\"Ubirat\u00e3 Online Not\u00edcias\"}]}<\/script>\n<meta name=\"geo.placename\" content=\"UBIRATA\" \/>\n<meta name=\"geo.position\" content=\"-24.5361401;-52.9921776\" \/>\n<meta name=\"geo.region\" content=\"Brazil\" \/>\n<!-- \/ Yoast SEO Premium plugin. -->","yoast_head_json":{"title":"Trabzonspor-Galatasaray derbisi canl\u0131 izle | Ma\u00e7 ne zaman, saat ka\u00e7ta, hangi kanalda? - Son dakika Trabzonspor haberleri - Ubirat\u00e3 Online Not\u00edcias - A realidade ao seu alcance!","description":"&#13; &#13; &#13; Milli aran\u0131n bo\u015flu\u011funu derbi heyecan\u0131n\u0131n doldurdu\u011fu hafta sonunda, \u015fampiyonluk yar\u0131\u015f\u0131nda kritik bir viraj olan Karadeniz'deki derbi i\u00e7in","robots":{"index":"index","follow":"follow","max-snippet":"max-snippet:-1","max-image-preview":"max-image-preview:large","max-video-preview":"max-video-preview:-1"},"canonical":"https:\/\/ubirataonline.com.br\/en\/trabzonspor-galatasaray-derbisi-canli-izle-mac-ne-zaman-saat-kacta-hangi-kanalda-son-dakika-trabzonspor-haberleri\/","og_locale":"en_US","og_type":"article","og_title":"Trabzonspor-Galatasaray derbisi canl\u0131 izle | Ma\u00e7 ne zaman, saat ka\u00e7ta, hangi kanalda? - Son dakika Trabzonspor haberleri","og_description":"&#13; &#13; &#13; Milli aran\u0131n bo\u015flu\u011funu derbi heyecan\u0131n\u0131n doldurdu\u011fu hafta sonunda, \u015fampiyonluk yar\u0131\u015f\u0131nda kritik bir viraj olan Karadeniz'deki derbi i\u00e7in","og_url":"https:\/\/ubirataonline.com.br\/en\/trabzonspor-galatasaray-derbisi-canli-izle-mac-ne-zaman-saat-kacta-hangi-kanalda-son-dakika-trabzonspor-haberleri\/","og_site_name":"Ubirat\u00e3 Online Not\u00edcias - A realidade ao seu alcance!","article_publisher":"https:\/\/www.facebook.com\/portalubirataonline","article_author":"https:\/\/www.facebook.com\/portalubirataonline","article_published_time":"2026-04-04T16:27:51+00:00","article_modified_time":"2026-04-04T16:28:00+00:00","og_image":[{"width":1200,"height":675,"url":"https:\/\/ubirataonline.com.br\/wp-content\/uploads\/2026\/04\/Trabzonspor-Galatasaray-derbisi-canli-izle-Mac-ne-zaman-saat-kacta.png","type":"image\/png"}],"author":"REDA\u00c7\u00c3O: UBIRAT\u00c3 ONLINE - F\u00c1BIO AUGUSTO CELESTINO","twitter_card":"summary_large_image","twitter_creator":"@x.com\/ubirataonline","twitter_site":"@ubirataonline","twitter_misc":{"Written by":"REDA\u00c7\u00c3O: UBIRAT\u00c3 ONLINE - F\u00c1BIO AUGUSTO CELESTINO","Est. reading time":"5 minutes"},"schema":{"@context":"https:\/\/schema.org","@graph":[{"@type":"NewsArticle","@id":"https:\/\/ubirataonline.com.br\/trabzonspor-galatasaray-derbisi-canli-izle-mac-ne-zaman-saat-kacta-hangi-kanalda-son-dakika-trabzonspor-haberleri\/#article","isPartOf":{"@id":"https:\/\/ubirataonline.com.br\/trabzonspor-galatasaray-derbisi-canli-izle-mac-ne-zaman-saat-kacta-hangi-kanalda-son-dakika-trabzonspor-haberleri\/"},"author":{"name":"REDA\u00c7\u00c3O: UBIRAT\u00c3 ONLINE - F\u00c1BIO AUGUSTO CELESTINO","@id":"https:\/\/ubirataonline.com.br\/#\/schema\/person\/372f87bbd3fdd79b8556b84c98d0bc1c"},"headline":"Trabzonspor-Galatasaray derbisi canl\u0131 izle | Ma\u00e7 ne zaman, saat ka\u00e7ta, hangi kanalda? &#8211; Son dakika Trabzonspor haberleri","datePublished":"2026-04-04T16:27:51+00:00","dateModified":"2026-04-04T16:28:00+00:00","mainEntityOfPage":{"@id":"https:\/\/ubirataonline.com.br\/trabzonspor-galatasaray-derbisi-canli-izle-mac-ne-zaman-saat-kacta-hangi-kanalda-son-dakika-trabzonspor-haberleri\/"},"wordCount":1007,"publisher":{"@id":"https:\/\/ubirataonline.com.br\/#organization"},"image":{"@id":"https:\/\/ubirataonline.com.br\/trabzonspor-galatasaray-derbisi-canli-izle-mac-ne-zaman-saat-kacta-hangi-kanalda-son-dakika-trabzonspor-haberleri\/#primaryimage"},"thumbnailUrl":"https:\/\/ubirataonline.com.br\/wp-content\/uploads\/2026\/04\/Trabzonspor-Galatasaray-derbisi-canli-izle-Mac-ne-zaman-saat-kacta.png","keywords":["canl\u0131","Dakika","derbisi","Haberleri","hangi","\u0130zle","ka\u00e7ta","kanalda","Mac","saat","Son","Trabzonspor","TrabzonsporGalatasaray","zaman"],"articleSection":["Ubirat\u00e3"],"inLanguage":"en-US","copyrightYear":"2026","copyrightHolder":{"@id":"https:\/\/ubirataonline.com.br\/en\/#organization"}},{"@type":"WebPage","@id":"https:\/\/ubirataonline.com.br\/trabzonspor-galatasaray-derbisi-canli-izle-mac-ne-zaman-saat-kacta-hangi-kanalda-son-dakika-trabzonspor-haberleri\/","url":"https:\/\/ubirataonline.com.br\/trabzonspor-galatasaray-derbisi-canli-izle-mac-ne-zaman-saat-kacta-hangi-kanalda-son-dakika-trabzonspor-haberleri\/","name":"Trabzonspor-Galatasaray derbisi canl\u0131 izle | Ma\u00e7 ne zaman, saat ka\u00e7ta, hangi kanalda? - Son dakika Trabzonspor haberleri - Ubirat\u00e3 Online Not\u00edcias - A realidade ao seu alcance!","isPartOf":{"@id":"https:\/\/ubirataonline.com.br\/#website"},"primaryImageOfPage":{"@id":"https:\/\/ubirataonline.com.br\/trabzonspor-galatasaray-derbisi-canli-izle-mac-ne-zaman-saat-kacta-hangi-kanalda-son-dakika-trabzonspor-haberleri\/#primaryimage"},"image":{"@id":"https:\/\/ubirataonline.com.br\/trabzonspor-galatasaray-derbisi-canli-izle-mac-ne-zaman-saat-kacta-hangi-kanalda-son-dakika-trabzonspor-haberleri\/#primaryimage"},"thumbnailUrl":"https:\/\/ubirataonline.com.br\/wp-content\/uploads\/2026\/04\/Trabzonspor-Galatasaray-derbisi-canli-izle-Mac-ne-zaman-saat-kacta.png","datePublished":"2026-04-04T16:27:51+00:00","dateModified":"2026-04-04T16:28:00+00:00","description":"&#13; &#13; &#13; Milli aran\u0131n bo\u015flu\u011funu derbi heyecan\u0131n\u0131n doldurdu\u011fu hafta sonunda, \u015fampiyonluk yar\u0131\u015f\u0131nda kritik bir viraj olan Karadeniz'deki derbi i\u00e7in","breadcrumb":{"@id":"https:\/\/ubirataonline.com.br\/trabzonspor-galatasaray-derbisi-canli-izle-mac-ne-zaman-saat-kacta-hangi-kanalda-son-dakika-trabzonspor-haberleri\/#breadcrumb"},"inLanguage":"en-US","potentialAction":[{"@type":"ReadAction","target":["https:\/\/ubirataonline.com.br\/trabzonspor-galatasaray-derbisi-canli-izle-mac-ne-zaman-saat-kacta-hangi-kanalda-son-dakika-trabzonspor-haberleri\/"]}]},{"@type":"ImageObject","inLanguage":"en-US","@id":"https:\/\/ubirataonline.com.br\/trabzonspor-galatasaray-derbisi-canli-izle-mac-ne-zaman-saat-kacta-hangi-kanalda-son-dakika-trabzonspor-haberleri\/#primaryimage","url":"https:\/\/ubirataonline.com.br\/wp-content\/uploads\/2026\/04\/Trabzonspor-Galatasaray-derbisi-canli-izle-Mac-ne-zaman-saat-kacta.png","contentUrl":"https:\/\/ubirataonline.com.br\/wp-content\/uploads\/2026\/04\/Trabzonspor-Galatasaray-derbisi-canli-izle-Mac-ne-zaman-saat-kacta.png","width":1200,"height":675,"caption":"Gasperini Be\u015fikta\u015f\u2019a gelmesine engel oldu! Roma\u2019dan transfere izin &#231;\u0131kmad\u0131..."},{"@type":"BreadcrumbList","@id":"https:\/\/ubirataonline.com.br\/trabzonspor-galatasaray-derbisi-canli-izle-mac-ne-zaman-saat-kacta-hangi-kanalda-son-dakika-trabzonspor-haberleri\/#breadcrumb","itemListElement":[{"@type":"ListItem","position":1,"name":"In\u00edcio","item":"https:\/\/ubirataonline.com.br\/"},{"@type":"ListItem","position":2,"name":"Trabzonspor-Galatasaray derbisi canl\u0131 izle | Ma\u00e7 ne zaman, saat ka\u00e7ta, hangi kanalda? &#8211; Son dakika Trabzonspor haberleri"}]},{"@type":"WebSite","@id":"https:\/\/ubirataonline.com.br\/#website","url":"https:\/\/ubirataonline.com.br\/","name":"Ubirat\u00e3 Online Not\u00edcias","description":"Not\u00edcias de Ubirat\u00e3, regi\u00e3o, Brasil e mundo, com informa\u00e7\u00e3o atualizada e compromisso com o leitor.","publisher":{"@id":"https:\/\/ubirataonline.com.br\/#organization"},"alternateName":"Ubirat\u00e3 Online","potentialAction":[{"@type":"SearchAction","target":{"@type":"EntryPoint","urlTemplate":"https:\/\/ubirataonline.com.br\/?s={search_term_string}"},"query-input":{"@type":"PropertyValueSpecification","valueRequired":true,"valueName":"search_term_string"}}],"inLanguage":"en-US"},{"@type":["Organization","Place"],"@id":"https:\/\/ubirataonline.com.br\/#organization","name":"Ubirat\u00e3 Online Not\u00edcias","alternateName":"Ubirat\u00e3 Online","url":"https:\/\/ubirataonline.com.br\/","logo":{"@id":"https:\/\/ubirataonline.com.br\/trabzonspor-galatasaray-derbisi-canli-izle-mac-ne-zaman-saat-kacta-hangi-kanalda-son-dakika-trabzonspor-haberleri\/#local-main-organization-logo"},"image":{"@id":"https:\/\/ubirataonline.com.br\/trabzonspor-galatasaray-derbisi-canli-izle-mac-ne-zaman-saat-kacta-hangi-kanalda-son-dakika-trabzonspor-haberleri\/#local-main-organization-logo"},"sameAs":["https:\/\/www.facebook.com\/portalubirataonline","https:\/\/x.com\/ubirataonline","https:\/\/mastodon.social\/@ubirataonline","https:\/\/www.facebook.com\/groups\/311144672285604","https:\/\/www.facebook.com\/UBTAOnline","https:\/\/www.instagram.com\/portalubirataonline\/","https:\/\/twitter.com\/ubirataonline"],"description":"Somos um portal de not\u00edcias independente, criado em 5 de janeiro de 2009, com o objetivo de informar, conectar e valorizar a nossa comunidade de Ubirat\u00e3 e toda aregi\u00e3o. Com conte\u00fado atualizado, confi\u00e1vel e relevante, o Ubirat\u00e3 Online \u00e9 o seu espa\u00e7o para ficar por dentro dos principais acontecimentos locais, regionais, Brasil, Mundo e de interesse geral. Nosso compromisso \u00e9 com a verdade, a transpar\u00eancia e o respeito ao leitor.","legalName":"UBIRATA ONLINE NOT\u00cdCIAS","foundingDate":"2009-01-05","numberOfEmployees":{"@type":"QuantitativeValue","minValue":"1","maxValue":"10"},"publishingPrinciples":"https:\/\/ubirataonline.com.br\/faq\/","address":{"@id":"https:\/\/ubirataonline.com.br\/trabzonspor-galatasaray-derbisi-canli-izle-mac-ne-zaman-saat-kacta-hangi-kanalda-son-dakika-trabzonspor-haberleri\/#local-main-place-address"},"geo":{"@type":"GeoCoordinates","latitude":"-24.5361401","longitude":"-52.9921776"},"telephone":["+5544998308235"],"contactPoint":{"@type":"ContactPoint","email":"contato@ubirataonline.com.br"},"openingHoursSpecification":{"@type":"OpeningHoursSpecification","dayOfWeek":["Monday","Tuesday","Wednesday","Thursday","Friday","Saturday","Sunday"],"opens":"00:00","closes":"23:59"},"email":"contato@ubirataonline.com.br","vatID":"47.621.418\/0001-80"},{"@type":"Person","@id":"https:\/\/ubirataonline.com.br\/#\/schema\/person\/372f87bbd3fdd79b8556b84c98d0bc1c","name":"REDA\u00c7\u00c3O: UBIRAT\u00c3 ONLINE - F\u00c1BIO AUGUSTO CELESTINO","pronouns":"Ele","description":"Desde 2003 trabalhando com not\u00edcias.","sameAs":["http:\/\/ubirataoline.com.br","https:\/\/www.facebook.com\/portalubirataonline","https:\/\/www.instagram.com\/ubirataonline_oficial","https:\/\/x.com\/x.com\/ubirataonline"],"honorificPrefix":"Mr.","honorificSuffix":"MD","birthDate":"1980-06-16","gender":"masculino","award":["V\u00e1rios pr\u00eamios de melhor portal da cidade"],"jobTitle":"Diretor","url":"https:\/\/ubirataonline.com.br\/en\/author\/ubirataonline\/"},{"@type":"PostalAddress","@id":"https:\/\/ubirataonline.com.br\/trabzonspor-galatasaray-derbisi-canli-izle-mac-ne-zaman-saat-kacta-hangi-kanalda-son-dakika-trabzonspor-haberleri\/#local-main-place-address","streetAddress":"Rua dos Coqueiros, 104 - Bairro Boa Vista, Rua dos Coqueiros, 104 Bairro Boa Vista","addressLocality":"UBIRATA","postalCode":"85440-000","addressRegion":"PR","addressCountry":"BR"},{"@type":"ImageObject","inLanguage":"en-US","@id":"https:\/\/ubirataonline.com.br\/trabzonspor-galatasaray-derbisi-canli-izle-mac-ne-zaman-saat-kacta-hangi-kanalda-son-dakika-trabzonspor-haberleri\/#local-main-organization-logo","url":"https:\/\/ubirataonline.com.br\/wp-content\/uploads\/2026\/06\/logoubirataonline-1.webp","contentUrl":"https:\/\/ubirataonline.com.br\/wp-content\/uploads\/2026\/06\/logoubirataonline-1.webp","width":500,"height":500,"caption":"Ubirat\u00e3 Online Not\u00edcias"}]},"geo.placename":"UBIRATA","geo.position":{"lat":"-24.5361401","long":"-52.9921776"},"geo.region":"Brazil"},"_links":{"self":[{"href":"https:\/\/ubirataonline.com.br\/en\/wp-json\/wp\/v2\/posts\/99309","targetHints":{"allow":["GET"]}}],"collection":[{"href":"https:\/\/ubirataonline.com.br\/en\/wp-json\/wp\/v2\/posts"}],"about":[{"href":"https:\/\/ubirataonline.com.br\/en\/wp-json\/wp\/v2\/types\/post"}],"author":[{"embeddable":true,"href":"https:\/\/ubirataonline.com.br\/en\/wp-json\/wp\/v2\/users\/1"}],"replies":[{"embeddable":true,"href":"https:\/\/ubirataonline.com.br\/en\/wp-json\/wp\/v2\/comments?post=99309"}],"version-history":[{"count":0,"href":"https:\/\/ubirataonline.com.br\/en\/wp-json\/wp\/v2\/posts\/99309\/revisions"}],"wp:featuredmedia":[{"embeddable":true,"href":"https:\/\/ubirataonline.com.br\/en\/wp-json\/wp\/v2\/media\/99310"}],"wp:attachment":[{"href":"https:\/\/ubirataonline.com.br\/en\/wp-json\/wp\/v2\/media?parent=99309"}],"wp:term":[{"taxonomy":"category","embeddable":true,"href":"https:\/\/ubirataonline.com.br\/en\/wp-json\/wp\/v2\/categories?post=99309"},{"taxonomy":"post_tag","embeddable":true,"href":"https:\/\/ubirataonline.com.br\/en\/wp-json\/wp\/v2\/tags?post=99309"}],"curies":[{"name":"wp","href":"https:\/\/api.w.org\/{rel}","templated":true}]}}