{"id":99389,"date":"2026-04-05T00:22:50","date_gmt":"2026-04-05T03:22:50","guid":{"rendered":"https:\/\/ubirataonline.com.br\/colombias-james-rodriguez-hospitalized-for-severe-dehydration-day-after-loss-to-france\/"},"modified":"2026-04-05T00:22:59","modified_gmt":"2026-04-05T03:22:59","slug":"colombias-james-rodriguez-hospitalized-for-severe-dehydration-day-after-loss-to-france","status":"publish","type":"post","link":"https:\/\/ubirataonline.com.br\/en\/colombias-james-rodriguez-hospitalized-for-severe-dehydration-day-after-loss-to-france\/","title":{"rendered":"Colombia\u2019s James Rodr\u00edguez hospitalized for \u2018severe dehydration\u2019 day after loss to France"},"content":{"rendered":"<p><\/p>\n<div>\n<p>Colombian national team captain James Rodr\u00edguez required hospital care for \u201csevere dehydration\u201d in Minnesota one day after Colombia\u2019s 3-1 loss to France in Landover, Md., the Colombian Football Federation announced Thursday.<\/p>\n<p>According to the federation\u2019s statement, Rodr\u00edguez, 34, \u201cpresented a severe dehydration episode\u201d that required 72 hours of preventive clinical monitoring and recovery. Rodriguez played 63 minutes against France and an additional 63 minutes three days before that against Croatia in Orlando, Fla. The Minnesota United midfielder is now resting at his residence in Minneapolis, a club spokesperson told <em>The Athletic<\/em>.<\/p>\n<p>The Colombian federation\u2019s statement stressed that Rodr\u00edguez is not injured and his status is \u201cnot related to any musculoskeletal injuries, nor is it linked to his footballing activities.\u201d<\/p>\n<p>\u201cFortunately, the current medical report indicates a favorable progression and steady improvement,\u201d the statement read.<\/p>\n<p>Rodr\u00edguez signed with Minnesota in February after his contract expired with Club Leon in December 2025. He missed the majority of the club\u2019s preseason training sessions in California. His match fitness, or lack thereof, was a major talking point after Rodr\u00edguez finally found a club.<\/p>\n<p>During an exclusive interview with <em>The Athletic<\/em> in February, following his introduction as an MLS player, Rodr\u00edguez was bullish about his ability to hit the ground running.<\/p>\n<p>\u201cI was more like, \u2018Relax, it\u2019s all going to work out,\u2019\u201d he said. \u201cI\u2019ve never been one to respond to all those things, because I\u2019ve always thought that you do your talking on the pitch. If I were to be asked to play a game right now, I\u2019d be ready.\u201d<\/p>\n<p>Rodriguez made his MLS debut in the second half of Minnesota\u2019s 6-0 loss away to Vancouver on March 15. The following weekend at home, he entered in the 77th minute in a 0-0 draw versus the Seattle Sounders.<\/p>\n<p>The two international friendlies against Croatia and France, however, put Rodr\u00edguez\u2019s current match fitness for elite competition into question.<\/p>\n<p>Minnesota travels to California this Saturday to face the Los Angeles Galaxy.<\/p>\n<\/div>\n<p><a href=\"https:\/\/www.nytimes.com\/athletic\/7168108\/2026\/04\/02\/colombia-james-rodriguez-dehydration-health-update\/\">Fonte do Artigo <\/a><\/p>","protected":false},"excerpt":{"rendered":"<p>Colombian national team captain James Rodr\u00edguez required hospital care for \u201csevere dehydration\u201d in Minnesota one day after Colombia\u2019s 3-1 loss to France in Landover, Md., the Colombian Football Federation announced Thursday. According to the federation\u2019s statement, Rodr\u00edguez, 34, \u201cpresented a severe dehydration episode\u201d that required 72 hours of preventive clinical monitoring and recovery. Rodriguez played [&hellip;]<\/p>\n","protected":false},"author":1,"featured_media":99390,"comment_status":"closed","ping_status":"","sticky":false,"template":"","format":"standard","meta":{"googlesitekit_rrm_CAow2JLhCw:productID":"","_gspb_post_css":"","maa_idioma":"","maa_pais":"","footnotes":""},"categories":[4],"tags":[24877,3064,24878,8103,10654,5303,7902,9395,11866],"class_list":["post-99389","post","type-post","status-publish","format-standard","has-post-thumbnail","hentry","category-brasil","tag-colombias","tag-day","tag-dehydration","tag-france","tag-hospitalized","tag-james","tag-loss","tag-rodriguez","tag-severe"],"blocksy_meta":[],"yoast_head":"<!-- This site is optimized with the Yoast SEO Premium plugin v27.6 (Yoast SEO v27.6) - https:\/\/yoast.com\/product\/yoast-seo-premium-wordpress\/ -->\n<title>Colombia\u2019s James Rodr\u00edguez hospitalized for \u2018severe dehydration\u2019 day after loss to France - Ubirat\u00e3 Online Not\u00edcias - A realidade ao seu alcance!<\/title>\n<meta name=\"description\" content=\"Colombian national team captain James Rodr\u00edguez required hospital care for \u201csevere dehydration\u201d in Minnesota one day after Colombia\u2019s 3-1 loss to France\" \/>\n<meta name=\"robots\" content=\"index, follow, max-snippet:-1, max-image-preview:large, max-video-preview:-1\" \/>\n<link rel=\"canonical\" href=\"https:\/\/ubirataonline.com.br\/en\/colombias-james-rodriguez-hospitalized-for-severe-dehydration-day-after-loss-to-france\/\" \/>\n<meta property=\"og:locale\" content=\"en_US\" \/>\n<meta property=\"og:type\" content=\"article\" \/>\n<meta property=\"og:title\" content=\"Colombia\u2019s James Rodr\u00edguez hospitalized for \u2018severe dehydration\u2019 day after loss to France\" \/>\n<meta property=\"og:description\" content=\"Colombian national team captain James Rodr\u00edguez required hospital care for \u201csevere dehydration\u201d in Minnesota one day after Colombia\u2019s 3-1 loss to France\" \/>\n<meta property=\"og:url\" content=\"https:\/\/ubirataonline.com.br\/en\/colombias-james-rodriguez-hospitalized-for-severe-dehydration-day-after-loss-to-france\/\" \/>\n<meta property=\"og:site_name\" content=\"Ubirat\u00e3 Online Not\u00edcias - A realidade ao seu alcance!\" \/>\n<meta property=\"article:publisher\" content=\"https:\/\/www.facebook.com\/portalubirataonline\" \/>\n<meta property=\"article:author\" content=\"https:\/\/www.facebook.com\/portalubirataonline\" \/>\n<meta property=\"article:published_time\" content=\"2026-04-05T03:22:50+00:00\" \/>\n<meta property=\"article:modified_time\" content=\"2026-04-05T03:22:59+00:00\" \/>\n<meta property=\"og:image\" content=\"https:\/\/ubirataonline.com.br\/wp-content\/uploads\/2026\/04\/Colombias-James-Rodriguez-hospitalized-for-\u2018severe-dehydration-day-after-loss.jpg\" \/>\n\t<meta property=\"og:image:width\" content=\"1200\" \/>\n\t<meta property=\"og:image:height\" content=\"800\" \/>\n\t<meta property=\"og:image:type\" content=\"image\/jpeg\" \/>\n<meta name=\"author\" content=\"REDA\u00c7\u00c3O: UBIRAT\u00c3 ONLINE - F\u00c1BIO AUGUSTO CELESTINO\" \/>\n<meta name=\"twitter:card\" content=\"summary_large_image\" \/>\n<meta name=\"twitter:creator\" content=\"@x.com\/ubirataonline\" \/>\n<meta name=\"twitter:site\" content=\"@ubirataonline\" \/>\n<meta name=\"twitter:label1\" content=\"Written by\" \/>\n\t<meta name=\"twitter:data1\" content=\"REDA\u00c7\u00c3O: UBIRAT\u00c3 ONLINE - F\u00c1BIO AUGUSTO CELESTINO\" \/>\n\t<meta name=\"twitter:label2\" content=\"Est. reading time\" \/>\n\t<meta name=\"twitter:data2\" content=\"2 minutes\" \/>\n<script type=\"application\/ld+json\" class=\"yoast-schema-graph\">{\"@context\":\"https:\\\/\\\/schema.org\",\"@graph\":[{\"@type\":\"NewsArticle\",\"@id\":\"https:\\\/\\\/ubirataonline.com.br\\\/colombias-james-rodriguez-hospitalized-for-severe-dehydration-day-after-loss-to-france\\\/#article\",\"isPartOf\":{\"@id\":\"https:\\\/\\\/ubirataonline.com.br\\\/colombias-james-rodriguez-hospitalized-for-severe-dehydration-day-after-loss-to-france\\\/\"},\"author\":{\"name\":\"REDA\u00c7\u00c3O: UBIRAT\u00c3 ONLINE - F\u00c1BIO AUGUSTO CELESTINO\",\"@id\":\"https:\\\/\\\/ubirataonline.com.br\\\/#\\\/schema\\\/person\\\/372f87bbd3fdd79b8556b84c98d0bc1c\"},\"headline\":\"Colombia\u2019s James Rodr\u00edguez hospitalized for \u2018severe dehydration\u2019 day after loss to France\",\"datePublished\":\"2026-04-05T03:22:50+00:00\",\"dateModified\":\"2026-04-05T03:22:59+00:00\",\"mainEntityOfPage\":{\"@id\":\"https:\\\/\\\/ubirataonline.com.br\\\/colombias-james-rodriguez-hospitalized-for-severe-dehydration-day-after-loss-to-france\\\/\"},\"wordCount\":353,\"publisher\":{\"@id\":\"https:\\\/\\\/ubirataonline.com.br\\\/#organization\"},\"image\":{\"@id\":\"https:\\\/\\\/ubirataonline.com.br\\\/colombias-james-rodriguez-hospitalized-for-severe-dehydration-day-after-loss-to-france\\\/#primaryimage\"},\"thumbnailUrl\":\"https:\\\/\\\/ubirataonline.com.br\\\/wp-content\\\/uploads\\\/2026\\\/04\\\/Colombias-James-Rodriguez-hospitalized-for-\u2018severe-dehydration-day-after-loss.jpg\",\"keywords\":[\"Colombias\",\"day\",\"dehydration\",\"France\",\"hospitalized\",\"James\",\"loss\",\"Rodriguez\",\"severe\"],\"articleSection\":[\"Brasil\"],\"inLanguage\":\"en-US\",\"copyrightYear\":\"2026\",\"copyrightHolder\":{\"@id\":\"https:\\\/\\\/ubirataonline.com.br\\\/en\\\/#organization\"}},{\"@type\":\"WebPage\",\"@id\":\"https:\\\/\\\/ubirataonline.com.br\\\/colombias-james-rodriguez-hospitalized-for-severe-dehydration-day-after-loss-to-france\\\/\",\"url\":\"https:\\\/\\\/ubirataonline.com.br\\\/colombias-james-rodriguez-hospitalized-for-severe-dehydration-day-after-loss-to-france\\\/\",\"name\":\"Colombia\u2019s James Rodr\u00edguez hospitalized for \u2018severe dehydration\u2019 day after loss to France - Ubirat\u00e3 Online Not\u00edcias - A realidade ao seu alcance!\",\"isPartOf\":{\"@id\":\"https:\\\/\\\/ubirataonline.com.br\\\/#website\"},\"primaryImageOfPage\":{\"@id\":\"https:\\\/\\\/ubirataonline.com.br\\\/colombias-james-rodriguez-hospitalized-for-severe-dehydration-day-after-loss-to-france\\\/#primaryimage\"},\"image\":{\"@id\":\"https:\\\/\\\/ubirataonline.com.br\\\/colombias-james-rodriguez-hospitalized-for-severe-dehydration-day-after-loss-to-france\\\/#primaryimage\"},\"thumbnailUrl\":\"https:\\\/\\\/ubirataonline.com.br\\\/wp-content\\\/uploads\\\/2026\\\/04\\\/Colombias-James-Rodriguez-hospitalized-for-\u2018severe-dehydration-day-after-loss.jpg\",\"datePublished\":\"2026-04-05T03:22:50+00:00\",\"dateModified\":\"2026-04-05T03:22:59+00:00\",\"description\":\"Colombian national team captain James Rodr\u00edguez required hospital care for \u201csevere dehydration\u201d in Minnesota one day after Colombia\u2019s 3-1 loss to France\",\"breadcrumb\":{\"@id\":\"https:\\\/\\\/ubirataonline.com.br\\\/colombias-james-rodriguez-hospitalized-for-severe-dehydration-day-after-loss-to-france\\\/#breadcrumb\"},\"inLanguage\":\"en-US\",\"potentialAction\":[{\"@type\":\"ReadAction\",\"target\":[\"https:\\\/\\\/ubirataonline.com.br\\\/colombias-james-rodriguez-hospitalized-for-severe-dehydration-day-after-loss-to-france\\\/\"]}]},{\"@type\":\"ImageObject\",\"inLanguage\":\"en-US\",\"@id\":\"https:\\\/\\\/ubirataonline.com.br\\\/colombias-james-rodriguez-hospitalized-for-severe-dehydration-day-after-loss-to-france\\\/#primaryimage\",\"url\":\"https:\\\/\\\/ubirataonline.com.br\\\/wp-content\\\/uploads\\\/2026\\\/04\\\/Colombias-James-Rodriguez-hospitalized-for-\u2018severe-dehydration-day-after-loss.jpg\",\"contentUrl\":\"https:\\\/\\\/ubirataonline.com.br\\\/wp-content\\\/uploads\\\/2026\\\/04\\\/Colombias-James-Rodriguez-hospitalized-for-\u2018severe-dehydration-day-after-loss.jpg\",\"width\":1200,\"height\":800,\"caption\":\"Colombia\u2019s James Rodr\u00edguez hospitalized for \u2018severe dehydration\u2019 day after loss to France\"},{\"@type\":\"BreadcrumbList\",\"@id\":\"https:\\\/\\\/ubirataonline.com.br\\\/colombias-james-rodriguez-hospitalized-for-severe-dehydration-day-after-loss-to-france\\\/#breadcrumb\",\"itemListElement\":[{\"@type\":\"ListItem\",\"position\":1,\"name\":\"In\u00edcio\",\"item\":\"https:\\\/\\\/ubirataonline.com.br\\\/\"},{\"@type\":\"ListItem\",\"position\":2,\"name\":\"Colombia\u2019s James Rodr\u00edguez hospitalized for \u2018severe dehydration\u2019 day after loss to France\"}]},{\"@type\":\"WebSite\",\"@id\":\"https:\\\/\\\/ubirataonline.com.br\\\/#website\",\"url\":\"https:\\\/\\\/ubirataonline.com.br\\\/\",\"name\":\"Ubirat\u00e3 Online Not\u00edcias\",\"description\":\"Not\u00edcias de Ubirat\u00e3, regi\u00e3o, Brasil e mundo, com informa\u00e7\u00e3o atualizada e compromisso com o leitor.\",\"publisher\":{\"@id\":\"https:\\\/\\\/ubirataonline.com.br\\\/#organization\"},\"alternateName\":\"Ubirat\u00e3 Online\",\"potentialAction\":[{\"@type\":\"SearchAction\",\"target\":{\"@type\":\"EntryPoint\",\"urlTemplate\":\"https:\\\/\\\/ubirataonline.com.br\\\/?s={search_term_string}\"},\"query-input\":{\"@type\":\"PropertyValueSpecification\",\"valueRequired\":true,\"valueName\":\"search_term_string\"}}],\"inLanguage\":\"en-US\"},{\"@type\":[\"Organization\",\"Place\"],\"@id\":\"https:\\\/\\\/ubirataonline.com.br\\\/#organization\",\"name\":\"Ubirat\u00e3 Online Not\u00edcias\",\"alternateName\":\"Ubirat\u00e3 Online\",\"url\":\"https:\\\/\\\/ubirataonline.com.br\\\/\",\"logo\":{\"@id\":\"https:\\\/\\\/ubirataonline.com.br\\\/colombias-james-rodriguez-hospitalized-for-severe-dehydration-day-after-loss-to-france\\\/#local-main-organization-logo\"},\"image\":{\"@id\":\"https:\\\/\\\/ubirataonline.com.br\\\/colombias-james-rodriguez-hospitalized-for-severe-dehydration-day-after-loss-to-france\\\/#local-main-organization-logo\"},\"sameAs\":[\"https:\\\/\\\/www.facebook.com\\\/portalubirataonline\",\"https:\\\/\\\/x.com\\\/ubirataonline\",\"https:\\\/\\\/mastodon.social\\\/@ubirataonline\",\"https:\\\/\\\/www.facebook.com\\\/groups\\\/311144672285604\",\"https:\\\/\\\/www.facebook.com\\\/UBTAOnline\",\"https:\\\/\\\/www.instagram.com\\\/portalubirataonline\\\/\",\"https:\\\/\\\/twitter.com\\\/ubirataonline\"],\"description\":\"Somos um portal de not\u00edcias independente, criado em 5 de janeiro de 2009, com o objetivo de informar, conectar e valorizar a nossa comunidade de Ubirat\u00e3 e toda aregi\u00e3o. Com conte\u00fado atualizado, confi\u00e1vel e relevante, o Ubirat\u00e3 Online \u00e9 o seu espa\u00e7o para ficar por dentro dos principais acontecimentos locais, regionais, Brasil, Mundo e de interesse geral. Nosso compromisso \u00e9 com a verdade, a transpar\u00eancia e o respeito ao leitor.\",\"legalName\":\"UBIRATA ONLINE NOT\u00cdCIAS\",\"foundingDate\":\"2009-01-05\",\"numberOfEmployees\":{\"@type\":\"QuantitativeValue\",\"minValue\":\"1\",\"maxValue\":\"10\"},\"publishingPrinciples\":\"https:\\\/\\\/ubirataonline.com.br\\\/faq\\\/\",\"address\":{\"@id\":\"https:\\\/\\\/ubirataonline.com.br\\\/colombias-james-rodriguez-hospitalized-for-severe-dehydration-day-after-loss-to-france\\\/#local-main-place-address\"},\"geo\":{\"@type\":\"GeoCoordinates\",\"latitude\":\"-24.5361401\",\"longitude\":\"-52.9921776\"},\"telephone\":[\"+5544998308235\"],\"contactPoint\":{\"@type\":\"ContactPoint\",\"email\":\"contato@ubirataonline.com.br\"},\"openingHoursSpecification\":{\"@type\":\"OpeningHoursSpecification\",\"dayOfWeek\":[\"Monday\",\"Tuesday\",\"Wednesday\",\"Thursday\",\"Friday\",\"Saturday\",\"Sunday\"],\"opens\":\"00:00\",\"closes\":\"23:59\"},\"email\":\"contato@ubirataonline.com.br\",\"vatID\":\"47.621.418\\\/0001-80\"},{\"@type\":\"Person\",\"@id\":\"https:\\\/\\\/ubirataonline.com.br\\\/#\\\/schema\\\/person\\\/372f87bbd3fdd79b8556b84c98d0bc1c\",\"name\":\"REDA\u00c7\u00c3O: UBIRAT\u00c3 ONLINE - F\u00c1BIO AUGUSTO CELESTINO\",\"pronouns\":\"Ele\",\"description\":\"Desde 2003 trabalhando com not\u00edcias.\",\"sameAs\":[\"http:\\\/\\\/ubirataoline.com.br\",\"https:\\\/\\\/www.facebook.com\\\/portalubirataonline\",\"https:\\\/\\\/www.instagram.com\\\/ubirataonline_oficial\",\"https:\\\/\\\/x.com\\\/x.com\\\/ubirataonline\"],\"honorificPrefix\":\"Mr.\",\"honorificSuffix\":\"MD\",\"birthDate\":\"1980-06-16\",\"gender\":\"masculino\",\"award\":[\"V\u00e1rios pr\u00eamios de melhor portal da cidade\"],\"jobTitle\":\"Diretor\",\"url\":\"https:\\\/\\\/ubirataonline.com.br\\\/en\\\/author\\\/ubirataonline\\\/\"},{\"@type\":\"PostalAddress\",\"@id\":\"https:\\\/\\\/ubirataonline.com.br\\\/colombias-james-rodriguez-hospitalized-for-severe-dehydration-day-after-loss-to-france\\\/#local-main-place-address\",\"streetAddress\":\"Rua dos Coqueiros, 104 - Bairro Boa Vista, Rua dos Coqueiros, 104 Bairro Boa Vista\",\"addressLocality\":\"UBIRATA\",\"postalCode\":\"85440-000\",\"addressRegion\":\"PR\",\"addressCountry\":\"BR\"},{\"@type\":\"ImageObject\",\"inLanguage\":\"en-US\",\"@id\":\"https:\\\/\\\/ubirataonline.com.br\\\/colombias-james-rodriguez-hospitalized-for-severe-dehydration-day-after-loss-to-france\\\/#local-main-organization-logo\",\"url\":\"https:\\\/\\\/ubirataonline.com.br\\\/wp-content\\\/uploads\\\/2026\\\/06\\\/logoubirataonline-1.webp\",\"contentUrl\":\"https:\\\/\\\/ubirataonline.com.br\\\/wp-content\\\/uploads\\\/2026\\\/06\\\/logoubirataonline-1.webp\",\"width\":500,\"height\":500,\"caption\":\"Ubirat\u00e3 Online Not\u00edcias\"}]}<\/script>\n<meta name=\"geo.placename\" content=\"UBIRATA\" \/>\n<meta name=\"geo.position\" content=\"-24.5361401;-52.9921776\" \/>\n<meta name=\"geo.region\" content=\"Brazil\" \/>\n<!-- \/ Yoast SEO Premium plugin. -->","yoast_head_json":{"title":"Colombia\u2019s James Rodr\u00edguez hospitalized for \u2018severe dehydration\u2019 day after loss to France - Ubirat\u00e3 Online Not\u00edcias - A realidade ao seu alcance!","description":"Colombian national team captain James Rodr\u00edguez required hospital care for \u201csevere dehydration\u201d in Minnesota one day after Colombia\u2019s 3-1 loss to France","robots":{"index":"index","follow":"follow","max-snippet":"max-snippet:-1","max-image-preview":"max-image-preview:large","max-video-preview":"max-video-preview:-1"},"canonical":"https:\/\/ubirataonline.com.br\/en\/colombias-james-rodriguez-hospitalized-for-severe-dehydration-day-after-loss-to-france\/","og_locale":"en_US","og_type":"article","og_title":"Colombia\u2019s James Rodr\u00edguez hospitalized for \u2018severe dehydration\u2019 day after loss to France","og_description":"Colombian national team captain James Rodr\u00edguez required hospital care for \u201csevere dehydration\u201d in Minnesota one day after Colombia\u2019s 3-1 loss to France","og_url":"https:\/\/ubirataonline.com.br\/en\/colombias-james-rodriguez-hospitalized-for-severe-dehydration-day-after-loss-to-france\/","og_site_name":"Ubirat\u00e3 Online Not\u00edcias - A realidade ao seu alcance!","article_publisher":"https:\/\/www.facebook.com\/portalubirataonline","article_author":"https:\/\/www.facebook.com\/portalubirataonline","article_published_time":"2026-04-05T03:22:50+00:00","article_modified_time":"2026-04-05T03:22:59+00:00","og_image":[{"width":1200,"height":800,"url":"https:\/\/ubirataonline.com.br\/wp-content\/uploads\/2026\/04\/Colombias-James-Rodriguez-hospitalized-for-\u2018severe-dehydration-day-after-loss.jpg","type":"image\/jpeg"}],"author":"REDA\u00c7\u00c3O: UBIRAT\u00c3 ONLINE - F\u00c1BIO AUGUSTO CELESTINO","twitter_card":"summary_large_image","twitter_creator":"@x.com\/ubirataonline","twitter_site":"@ubirataonline","twitter_misc":{"Written by":"REDA\u00c7\u00c3O: UBIRAT\u00c3 ONLINE - F\u00c1BIO AUGUSTO CELESTINO","Est. reading time":"2 minutes"},"schema":{"@context":"https:\/\/schema.org","@graph":[{"@type":"NewsArticle","@id":"https:\/\/ubirataonline.com.br\/colombias-james-rodriguez-hospitalized-for-severe-dehydration-day-after-loss-to-france\/#article","isPartOf":{"@id":"https:\/\/ubirataonline.com.br\/colombias-james-rodriguez-hospitalized-for-severe-dehydration-day-after-loss-to-france\/"},"author":{"name":"REDA\u00c7\u00c3O: UBIRAT\u00c3 ONLINE - F\u00c1BIO AUGUSTO CELESTINO","@id":"https:\/\/ubirataonline.com.br\/#\/schema\/person\/372f87bbd3fdd79b8556b84c98d0bc1c"},"headline":"Colombia\u2019s James Rodr\u00edguez hospitalized for \u2018severe dehydration\u2019 day after loss to France","datePublished":"2026-04-05T03:22:50+00:00","dateModified":"2026-04-05T03:22:59+00:00","mainEntityOfPage":{"@id":"https:\/\/ubirataonline.com.br\/colombias-james-rodriguez-hospitalized-for-severe-dehydration-day-after-loss-to-france\/"},"wordCount":353,"publisher":{"@id":"https:\/\/ubirataonline.com.br\/#organization"},"image":{"@id":"https:\/\/ubirataonline.com.br\/colombias-james-rodriguez-hospitalized-for-severe-dehydration-day-after-loss-to-france\/#primaryimage"},"thumbnailUrl":"https:\/\/ubirataonline.com.br\/wp-content\/uploads\/2026\/04\/Colombias-James-Rodriguez-hospitalized-for-\u2018severe-dehydration-day-after-loss.jpg","keywords":["Colombias","day","dehydration","France","hospitalized","James","loss","Rodriguez","severe"],"articleSection":["Brasil"],"inLanguage":"en-US","copyrightYear":"2026","copyrightHolder":{"@id":"https:\/\/ubirataonline.com.br\/en\/#organization"}},{"@type":"WebPage","@id":"https:\/\/ubirataonline.com.br\/colombias-james-rodriguez-hospitalized-for-severe-dehydration-day-after-loss-to-france\/","url":"https:\/\/ubirataonline.com.br\/colombias-james-rodriguez-hospitalized-for-severe-dehydration-day-after-loss-to-france\/","name":"Colombia\u2019s James Rodr\u00edguez hospitalized for \u2018severe dehydration\u2019 day after loss to France - Ubirat\u00e3 Online Not\u00edcias - A realidade ao seu alcance!","isPartOf":{"@id":"https:\/\/ubirataonline.com.br\/#website"},"primaryImageOfPage":{"@id":"https:\/\/ubirataonline.com.br\/colombias-james-rodriguez-hospitalized-for-severe-dehydration-day-after-loss-to-france\/#primaryimage"},"image":{"@id":"https:\/\/ubirataonline.com.br\/colombias-james-rodriguez-hospitalized-for-severe-dehydration-day-after-loss-to-france\/#primaryimage"},"thumbnailUrl":"https:\/\/ubirataonline.com.br\/wp-content\/uploads\/2026\/04\/Colombias-James-Rodriguez-hospitalized-for-\u2018severe-dehydration-day-after-loss.jpg","datePublished":"2026-04-05T03:22:50+00:00","dateModified":"2026-04-05T03:22:59+00:00","description":"Colombian national team captain James Rodr\u00edguez required hospital care for \u201csevere dehydration\u201d in Minnesota one day after Colombia\u2019s 3-1 loss to France","breadcrumb":{"@id":"https:\/\/ubirataonline.com.br\/colombias-james-rodriguez-hospitalized-for-severe-dehydration-day-after-loss-to-france\/#breadcrumb"},"inLanguage":"en-US","potentialAction":[{"@type":"ReadAction","target":["https:\/\/ubirataonline.com.br\/colombias-james-rodriguez-hospitalized-for-severe-dehydration-day-after-loss-to-france\/"]}]},{"@type":"ImageObject","inLanguage":"en-US","@id":"https:\/\/ubirataonline.com.br\/colombias-james-rodriguez-hospitalized-for-severe-dehydration-day-after-loss-to-france\/#primaryimage","url":"https:\/\/ubirataonline.com.br\/wp-content\/uploads\/2026\/04\/Colombias-James-Rodriguez-hospitalized-for-\u2018severe-dehydration-day-after-loss.jpg","contentUrl":"https:\/\/ubirataonline.com.br\/wp-content\/uploads\/2026\/04\/Colombias-James-Rodriguez-hospitalized-for-\u2018severe-dehydration-day-after-loss.jpg","width":1200,"height":800,"caption":"Colombia\u2019s James Rodr\u00edguez hospitalized for \u2018severe dehydration\u2019 day after loss to France"},{"@type":"BreadcrumbList","@id":"https:\/\/ubirataonline.com.br\/colombias-james-rodriguez-hospitalized-for-severe-dehydration-day-after-loss-to-france\/#breadcrumb","itemListElement":[{"@type":"ListItem","position":1,"name":"In\u00edcio","item":"https:\/\/ubirataonline.com.br\/"},{"@type":"ListItem","position":2,"name":"Colombia\u2019s James Rodr\u00edguez hospitalized for \u2018severe dehydration\u2019 day after loss to France"}]},{"@type":"WebSite","@id":"https:\/\/ubirataonline.com.br\/#website","url":"https:\/\/ubirataonline.com.br\/","name":"Ubirat\u00e3 Online Not\u00edcias","description":"Not\u00edcias de Ubirat\u00e3, regi\u00e3o, Brasil e mundo, com informa\u00e7\u00e3o atualizada e compromisso com o leitor.","publisher":{"@id":"https:\/\/ubirataonline.com.br\/#organization"},"alternateName":"Ubirat\u00e3 Online","potentialAction":[{"@type":"SearchAction","target":{"@type":"EntryPoint","urlTemplate":"https:\/\/ubirataonline.com.br\/?s={search_term_string}"},"query-input":{"@type":"PropertyValueSpecification","valueRequired":true,"valueName":"search_term_string"}}],"inLanguage":"en-US"},{"@type":["Organization","Place"],"@id":"https:\/\/ubirataonline.com.br\/#organization","name":"Ubirat\u00e3 Online Not\u00edcias","alternateName":"Ubirat\u00e3 Online","url":"https:\/\/ubirataonline.com.br\/","logo":{"@id":"https:\/\/ubirataonline.com.br\/colombias-james-rodriguez-hospitalized-for-severe-dehydration-day-after-loss-to-france\/#local-main-organization-logo"},"image":{"@id":"https:\/\/ubirataonline.com.br\/colombias-james-rodriguez-hospitalized-for-severe-dehydration-day-after-loss-to-france\/#local-main-organization-logo"},"sameAs":["https:\/\/www.facebook.com\/portalubirataonline","https:\/\/x.com\/ubirataonline","https:\/\/mastodon.social\/@ubirataonline","https:\/\/www.facebook.com\/groups\/311144672285604","https:\/\/www.facebook.com\/UBTAOnline","https:\/\/www.instagram.com\/portalubirataonline\/","https:\/\/twitter.com\/ubirataonline"],"description":"Somos um portal de not\u00edcias independente, criado em 5 de janeiro de 2009, com o objetivo de informar, conectar e valorizar a nossa comunidade de Ubirat\u00e3 e toda aregi\u00e3o. Com conte\u00fado atualizado, confi\u00e1vel e relevante, o Ubirat\u00e3 Online \u00e9 o seu espa\u00e7o para ficar por dentro dos principais acontecimentos locais, regionais, Brasil, Mundo e de interesse geral. Nosso compromisso \u00e9 com a verdade, a transpar\u00eancia e o respeito ao leitor.","legalName":"UBIRATA ONLINE NOT\u00cdCIAS","foundingDate":"2009-01-05","numberOfEmployees":{"@type":"QuantitativeValue","minValue":"1","maxValue":"10"},"publishingPrinciples":"https:\/\/ubirataonline.com.br\/faq\/","address":{"@id":"https:\/\/ubirataonline.com.br\/colombias-james-rodriguez-hospitalized-for-severe-dehydration-day-after-loss-to-france\/#local-main-place-address"},"geo":{"@type":"GeoCoordinates","latitude":"-24.5361401","longitude":"-52.9921776"},"telephone":["+5544998308235"],"contactPoint":{"@type":"ContactPoint","email":"contato@ubirataonline.com.br"},"openingHoursSpecification":{"@type":"OpeningHoursSpecification","dayOfWeek":["Monday","Tuesday","Wednesday","Thursday","Friday","Saturday","Sunday"],"opens":"00:00","closes":"23:59"},"email":"contato@ubirataonline.com.br","vatID":"47.621.418\/0001-80"},{"@type":"Person","@id":"https:\/\/ubirataonline.com.br\/#\/schema\/person\/372f87bbd3fdd79b8556b84c98d0bc1c","name":"REDA\u00c7\u00c3O: UBIRAT\u00c3 ONLINE - F\u00c1BIO AUGUSTO CELESTINO","pronouns":"Ele","description":"Desde 2003 trabalhando com not\u00edcias.","sameAs":["http:\/\/ubirataoline.com.br","https:\/\/www.facebook.com\/portalubirataonline","https:\/\/www.instagram.com\/ubirataonline_oficial","https:\/\/x.com\/x.com\/ubirataonline"],"honorificPrefix":"Mr.","honorificSuffix":"MD","birthDate":"1980-06-16","gender":"masculino","award":["V\u00e1rios pr\u00eamios de melhor portal da cidade"],"jobTitle":"Diretor","url":"https:\/\/ubirataonline.com.br\/en\/author\/ubirataonline\/"},{"@type":"PostalAddress","@id":"https:\/\/ubirataonline.com.br\/colombias-james-rodriguez-hospitalized-for-severe-dehydration-day-after-loss-to-france\/#local-main-place-address","streetAddress":"Rua dos Coqueiros, 104 - Bairro Boa Vista, Rua dos Coqueiros, 104 Bairro Boa Vista","addressLocality":"UBIRATA","postalCode":"85440-000","addressRegion":"PR","addressCountry":"BR"},{"@type":"ImageObject","inLanguage":"en-US","@id":"https:\/\/ubirataonline.com.br\/colombias-james-rodriguez-hospitalized-for-severe-dehydration-day-after-loss-to-france\/#local-main-organization-logo","url":"https:\/\/ubirataonline.com.br\/wp-content\/uploads\/2026\/06\/logoubirataonline-1.webp","contentUrl":"https:\/\/ubirataonline.com.br\/wp-content\/uploads\/2026\/06\/logoubirataonline-1.webp","width":500,"height":500,"caption":"Ubirat\u00e3 Online Not\u00edcias"}]},"geo.placename":"UBIRATA","geo.position":{"lat":"-24.5361401","long":"-52.9921776"},"geo.region":"Brazil"},"_links":{"self":[{"href":"https:\/\/ubirataonline.com.br\/en\/wp-json\/wp\/v2\/posts\/99389","targetHints":{"allow":["GET"]}}],"collection":[{"href":"https:\/\/ubirataonline.com.br\/en\/wp-json\/wp\/v2\/posts"}],"about":[{"href":"https:\/\/ubirataonline.com.br\/en\/wp-json\/wp\/v2\/types\/post"}],"author":[{"embeddable":true,"href":"https:\/\/ubirataonline.com.br\/en\/wp-json\/wp\/v2\/users\/1"}],"replies":[{"embeddable":true,"href":"https:\/\/ubirataonline.com.br\/en\/wp-json\/wp\/v2\/comments?post=99389"}],"version-history":[{"count":0,"href":"https:\/\/ubirataonline.com.br\/en\/wp-json\/wp\/v2\/posts\/99389\/revisions"}],"wp:featuredmedia":[{"embeddable":true,"href":"https:\/\/ubirataonline.com.br\/en\/wp-json\/wp\/v2\/media\/99390"}],"wp:attachment":[{"href":"https:\/\/ubirataonline.com.br\/en\/wp-json\/wp\/v2\/media?parent=99389"}],"wp:term":[{"taxonomy":"category","embeddable":true,"href":"https:\/\/ubirataonline.com.br\/en\/wp-json\/wp\/v2\/categories?post=99389"},{"taxonomy":"post_tag","embeddable":true,"href":"https:\/\/ubirataonline.com.br\/en\/wp-json\/wp\/v2\/tags?post=99389"}],"curies":[{"name":"wp","href":"https:\/\/api.w.org\/{rel}","templated":true}]}}