{"id":99429,"date":"2026-04-05T05:23:50","date_gmt":"2026-04-05T08:23:50","guid":{"rendered":"https:\/\/ubirataonline.com.br\/incendio-causa-destruicao-total-em-predio-historico-de-paranagua\/"},"modified":"2026-04-05T05:23:53","modified_gmt":"2026-04-05T08:23:53","slug":"incendio-causa-destruicao-total-em-predio-historico-de-paranagua","status":"publish","type":"post","link":"https:\/\/ubirataonline.com.br\/en\/incendio-causa-destruicao-total-em-predio-historico-de-paranagua\/","title":{"rendered":"Inc\u00eandio causa destrui\u00e7\u00e3o total em pr\u00e9dio hist\u00f3rico de Paranagu\u00e1"},"content":{"rendered":"<p><\/p>\n<div id=\"post-content\">\n<p>Um inc\u00eandio de grandes propor\u00e7\u00f5es atingiu o <strong>Instituto de Educa\u00e7\u00e3o Doutor Caetano Munhoz Rocha<\/strong>, em <strong>Paranagu\u00e1<\/strong>, litoral do Paran\u00e1, no in\u00edcio da tarde deste s\u00e1bado (04\/04). O edif\u00edcio, inaugurado em 1927 e tombado como patrim\u00f4nio hist\u00f3rico do Estado desde 1991, sofreu muitos danos, incluindo o desabamento do telhado e a destrui\u00e7\u00e3o de janelas. Os Bombeiros anunciaram que controlaram o inc\u00eandio por volta das 17h.<\/p>\n<p>O combate \u00e0s chamas mobilizou dezenas de equipes do Corpo de Bombeiros e brigadistas do Porto de Paranagu\u00e1, num total de 45 pessoas. O suporte est\u00e1 sendo feito com um caminh\u00e3o autobomba-tanque (ABT) com capacidade de 11,6 mil litros de \u00e1gua e tamb\u00e9m com pessoal treinado para atuar nessas situa\u00e7\u00f5es.<\/p>\n<p>Por seguran\u00e7a, as vias no entorno foram isoladas. At\u00e9 o momento, n\u00e3o h\u00e1 registro de feridos. Ap\u00f3s o controle do inc\u00eandio e a libera\u00e7\u00e3o da \u00e1rea, ser\u00e1 feito um levantamento dos danos para defini\u00e7\u00e3o das provid\u00eancias necess\u00e1rias. A continuidade das aulas ser\u00e1 definida, com possibilidade de realoca\u00e7\u00e3o dos estudantes em outras unidades.<\/p>\n<p>Em nota, o Governo do Paran\u00e1 segue acompanhando o caso com representantes da Secretaria de Estado da Educa\u00e7\u00e3o e do Instituto Paranaense de Desenvolvimento Educacional (Fundepar) e adotar\u00e1 as medidas necess\u00e1rias o mais r\u00e1pido poss\u00edvel.<\/p>\n<section class=\"virals\">\n<article class=\"cardnews cardnews--post cardnews--has-thumbnail cardnews--editorial-noticias\"> <a href=\"https:\/\/www.tribunapr.com.br\/noticias\/curitiba-regiao\/vereador-perdeu-pia-e-investigado-por-usar-gm-para-se-autopromove?utm_source=noticias-virais-rodape&amp;utm_medium=internal-tribuna&amp;utm_campaign=tribuna\" class=\"cardnews__postlink\"> <\/p>\n<div class=\"cardnews__image\" is-api-thumb=\"\"><\/div>\n<div class=\"cardnews__content cardhome__content\">\n<div class=\"cardnews__content-wrapper\">\n<p> <span style=\"\"> De olho! <\/span> <\/p>\n<p>Vereador Perdeu Pi\u00e1 \u00e9 investigado por usar GM para se autopromover<\/p>\n<\/p><\/div>\n<\/p><\/div>\n<p> <\/a> <\/article>\n<article class=\"cardnews cardnews--post cardnews--has-thumbnail cardnews--editorial-noticias\"> <a href=\"https:\/\/www.tribunapr.com.br\/noticias\/parana\/parana-pode-sentir-efeitos-do-el-nino-a-partir-de-julho-o-que-esperar\/?utm_source=noticias-virais-rodape&amp;utm_medium=internal-tribuna&amp;utm_campaign=tribuna\" class=\"cardnews__postlink\"> <\/p>\n<div class=\"cardnews__image\" is-api-thumb=\"\"><img decoding=\"async\" src=\"https:\/\/www.tribunapr.com.br\/wp-content\/uploads\/2026\/02\/20182305\/chuvas-370x210.jpg\" loading=\"lazy\" alt=\"Paran\u00e1 pode sentir efeitos do El Ni\u00f1o a partir de julho; o que esperar\"\/><\/div>\n<div class=\"cardnews__content cardhome__content\">\n<div class=\"cardnews__content-wrapper\">\n<p> <span style=\"\"> Alerta <\/span> <\/p>\n<p>Paran\u00e1 pode sentir efeitos do El Ni\u00f1o a partir de julho; o que esperar<\/p>\n<\/p><\/div>\n<\/p><\/div>\n<p> <\/a> <\/article>\n<article class=\"cardnews cardnews--post cardnews--has-thumbnail cardnews--editorial-noticias\"> <a href=\"https:\/\/www.tribunapr.com.br\/noticias\/parana\/roteiro-inusitado-parana-coleciona-estatuas-peculiares-pelo-interior\/ C?utm_source=noticias-virais-rodape&amp;utm_medium=internal-tribuna&amp;utm_campaign=tribuna\" class=\"cardnews__postlink\"> <\/p>\n<div class=\"cardnews__image\" is-api-thumb=\"\"><img decoding=\"async\" src=\"https:\/\/www.tribunapr.com.br\/wp-content\/uploads\/2026\/01\/15072039\/falecimentos-em-curitiba-370x210.jpg\" loading=\"lazy\" alt=\"Roteiro inusitado: Paran\u00e1 coleciona est\u00e1tuas peculiares pelo interior \"\/><\/div>\n<div class=\"cardnews__content cardhome__content\">\n<div class=\"cardnews__content-wrapper\">\n<p> <span style=\"\"> Belezas do Paran\u00e1 <\/span> <\/p>\n<p>Roteiro inusitado: Paran\u00e1 coleciona est\u00e1tuas peculiares pelo interior <\/p>\n<\/p><\/div>\n<\/p><\/div>\n<p> <\/a> <\/article>\n<\/section>\n<div id=\"tribuna-follow-cta\">\n<p> <span class=\"cta-title\">Siga a <span class=\"tribuna-color\">Tribuna<\/span> no Google, e acompanhe as \u00faltimas not\u00edcias de Curitiba e regi\u00e3o!<\/span> <\/p>\n<p> <a href=\"https:\/\/profile.google.com\/cp\/CgwvZy8xMmxxajUzM3Mac2h0dHBzOi8vd3d3LnRyaWJ1bmFwci5jb20uYnIvdml2YS92aXRyaW5lL2dpZ2FudGUtZG8tdmVzdHVhcmlvLXJlaW5hdWd1cmEtbG9qYS1lbS1zaG9wcGluZy10cmFkaWNpb25hbC1kZS1jdXJpdGliYS8iElRyaWJ1bmEgZG8gUGFyYW7DoSqAAwrHAWh0dHBzOi8vZW5jcnlwdGVkLXRibjIuZ3N0YXRpYy5jb20vZmF2aWNvbi10Ym4_cT10Ym46QU5kOUdjUVJPbjVDRjR6TzJPbkUwTXZrRlRCRTY2U0g1bGlaVDRaZTV3bWNKeU5GRm1BSnluM01nNU9PR3BXY1pYMzZwYU5HUWtsZ09JVEFLTTNNZVNGbTc1aWp6M3k2ajUtQ3M2b25kX2JUcFFQQkVLd3RsUjBsTmJESnUtVHhrNXQtbFlCNlVpOWZSVVFjT2cSswFodHRwczovL2VuY3J5cHRlZC10Ym4zLmdzdGF0aWMuY29tL2Zhdmljb24tdGJuP3E9dGJuJTNBQU5kOUdjU0FMaWJ2eFF0YXdFMFRueVdWWmVKRS1MZEdRZjVTUi1OZ2RMazhyZzIwVy1nM0JuQ1F4VDNKZFBjRXR2THdBeVRxUDJEdHVycEdVR29CQkxpYzM5al9wSmFxRERaMHNCYW05WEVhSGVsMmZTQmdKdlF4WWVyMw\" target=\"_blank\" title=\"Seguir a Tribuna no Google\">  <\/a> <\/div>\n<\/p><\/div>\n<p><a href=\"https:\/\/www.tribunapr.com.br\/noticias\/parana\/incendio-causa-destruicao-total-em-predio-historico-de-paranagua\/\">Fonte do Artigo <\/a><\/p>","protected":false},"excerpt":{"rendered":"<p>Um inc\u00eandio de grandes propor\u00e7\u00f5es atingiu o Instituto de Educa\u00e7\u00e3o Doutor Caetano Munhoz Rocha, em Paranagu\u00e1, litoral do Paran\u00e1, no in\u00edcio da tarde deste s\u00e1bado (04\/04). O edif\u00edcio, inaugurado em 1927 e tombado como patrim\u00f4nio hist\u00f3rico do Estado desde 1991, sofreu muitos danos, incluindo o desabamento do telhado e a destrui\u00e7\u00e3o de janelas. Os Bombeiros [&hellip;]<\/p>\n","protected":false},"author":1,"featured_media":99430,"comment_status":"closed","ping_status":"","sticky":false,"template":"","format":"standard","meta":{"googlesitekit_rrm_CAow2JLhCw:productID":"","_gspb_post_css":"","maa_idioma":"","maa_pais":"","footnotes":""},"categories":[1],"tags":[3422,17581,4538,1597,3425,2886,6413],"class_list":["post-99429","post","type-post","status-publish","format-standard","has-post-thumbnail","hentry","category-ubirata","tag-causa","tag-destruicao","tag-historico","tag-incendio","tag-paranagua","tag-predio","tag-total"],"blocksy_meta":[],"yoast_head":"<!-- This site is optimized with the Yoast SEO Premium plugin v27.6 (Yoast SEO v27.6) - https:\/\/yoast.com\/product\/yoast-seo-premium-wordpress\/ -->\n<title>Inc\u00eandio causa destrui\u00e7\u00e3o total em pr\u00e9dio hist\u00f3rico de Paranagu\u00e1 - Ubirat\u00e3 Online Not\u00edcias - A realidade ao seu alcance!<\/title>\n<meta name=\"description\" content=\"Um inc\u00eandio de grandes propor\u00e7\u00f5es atingiu o Instituto de Educa\u00e7\u00e3o Doutor Caetano Munhoz Rocha, em Paranagu\u00e1, litoral do Paran\u00e1, no in\u00edcio da tarde deste\" \/>\n<meta name=\"robots\" content=\"index, follow, max-snippet:-1, max-image-preview:large, max-video-preview:-1\" \/>\n<link rel=\"canonical\" href=\"https:\/\/ubirataonline.com.br\/en\/incendio-causa-destruicao-total-em-predio-historico-de-paranagua\/\" \/>\n<meta property=\"og:locale\" content=\"en_US\" \/>\n<meta property=\"og:type\" content=\"article\" \/>\n<meta property=\"og:title\" content=\"Inc\u00eandio causa destrui\u00e7\u00e3o total em pr\u00e9dio hist\u00f3rico de Paranagu\u00e1\" \/>\n<meta property=\"og:description\" content=\"Um inc\u00eandio de grandes propor\u00e7\u00f5es atingiu o Instituto de Educa\u00e7\u00e3o Doutor Caetano Munhoz Rocha, em Paranagu\u00e1, litoral do Paran\u00e1, no in\u00edcio da tarde deste\" \/>\n<meta property=\"og:url\" content=\"https:\/\/ubirataonline.com.br\/en\/incendio-causa-destruicao-total-em-predio-historico-de-paranagua\/\" \/>\n<meta property=\"og:site_name\" content=\"Ubirat\u00e3 Online Not\u00edcias - A realidade ao seu alcance!\" \/>\n<meta property=\"article:publisher\" content=\"https:\/\/www.facebook.com\/portalubirataonline\" \/>\n<meta property=\"article:author\" content=\"https:\/\/www.facebook.com\/portalubirataonline\" \/>\n<meta property=\"article:published_time\" content=\"2026-04-05T08:23:50+00:00\" \/>\n<meta property=\"article:modified_time\" content=\"2026-04-05T08:23:53+00:00\" \/>\n<meta property=\"og:image\" content=\"https:\/\/ubirataonline.com.br\/wp-content\/uploads\/2026\/04\/Incendio-causa-destruicao-total-em-predio-historico-de-Paranagua.jpg\" \/>\n\t<meta property=\"og:image:width\" content=\"1200\" \/>\n\t<meta property=\"og:image:height\" content=\"822\" \/>\n\t<meta property=\"og:image:type\" content=\"image\/jpeg\" \/>\n<meta name=\"author\" content=\"REDA\u00c7\u00c3O: UBIRAT\u00c3 ONLINE - F\u00c1BIO AUGUSTO CELESTINO\" \/>\n<meta name=\"twitter:card\" content=\"summary_large_image\" \/>\n<meta name=\"twitter:creator\" content=\"@x.com\/ubirataonline\" \/>\n<meta name=\"twitter:site\" content=\"@ubirataonline\" \/>\n<meta name=\"twitter:label1\" content=\"Written by\" \/>\n\t<meta name=\"twitter:data1\" content=\"REDA\u00c7\u00c3O: UBIRAT\u00c3 ONLINE - F\u00c1BIO AUGUSTO CELESTINO\" \/>\n\t<meta name=\"twitter:label2\" content=\"Est. reading time\" \/>\n\t<meta name=\"twitter:data2\" content=\"1 minute\" \/>\n<script type=\"application\/ld+json\" class=\"yoast-schema-graph\">{\"@context\":\"https:\\\/\\\/schema.org\",\"@graph\":[{\"@type\":\"NewsArticle\",\"@id\":\"https:\\\/\\\/ubirataonline.com.br\\\/incendio-causa-destruicao-total-em-predio-historico-de-paranagua\\\/#article\",\"isPartOf\":{\"@id\":\"https:\\\/\\\/ubirataonline.com.br\\\/incendio-causa-destruicao-total-em-predio-historico-de-paranagua\\\/\"},\"author\":{\"name\":\"REDA\u00c7\u00c3O: UBIRAT\u00c3 ONLINE - F\u00c1BIO AUGUSTO CELESTINO\",\"@id\":\"https:\\\/\\\/ubirataonline.com.br\\\/#\\\/schema\\\/person\\\/372f87bbd3fdd79b8556b84c98d0bc1c\"},\"headline\":\"Inc\u00eandio causa destrui\u00e7\u00e3o total em pr\u00e9dio hist\u00f3rico de Paranagu\u00e1\",\"datePublished\":\"2026-04-05T08:23:50+00:00\",\"dateModified\":\"2026-04-05T08:23:53+00:00\",\"mainEntityOfPage\":{\"@id\":\"https:\\\/\\\/ubirataonline.com.br\\\/incendio-causa-destruicao-total-em-predio-historico-de-paranagua\\\/\"},\"wordCount\":294,\"publisher\":{\"@id\":\"https:\\\/\\\/ubirataonline.com.br\\\/#organization\"},\"image\":{\"@id\":\"https:\\\/\\\/ubirataonline.com.br\\\/incendio-causa-destruicao-total-em-predio-historico-de-paranagua\\\/#primaryimage\"},\"thumbnailUrl\":\"https:\\\/\\\/ubirataonline.com.br\\\/wp-content\\\/uploads\\\/2026\\\/04\\\/Incendio-causa-destruicao-total-em-predio-historico-de-Paranagua.jpg\",\"keywords\":[\"causa\",\"Destrui\u00e7\u00e3o\",\"hist\u00f3rico\",\"Inc\u00eandio\",\"Paranagu\u00e1\",\"Pr\u00e9dio\",\"Total\"],\"articleSection\":[\"Ubirat\u00e3\"],\"inLanguage\":\"en-US\",\"copyrightYear\":\"2026\",\"copyrightHolder\":{\"@id\":\"https:\\\/\\\/ubirataonline.com.br\\\/en\\\/#organization\"}},{\"@type\":\"WebPage\",\"@id\":\"https:\\\/\\\/ubirataonline.com.br\\\/incendio-causa-destruicao-total-em-predio-historico-de-paranagua\\\/\",\"url\":\"https:\\\/\\\/ubirataonline.com.br\\\/incendio-causa-destruicao-total-em-predio-historico-de-paranagua\\\/\",\"name\":\"Inc\u00eandio causa destrui\u00e7\u00e3o total em pr\u00e9dio hist\u00f3rico de Paranagu\u00e1 - Ubirat\u00e3 Online Not\u00edcias - A realidade ao seu alcance!\",\"isPartOf\":{\"@id\":\"https:\\\/\\\/ubirataonline.com.br\\\/#website\"},\"primaryImageOfPage\":{\"@id\":\"https:\\\/\\\/ubirataonline.com.br\\\/incendio-causa-destruicao-total-em-predio-historico-de-paranagua\\\/#primaryimage\"},\"image\":{\"@id\":\"https:\\\/\\\/ubirataonline.com.br\\\/incendio-causa-destruicao-total-em-predio-historico-de-paranagua\\\/#primaryimage\"},\"thumbnailUrl\":\"https:\\\/\\\/ubirataonline.com.br\\\/wp-content\\\/uploads\\\/2026\\\/04\\\/Incendio-causa-destruicao-total-em-predio-historico-de-Paranagua.jpg\",\"datePublished\":\"2026-04-05T08:23:50+00:00\",\"dateModified\":\"2026-04-05T08:23:53+00:00\",\"description\":\"Um inc\u00eandio de grandes propor\u00e7\u00f5es atingiu o Instituto de Educa\u00e7\u00e3o Doutor Caetano Munhoz Rocha, em Paranagu\u00e1, litoral do Paran\u00e1, no in\u00edcio da tarde deste\",\"breadcrumb\":{\"@id\":\"https:\\\/\\\/ubirataonline.com.br\\\/incendio-causa-destruicao-total-em-predio-historico-de-paranagua\\\/#breadcrumb\"},\"inLanguage\":\"en-US\",\"potentialAction\":[{\"@type\":\"ReadAction\",\"target\":[\"https:\\\/\\\/ubirataonline.com.br\\\/incendio-causa-destruicao-total-em-predio-historico-de-paranagua\\\/\"]}]},{\"@type\":\"ImageObject\",\"inLanguage\":\"en-US\",\"@id\":\"https:\\\/\\\/ubirataonline.com.br\\\/incendio-causa-destruicao-total-em-predio-historico-de-paranagua\\\/#primaryimage\",\"url\":\"https:\\\/\\\/ubirataonline.com.br\\\/wp-content\\\/uploads\\\/2026\\\/04\\\/Incendio-causa-destruicao-total-em-predio-historico-de-Paranagua.jpg\",\"contentUrl\":\"https:\\\/\\\/ubirataonline.com.br\\\/wp-content\\\/uploads\\\/2026\\\/04\\\/Incendio-causa-destruicao-total-em-predio-historico-de-Paranagua.jpg\",\"width\":1200,\"height\":822,\"caption\":\"Inc\u00eandio em pr\u00e9dio hist\u00f3rico de Paranagu\u00e1 causa destrui\u00e7\u00e3o total. Foto: Reprodu\u00e7\u00e3o \\\/ G1\"},{\"@type\":\"BreadcrumbList\",\"@id\":\"https:\\\/\\\/ubirataonline.com.br\\\/incendio-causa-destruicao-total-em-predio-historico-de-paranagua\\\/#breadcrumb\",\"itemListElement\":[{\"@type\":\"ListItem\",\"position\":1,\"name\":\"In\u00edcio\",\"item\":\"https:\\\/\\\/ubirataonline.com.br\\\/\"},{\"@type\":\"ListItem\",\"position\":2,\"name\":\"Inc\u00eandio causa destrui\u00e7\u00e3o total em pr\u00e9dio hist\u00f3rico de Paranagu\u00e1\"}]},{\"@type\":\"WebSite\",\"@id\":\"https:\\\/\\\/ubirataonline.com.br\\\/#website\",\"url\":\"https:\\\/\\\/ubirataonline.com.br\\\/\",\"name\":\"Ubirat\u00e3 Online Not\u00edcias\",\"description\":\"Not\u00edcias de Ubirat\u00e3, regi\u00e3o, Brasil e mundo, com informa\u00e7\u00e3o atualizada e compromisso com o leitor.\",\"publisher\":{\"@id\":\"https:\\\/\\\/ubirataonline.com.br\\\/#organization\"},\"alternateName\":\"Ubirat\u00e3 Online\",\"potentialAction\":[{\"@type\":\"SearchAction\",\"target\":{\"@type\":\"EntryPoint\",\"urlTemplate\":\"https:\\\/\\\/ubirataonline.com.br\\\/?s={search_term_string}\"},\"query-input\":{\"@type\":\"PropertyValueSpecification\",\"valueRequired\":true,\"valueName\":\"search_term_string\"}}],\"inLanguage\":\"en-US\"},{\"@type\":[\"Organization\",\"Place\"],\"@id\":\"https:\\\/\\\/ubirataonline.com.br\\\/#organization\",\"name\":\"Ubirat\u00e3 Online Not\u00edcias\",\"alternateName\":\"Ubirat\u00e3 Online\",\"url\":\"https:\\\/\\\/ubirataonline.com.br\\\/\",\"logo\":{\"@id\":\"https:\\\/\\\/ubirataonline.com.br\\\/incendio-causa-destruicao-total-em-predio-historico-de-paranagua\\\/#local-main-organization-logo\"},\"image\":{\"@id\":\"https:\\\/\\\/ubirataonline.com.br\\\/incendio-causa-destruicao-total-em-predio-historico-de-paranagua\\\/#local-main-organization-logo\"},\"sameAs\":[\"https:\\\/\\\/www.facebook.com\\\/portalubirataonline\",\"https:\\\/\\\/x.com\\\/ubirataonline\",\"https:\\\/\\\/mastodon.social\\\/@ubirataonline\",\"https:\\\/\\\/www.facebook.com\\\/groups\\\/311144672285604\",\"https:\\\/\\\/www.facebook.com\\\/UBTAOnline\",\"https:\\\/\\\/www.instagram.com\\\/portalubirataonline\\\/\",\"https:\\\/\\\/twitter.com\\\/ubirataonline\"],\"description\":\"Somos um portal de not\u00edcias independente, criado em 5 de janeiro de 2009, com o objetivo de informar, conectar e valorizar a nossa comunidade de Ubirat\u00e3 e toda aregi\u00e3o. Com conte\u00fado atualizado, confi\u00e1vel e relevante, o Ubirat\u00e3 Online \u00e9 o seu espa\u00e7o para ficar por dentro dos principais acontecimentos locais, regionais, Brasil, Mundo e de interesse geral. Nosso compromisso \u00e9 com a verdade, a transpar\u00eancia e o respeito ao leitor.\",\"legalName\":\"UBIRATA ONLINE NOT\u00cdCIAS\",\"foundingDate\":\"2009-01-05\",\"numberOfEmployees\":{\"@type\":\"QuantitativeValue\",\"minValue\":\"1\",\"maxValue\":\"10\"},\"publishingPrinciples\":\"https:\\\/\\\/ubirataonline.com.br\\\/faq\\\/\",\"address\":{\"@id\":\"https:\\\/\\\/ubirataonline.com.br\\\/incendio-causa-destruicao-total-em-predio-historico-de-paranagua\\\/#local-main-place-address\"},\"geo\":{\"@type\":\"GeoCoordinates\",\"latitude\":\"-24.5361401\",\"longitude\":\"-52.9921776\"},\"telephone\":[\"+5544998308235\"],\"contactPoint\":{\"@type\":\"ContactPoint\",\"email\":\"contato@ubirataonline.com.br\"},\"openingHoursSpecification\":{\"@type\":\"OpeningHoursSpecification\",\"dayOfWeek\":[\"Monday\",\"Tuesday\",\"Wednesday\",\"Thursday\",\"Friday\",\"Saturday\",\"Sunday\"],\"opens\":\"00:00\",\"closes\":\"23:59\"},\"email\":\"contato@ubirataonline.com.br\",\"vatID\":\"47.621.418\\\/0001-80\"},{\"@type\":\"Person\",\"@id\":\"https:\\\/\\\/ubirataonline.com.br\\\/#\\\/schema\\\/person\\\/372f87bbd3fdd79b8556b84c98d0bc1c\",\"name\":\"REDA\u00c7\u00c3O: UBIRAT\u00c3 ONLINE - F\u00c1BIO AUGUSTO CELESTINO\",\"pronouns\":\"Ele\",\"description\":\"Desde 2003 trabalhando com not\u00edcias.\",\"sameAs\":[\"http:\\\/\\\/ubirataoline.com.br\",\"https:\\\/\\\/www.facebook.com\\\/portalubirataonline\",\"https:\\\/\\\/www.instagram.com\\\/ubirataonline_oficial\",\"https:\\\/\\\/x.com\\\/x.com\\\/ubirataonline\"],\"honorificPrefix\":\"Mr.\",\"honorificSuffix\":\"MD\",\"birthDate\":\"1980-06-16\",\"gender\":\"masculino\",\"award\":[\"V\u00e1rios pr\u00eamios de melhor portal da cidade\"],\"jobTitle\":\"Diretor\",\"url\":\"https:\\\/\\\/ubirataonline.com.br\\\/en\\\/author\\\/ubirataonline\\\/\"},{\"@type\":\"PostalAddress\",\"@id\":\"https:\\\/\\\/ubirataonline.com.br\\\/incendio-causa-destruicao-total-em-predio-historico-de-paranagua\\\/#local-main-place-address\",\"streetAddress\":\"Rua dos Coqueiros, 104 - Bairro Boa Vista, Rua dos Coqueiros, 104 Bairro Boa Vista\",\"addressLocality\":\"UBIRATA\",\"postalCode\":\"85440-000\",\"addressRegion\":\"PR\",\"addressCountry\":\"BR\"},{\"@type\":\"ImageObject\",\"inLanguage\":\"en-US\",\"@id\":\"https:\\\/\\\/ubirataonline.com.br\\\/incendio-causa-destruicao-total-em-predio-historico-de-paranagua\\\/#local-main-organization-logo\",\"url\":\"https:\\\/\\\/ubirataonline.com.br\\\/wp-content\\\/uploads\\\/2026\\\/06\\\/logoubirataonline-1.webp\",\"contentUrl\":\"https:\\\/\\\/ubirataonline.com.br\\\/wp-content\\\/uploads\\\/2026\\\/06\\\/logoubirataonline-1.webp\",\"width\":500,\"height\":500,\"caption\":\"Ubirat\u00e3 Online Not\u00edcias\"}]}<\/script>\n<meta name=\"geo.placename\" content=\"UBIRATA\" \/>\n<meta name=\"geo.position\" content=\"-24.5361401;-52.9921776\" \/>\n<meta name=\"geo.region\" content=\"Brazil\" \/>\n<!-- \/ Yoast SEO Premium plugin. -->","yoast_head_json":{"title":"Inc\u00eandio causa destrui\u00e7\u00e3o total em pr\u00e9dio hist\u00f3rico de Paranagu\u00e1 - Ubirat\u00e3 Online Not\u00edcias - A realidade ao seu alcance!","description":"Um inc\u00eandio de grandes propor\u00e7\u00f5es atingiu o Instituto de Educa\u00e7\u00e3o Doutor Caetano Munhoz Rocha, em Paranagu\u00e1, litoral do Paran\u00e1, no in\u00edcio da tarde deste","robots":{"index":"index","follow":"follow","max-snippet":"max-snippet:-1","max-image-preview":"max-image-preview:large","max-video-preview":"max-video-preview:-1"},"canonical":"https:\/\/ubirataonline.com.br\/en\/incendio-causa-destruicao-total-em-predio-historico-de-paranagua\/","og_locale":"en_US","og_type":"article","og_title":"Inc\u00eandio causa destrui\u00e7\u00e3o total em pr\u00e9dio hist\u00f3rico de Paranagu\u00e1","og_description":"Um inc\u00eandio de grandes propor\u00e7\u00f5es atingiu o Instituto de Educa\u00e7\u00e3o Doutor Caetano Munhoz Rocha, em Paranagu\u00e1, litoral do Paran\u00e1, no in\u00edcio da tarde deste","og_url":"https:\/\/ubirataonline.com.br\/en\/incendio-causa-destruicao-total-em-predio-historico-de-paranagua\/","og_site_name":"Ubirat\u00e3 Online Not\u00edcias - A realidade ao seu alcance!","article_publisher":"https:\/\/www.facebook.com\/portalubirataonline","article_author":"https:\/\/www.facebook.com\/portalubirataonline","article_published_time":"2026-04-05T08:23:50+00:00","article_modified_time":"2026-04-05T08:23:53+00:00","og_image":[{"width":1200,"height":822,"url":"https:\/\/ubirataonline.com.br\/wp-content\/uploads\/2026\/04\/Incendio-causa-destruicao-total-em-predio-historico-de-Paranagua.jpg","type":"image\/jpeg"}],"author":"REDA\u00c7\u00c3O: UBIRAT\u00c3 ONLINE - F\u00c1BIO AUGUSTO CELESTINO","twitter_card":"summary_large_image","twitter_creator":"@x.com\/ubirataonline","twitter_site":"@ubirataonline","twitter_misc":{"Written by":"REDA\u00c7\u00c3O: UBIRAT\u00c3 ONLINE - F\u00c1BIO AUGUSTO CELESTINO","Est. reading time":"1 minute"},"schema":{"@context":"https:\/\/schema.org","@graph":[{"@type":"NewsArticle","@id":"https:\/\/ubirataonline.com.br\/incendio-causa-destruicao-total-em-predio-historico-de-paranagua\/#article","isPartOf":{"@id":"https:\/\/ubirataonline.com.br\/incendio-causa-destruicao-total-em-predio-historico-de-paranagua\/"},"author":{"name":"REDA\u00c7\u00c3O: UBIRAT\u00c3 ONLINE - F\u00c1BIO AUGUSTO CELESTINO","@id":"https:\/\/ubirataonline.com.br\/#\/schema\/person\/372f87bbd3fdd79b8556b84c98d0bc1c"},"headline":"Inc\u00eandio causa destrui\u00e7\u00e3o total em pr\u00e9dio hist\u00f3rico de Paranagu\u00e1","datePublished":"2026-04-05T08:23:50+00:00","dateModified":"2026-04-05T08:23:53+00:00","mainEntityOfPage":{"@id":"https:\/\/ubirataonline.com.br\/incendio-causa-destruicao-total-em-predio-historico-de-paranagua\/"},"wordCount":294,"publisher":{"@id":"https:\/\/ubirataonline.com.br\/#organization"},"image":{"@id":"https:\/\/ubirataonline.com.br\/incendio-causa-destruicao-total-em-predio-historico-de-paranagua\/#primaryimage"},"thumbnailUrl":"https:\/\/ubirataonline.com.br\/wp-content\/uploads\/2026\/04\/Incendio-causa-destruicao-total-em-predio-historico-de-Paranagua.jpg","keywords":["causa","Destrui\u00e7\u00e3o","hist\u00f3rico","Inc\u00eandio","Paranagu\u00e1","Pr\u00e9dio","Total"],"articleSection":["Ubirat\u00e3"],"inLanguage":"en-US","copyrightYear":"2026","copyrightHolder":{"@id":"https:\/\/ubirataonline.com.br\/en\/#organization"}},{"@type":"WebPage","@id":"https:\/\/ubirataonline.com.br\/incendio-causa-destruicao-total-em-predio-historico-de-paranagua\/","url":"https:\/\/ubirataonline.com.br\/incendio-causa-destruicao-total-em-predio-historico-de-paranagua\/","name":"Inc\u00eandio causa destrui\u00e7\u00e3o total em pr\u00e9dio hist\u00f3rico de Paranagu\u00e1 - Ubirat\u00e3 Online Not\u00edcias - A realidade ao seu alcance!","isPartOf":{"@id":"https:\/\/ubirataonline.com.br\/#website"},"primaryImageOfPage":{"@id":"https:\/\/ubirataonline.com.br\/incendio-causa-destruicao-total-em-predio-historico-de-paranagua\/#primaryimage"},"image":{"@id":"https:\/\/ubirataonline.com.br\/incendio-causa-destruicao-total-em-predio-historico-de-paranagua\/#primaryimage"},"thumbnailUrl":"https:\/\/ubirataonline.com.br\/wp-content\/uploads\/2026\/04\/Incendio-causa-destruicao-total-em-predio-historico-de-Paranagua.jpg","datePublished":"2026-04-05T08:23:50+00:00","dateModified":"2026-04-05T08:23:53+00:00","description":"Um inc\u00eandio de grandes propor\u00e7\u00f5es atingiu o Instituto de Educa\u00e7\u00e3o Doutor Caetano Munhoz Rocha, em Paranagu\u00e1, litoral do Paran\u00e1, no in\u00edcio da tarde deste","breadcrumb":{"@id":"https:\/\/ubirataonline.com.br\/incendio-causa-destruicao-total-em-predio-historico-de-paranagua\/#breadcrumb"},"inLanguage":"en-US","potentialAction":[{"@type":"ReadAction","target":["https:\/\/ubirataonline.com.br\/incendio-causa-destruicao-total-em-predio-historico-de-paranagua\/"]}]},{"@type":"ImageObject","inLanguage":"en-US","@id":"https:\/\/ubirataonline.com.br\/incendio-causa-destruicao-total-em-predio-historico-de-paranagua\/#primaryimage","url":"https:\/\/ubirataonline.com.br\/wp-content\/uploads\/2026\/04\/Incendio-causa-destruicao-total-em-predio-historico-de-Paranagua.jpg","contentUrl":"https:\/\/ubirataonline.com.br\/wp-content\/uploads\/2026\/04\/Incendio-causa-destruicao-total-em-predio-historico-de-Paranagua.jpg","width":1200,"height":822,"caption":"Inc\u00eandio em pr\u00e9dio hist\u00f3rico de Paranagu\u00e1 causa destrui\u00e7\u00e3o total. Foto: Reprodu\u00e7\u00e3o \/ G1"},{"@type":"BreadcrumbList","@id":"https:\/\/ubirataonline.com.br\/incendio-causa-destruicao-total-em-predio-historico-de-paranagua\/#breadcrumb","itemListElement":[{"@type":"ListItem","position":1,"name":"In\u00edcio","item":"https:\/\/ubirataonline.com.br\/"},{"@type":"ListItem","position":2,"name":"Inc\u00eandio causa destrui\u00e7\u00e3o total em pr\u00e9dio hist\u00f3rico de Paranagu\u00e1"}]},{"@type":"WebSite","@id":"https:\/\/ubirataonline.com.br\/#website","url":"https:\/\/ubirataonline.com.br\/","name":"Ubirat\u00e3 Online Not\u00edcias","description":"Not\u00edcias de Ubirat\u00e3, regi\u00e3o, Brasil e mundo, com informa\u00e7\u00e3o atualizada e compromisso com o leitor.","publisher":{"@id":"https:\/\/ubirataonline.com.br\/#organization"},"alternateName":"Ubirat\u00e3 Online","potentialAction":[{"@type":"SearchAction","target":{"@type":"EntryPoint","urlTemplate":"https:\/\/ubirataonline.com.br\/?s={search_term_string}"},"query-input":{"@type":"PropertyValueSpecification","valueRequired":true,"valueName":"search_term_string"}}],"inLanguage":"en-US"},{"@type":["Organization","Place"],"@id":"https:\/\/ubirataonline.com.br\/#organization","name":"Ubirat\u00e3 Online Not\u00edcias","alternateName":"Ubirat\u00e3 Online","url":"https:\/\/ubirataonline.com.br\/","logo":{"@id":"https:\/\/ubirataonline.com.br\/incendio-causa-destruicao-total-em-predio-historico-de-paranagua\/#local-main-organization-logo"},"image":{"@id":"https:\/\/ubirataonline.com.br\/incendio-causa-destruicao-total-em-predio-historico-de-paranagua\/#local-main-organization-logo"},"sameAs":["https:\/\/www.facebook.com\/portalubirataonline","https:\/\/x.com\/ubirataonline","https:\/\/mastodon.social\/@ubirataonline","https:\/\/www.facebook.com\/groups\/311144672285604","https:\/\/www.facebook.com\/UBTAOnline","https:\/\/www.instagram.com\/portalubirataonline\/","https:\/\/twitter.com\/ubirataonline"],"description":"Somos um portal de not\u00edcias independente, criado em 5 de janeiro de 2009, com o objetivo de informar, conectar e valorizar a nossa comunidade de Ubirat\u00e3 e toda aregi\u00e3o. Com conte\u00fado atualizado, confi\u00e1vel e relevante, o Ubirat\u00e3 Online \u00e9 o seu espa\u00e7o para ficar por dentro dos principais acontecimentos locais, regionais, Brasil, Mundo e de interesse geral. Nosso compromisso \u00e9 com a verdade, a transpar\u00eancia e o respeito ao leitor.","legalName":"UBIRATA ONLINE NOT\u00cdCIAS","foundingDate":"2009-01-05","numberOfEmployees":{"@type":"QuantitativeValue","minValue":"1","maxValue":"10"},"publishingPrinciples":"https:\/\/ubirataonline.com.br\/faq\/","address":{"@id":"https:\/\/ubirataonline.com.br\/incendio-causa-destruicao-total-em-predio-historico-de-paranagua\/#local-main-place-address"},"geo":{"@type":"GeoCoordinates","latitude":"-24.5361401","longitude":"-52.9921776"},"telephone":["+5544998308235"],"contactPoint":{"@type":"ContactPoint","email":"contato@ubirataonline.com.br"},"openingHoursSpecification":{"@type":"OpeningHoursSpecification","dayOfWeek":["Monday","Tuesday","Wednesday","Thursday","Friday","Saturday","Sunday"],"opens":"00:00","closes":"23:59"},"email":"contato@ubirataonline.com.br","vatID":"47.621.418\/0001-80"},{"@type":"Person","@id":"https:\/\/ubirataonline.com.br\/#\/schema\/person\/372f87bbd3fdd79b8556b84c98d0bc1c","name":"REDA\u00c7\u00c3O: UBIRAT\u00c3 ONLINE - F\u00c1BIO AUGUSTO CELESTINO","pronouns":"Ele","description":"Desde 2003 trabalhando com not\u00edcias.","sameAs":["http:\/\/ubirataoline.com.br","https:\/\/www.facebook.com\/portalubirataonline","https:\/\/www.instagram.com\/ubirataonline_oficial","https:\/\/x.com\/x.com\/ubirataonline"],"honorificPrefix":"Mr.","honorificSuffix":"MD","birthDate":"1980-06-16","gender":"masculino","award":["V\u00e1rios pr\u00eamios de melhor portal da cidade"],"jobTitle":"Diretor","url":"https:\/\/ubirataonline.com.br\/en\/author\/ubirataonline\/"},{"@type":"PostalAddress","@id":"https:\/\/ubirataonline.com.br\/incendio-causa-destruicao-total-em-predio-historico-de-paranagua\/#local-main-place-address","streetAddress":"Rua dos Coqueiros, 104 - Bairro Boa Vista, Rua dos Coqueiros, 104 Bairro Boa Vista","addressLocality":"UBIRATA","postalCode":"85440-000","addressRegion":"PR","addressCountry":"BR"},{"@type":"ImageObject","inLanguage":"en-US","@id":"https:\/\/ubirataonline.com.br\/incendio-causa-destruicao-total-em-predio-historico-de-paranagua\/#local-main-organization-logo","url":"https:\/\/ubirataonline.com.br\/wp-content\/uploads\/2026\/06\/logoubirataonline-1.webp","contentUrl":"https:\/\/ubirataonline.com.br\/wp-content\/uploads\/2026\/06\/logoubirataonline-1.webp","width":500,"height":500,"caption":"Ubirat\u00e3 Online Not\u00edcias"}]},"geo.placename":"UBIRATA","geo.position":{"lat":"-24.5361401","long":"-52.9921776"},"geo.region":"Brazil"},"_links":{"self":[{"href":"https:\/\/ubirataonline.com.br\/en\/wp-json\/wp\/v2\/posts\/99429","targetHints":{"allow":["GET"]}}],"collection":[{"href":"https:\/\/ubirataonline.com.br\/en\/wp-json\/wp\/v2\/posts"}],"about":[{"href":"https:\/\/ubirataonline.com.br\/en\/wp-json\/wp\/v2\/types\/post"}],"author":[{"embeddable":true,"href":"https:\/\/ubirataonline.com.br\/en\/wp-json\/wp\/v2\/users\/1"}],"replies":[{"embeddable":true,"href":"https:\/\/ubirataonline.com.br\/en\/wp-json\/wp\/v2\/comments?post=99429"}],"version-history":[{"count":0,"href":"https:\/\/ubirataonline.com.br\/en\/wp-json\/wp\/v2\/posts\/99429\/revisions"}],"wp:featuredmedia":[{"embeddable":true,"href":"https:\/\/ubirataonline.com.br\/en\/wp-json\/wp\/v2\/media\/99430"}],"wp:attachment":[{"href":"https:\/\/ubirataonline.com.br\/en\/wp-json\/wp\/v2\/media?parent=99429"}],"wp:term":[{"taxonomy":"category","embeddable":true,"href":"https:\/\/ubirataonline.com.br\/en\/wp-json\/wp\/v2\/categories?post=99429"},{"taxonomy":"post_tag","embeddable":true,"href":"https:\/\/ubirataonline.com.br\/en\/wp-json\/wp\/v2\/tags?post=99429"}],"curies":[{"name":"wp","href":"https:\/\/api.w.org\/{rel}","templated":true}]}}