{"id":99434,"date":"2026-04-05T05:28:47","date_gmt":"2026-04-05T08:28:47","guid":{"rendered":"https:\/\/ubirataonline.com.br\/frei-gilson-e-padre-entenda-a-diferenca-entre-os-titulos-na-igreja-catolica\/"},"modified":"2026-04-05T05:28:49","modified_gmt":"2026-04-05T08:28:49","slug":"frei-gilson-e-padre-entenda-a-diferenca-entre-os-titulos-na-igreja-catolica","status":"publish","type":"post","link":"https:\/\/ubirataonline.com.br\/en\/frei-gilson-e-padre-entenda-a-diferenca-entre-os-titulos-na-igreja-catolica\/","title":{"rendered":"Frei Gilson \u00e9 padre? Entenda a diferen\u00e7a entre os t\u00edtulos na Igreja Cat\u00f3lica"},"content":{"rendered":"<p><\/p>\n<div>\n<div class=\"thumbnail position-relative mx-auto\" id=\"post-thumbnail\" style=\"min-height: 531px;\">\n                        <picture><source type=\"image\/webp\" srcset=\"https:\/\/img.nsctotal.com.br\/wp-content\/uploads\/2026\/04\/Frei-Gilson-e-padre-Entenda-a-diferenca-entre-os-titulos-na-Igreja-Catolica-944x531.jpg.webp 944w, https:\/\/img.nsctotal.com.br\/wp-content\/uploads\/2026\/04\/Frei-Gilson-e-padre-Entenda-a-diferenca-entre-os-titulos-na-Igreja-Catolica-720x405.jpg.webp 720w, https:\/\/img.nsctotal.com.br\/wp-content\/uploads\/2026\/04\/Frei-Gilson-e-padre-Entenda-a-diferenca-entre-os-titulos-na-Igreja-Catolica-200x112.jpg.webp 200w, https:\/\/img.nsctotal.com.br\/wp-content\/uploads\/2026\/04\/Frei-Gilson-e-padre-Entenda-a-diferenca-entre-os-titulos-na-Igreja-Catolica.jpg.webp 1200w\" sizes=\"(max-width: 944px) 100vw, 944px\"><\/source><\/picture>\n                        <button type=\"button\" class=\"zoom-button\" data-img=\"https:\/\/img.nsctotal.com.br\/wp-content\/uploads\/2026\/04\/Frei-Gilson-e-padre-Entenda-a-diferenca-entre-os-titulos-na-Igreja-Catolica-944x531.jpg\" data-caption=\"Forma\u00e7\u00e3o acad\u00eamica \u00e9 rigorosa para ambos os casos (Foto: Frei Gilson, Redes Sociais)\" aria-label=\"Ampliar imagem: Forma\u00e7\u00e3o acad\u00eamica \u00e9 rigorosa para ambos os casos (Foto: Frei Gilson, Redes Sociais)\"\/><\/p>\n<p class=\"image-caption\">Forma\u00e7\u00e3o acad\u00eamica \u00e9 rigorosa para ambos os casos (Foto: Frei Gilson, Redes Sociais)<\/p>\n<\/p><\/div>\n<\/p><\/div>\n<div id=\"post-content\">\n<p>Com mais de 12 milh\u00f5es de seguidores apenas no Instagram<strong><a href=\"https:\/\/www.nsctotal.com.br\/noticias\/transmissao-de-novena-de-frei-gilson-leva-multidao-a-orla-de-itapema\">, Frei Gilson arrasta uma multid\u00e3o de f\u00e3s por onde passa. <\/a><\/strong>Uma d\u00favida muito comum \u00e9 se Frei Gilson \u00e9 padre ou n\u00e3o e a resposta \u00e9 sim, ele \u00e9 padre.<\/p>\n<div class=\"nsc-content-ads\">\n<p>Continua depois da publicidade<\/p>\n<\/div>\n<p>Segundo o g1, o frei nascido em S\u00e3o Paulo foi ordenado sacerdote em 7 de dezembro de 2013 e comandou por nove anos a Par\u00f3quia Nossa Senhora do Carmo da Diocese de Santo Amaro, em S\u00e3o Paulo. Atualmente, al\u00e9m das lives di\u00e1rias de adora\u00e7\u00e3o, o frei est\u00e1 liderando a a constru\u00e7\u00e3o do Centro de Contempla\u00e7\u00e3o e Evangeliza\u00e7\u00e3o Nossa Senhora do Guadalupe, na Zona Sul de S\u00e3o Paulo.<\/p>\n<div class=\"nc-gallery-slider\"><span class=\"count-sliders\" data-counter=\"1\">1<\/span><\/p>\n<p><button class=\"block-gallery-nav-prev\">Voltar<\/button><button class=\"block-gallery-nav-next\">Avan\u00e7ar<\/button><\/p>\n<div class=\"nc-block-gallery\" style=\"overflow:hidden; direction:ltr; cursor:-webkit-grab;\">\n<figure class=\"nc-block-gallery-item\">\n<div class=\"nc-block-image\"><img loading=\"lazy\" decoding=\"async\" width=\"1200\" height=\"675\" data-id=\"7809231\" src=\"https:\/\/img.nsctotal.com.br\/wp-content\/uploads\/2026\/02\/frei-gilson-3.jpg\" alt=\"Frei GIlson \u00e9 cantor e influenciador\" class=\"wp-image-7809231\" srcset=\"https:\/\/img.nsctotal.com.br\/wp-content\/uploads\/2026\/02\/frei-gilson-3.jpg 1200w, https:\/\/img.nsctotal.com.br\/wp-content\/uploads\/2026\/02\/frei-gilson-3-944x531.jpg 944w, https:\/\/img.nsctotal.com.br\/wp-content\/uploads\/2026\/02\/frei-gilson-3-720x405.jpg 720w, https:\/\/img.nsctotal.com.br\/wp-content\/uploads\/2026\/02\/frei-gilson-3-200x112.jpg 200w\" sizes=\"auto, (max-width: 1200px) 100vw, 1200px\"\/><button type=\"button\" class=\"zoom-button\" data-img=\"https:\/\/img.nsctotal.com.br\/wp-content\/uploads\/2026\/02\/frei-gilson-3.jpg\" data-caption=\"Frei GIlson \u00e9 cantor e influenciador\" aria-label=\"Ampliar imagem: Frei GIlson \u00e9 cantor e influenciador\"\/><\/div>\n<div class=\"nc-block-image-caption\">\n<p>O l\u00edder cat\u00f3lico Frei Gilson j\u00e1 soma mais de 12 milh\u00f5es de seguidores apenas em seu perfil no Instagram (Foto: Frei Gilson, Redes Sociais)<\/p>\n<\/div>\n<\/figure>\n<figure class=\"nc-block-gallery-item\">\n<div class=\"nc-block-image\"><img loading=\"lazy\" decoding=\"async\" width=\"1200\" height=\"675\" data-id=\"7809227\" src=\"https:\/\/img.nsctotal.com.br\/wp-content\/uploads\/2026\/02\/frei-gilson-5.jpg\" alt=\"L\u00edder cat\u00f3lico, Frei gilson acumula mais de 7 milh\u00f5es de seguidores nas redes sociais\" class=\"wp-image-7809227\" srcset=\"https:\/\/img.nsctotal.com.br\/wp-content\/uploads\/2026\/02\/frei-gilson-5.jpg 1200w, https:\/\/img.nsctotal.com.br\/wp-content\/uploads\/2026\/02\/frei-gilson-5-944x531.jpg 944w, https:\/\/img.nsctotal.com.br\/wp-content\/uploads\/2026\/02\/frei-gilson-5-720x405.jpg 720w, https:\/\/img.nsctotal.com.br\/wp-content\/uploads\/2026\/02\/frei-gilson-5-200x112.jpg 200w\" sizes=\"auto, (max-width: 1200px) 100vw, 1200px\"\/><button type=\"button\" class=\"zoom-button\" data-img=\"https:\/\/img.nsctotal.com.br\/wp-content\/uploads\/2026\/02\/frei-gilson-5.jpg\" data-caption=\"L\u00edder cat\u00f3lico, Frei gilson acumula mais de 7 milh\u00f5es de seguidores nas redes sociais\" aria-label=\"Ampliar imagem: L\u00edder cat\u00f3lico, Frei gilson acumula mais de 7 milh\u00f5es de seguidores nas redes sociais\"\/><\/div>\n<div class=\"nc-block-image-caption\">\n<p>Al\u00e9m de sacerdote, o religioso \u00e9 reconhecido nacionalmente como cantor, pregador e influenciador digital (Foto: Frei Gilson, Redes Sociais)<\/p>\n<\/div>\n<\/figure>\n<figure class=\"nc-block-gallery-item\">\n<div class=\"nc-block-image\"><img loading=\"lazy\" decoding=\"async\" width=\"1200\" height=\"675\" data-id=\"7809229\" src=\"https:\/\/img.nsctotal.com.br\/wp-content\/uploads\/2026\/02\/frei-gilson-4.jpg\" alt=\"Frei Gilson\" class=\"wp-image-7809229\" srcset=\"https:\/\/img.nsctotal.com.br\/wp-content\/uploads\/2026\/02\/frei-gilson-4.jpg 1200w, https:\/\/img.nsctotal.com.br\/wp-content\/uploads\/2026\/02\/frei-gilson-4-944x531.jpg 944w, https:\/\/img.nsctotal.com.br\/wp-content\/uploads\/2026\/02\/frei-gilson-4-720x405.jpg 720w, https:\/\/img.nsctotal.com.br\/wp-content\/uploads\/2026\/02\/frei-gilson-4-200x112.jpg 200w\" sizes=\"auto, (max-width: 1200px) 100vw, 1200px\"\/><button type=\"button\" class=\"zoom-button\" data-img=\"https:\/\/img.nsctotal.com.br\/wp-content\/uploads\/2026\/02\/frei-gilson-4.jpg\" data-caption=\"Frei Gilson\" aria-label=\"Ampliar imagem: Frei Gilson\"\/><\/div>\n<div class=\"nc-block-image-caption\">\n<p>Frei Gilson ingressou na Ordem Franciscana em 2001 e adotou um Salmo b\u00edblico como lema de sua ordena\u00e7\u00e3o (Foto: Frei Gilson, Redes Sociais)<\/p>\n<\/div>\n<\/figure>\n<figure class=\"nc-block-gallery-item\">\n<div class=\"nc-block-image\"><img loading=\"lazy\" decoding=\"async\" width=\"1200\" height=\"675\" data-id=\"7809233\" src=\"https:\/\/img.nsctotal.com.br\/wp-content\/uploads\/2026\/02\/frei-gilson-1.jpg\" alt=\"Frei \u00e9 a voz por tr\u00e1s das m\u00fasicas 'Eu Seguirei' e 'Acalma Minha Tempestade' (Foto: Frei Gilson, Redes Sociais)\" class=\"wp-image-7809233\" srcset=\"https:\/\/img.nsctotal.com.br\/wp-content\/uploads\/2026\/02\/frei-gilson-1.jpg 1200w, https:\/\/img.nsctotal.com.br\/wp-content\/uploads\/2026\/02\/frei-gilson-1-944x531.jpg 944w, https:\/\/img.nsctotal.com.br\/wp-content\/uploads\/2026\/02\/frei-gilson-1-720x405.jpg 720w, https:\/\/img.nsctotal.com.br\/wp-content\/uploads\/2026\/02\/frei-gilson-1-200x112.jpg 200w\" sizes=\"auto, (max-width: 1200px) 100vw, 1200px\"\/><button type=\"button\" class=\"zoom-button\" data-img=\"https:\/\/img.nsctotal.com.br\/wp-content\/uploads\/2026\/02\/frei-gilson-1.jpg\" data-caption=\"Frei \u00e9 a voz por tr\u00e1s das m\u00fasicas 'Eu Seguirei' e 'Acalma Minha Tempestade' (Foto: Frei Gilson, Redes Sociais)\" aria-label=\"Ampliar imagem: Frei \u00e9 a voz por tr\u00e1s das m\u00fasicas 'Eu Seguirei' e 'Acalma Minha Tempestade' (Foto: Frei Gilson, Redes Sociais)\"\/><\/div>\n<div class=\"nc-block-image-caption\">\n<p>Ele se tornou um \u00edcone digital especialmente pelas lives de ora\u00e7\u00e3o do Ros\u00e1rio \u00e0s 4h da manh\u00e3 (Foto: Frei Gilson, Redes Sociais)<\/p>\n<\/div>\n<\/figure>\n<figure class=\"nc-block-gallery-item\">\n<div class=\"nc-block-image\"><img loading=\"lazy\" decoding=\"async\" width=\"1200\" height=\"675\" data-id=\"7817103\" src=\"https:\/\/img.nsctotal.com.br\/wp-content\/uploads\/2026\/02\/Santo-Rosario-do-Frei-Gilson-como-vai-funcionar-a-live-que-ja-reune-milhoes-de-fieis-2.jpg\" alt=\"\" class=\"wp-image-7817103\" srcset=\"https:\/\/img.nsctotal.com.br\/wp-content\/uploads\/2026\/02\/Santo-Rosario-do-Frei-Gilson-como-vai-funcionar-a-live-que-ja-reune-milhoes-de-fieis-2.jpg 1200w, https:\/\/img.nsctotal.com.br\/wp-content\/uploads\/2026\/02\/Santo-Rosario-do-Frei-Gilson-como-vai-funcionar-a-live-que-ja-reune-milhoes-de-fieis-2-944x531.jpg 944w, https:\/\/img.nsctotal.com.br\/wp-content\/uploads\/2026\/02\/Santo-Rosario-do-Frei-Gilson-como-vai-funcionar-a-live-que-ja-reune-milhoes-de-fieis-2-720x405.jpg 720w, https:\/\/img.nsctotal.com.br\/wp-content\/uploads\/2026\/02\/Santo-Rosario-do-Frei-Gilson-como-vai-funcionar-a-live-que-ja-reune-milhoes-de-fieis-2-200x112.jpg 200w\" sizes=\"auto, (max-width: 1200px) 100vw, 1200px\"\/><button type=\"button\" class=\"zoom-button\" data-img=\"https:\/\/img.nsctotal.com.br\/wp-content\/uploads\/2026\/02\/Santo-Rosario-do-Frei-Gilson-como-vai-funcionar-a-live-que-ja-reune-milhoes-de-fieis-2.jpg\" data-caption=\"Imagem da Galeria\" aria-label=\"Ampliar imagem: Imagem da Galeria\"\/><\/div>\n<div class=\"nc-block-image-caption\">\n<p>Sua atua\u00e7\u00e3o \u00e9 pautada na \u201cOra\u00e7\u00e3o do Pobre\u201d, buscando uma conex\u00e3o simples e direta com Deus (Foto: Frei Gilson, Redes Sociais)<\/p>\n<\/div>\n<\/figure>\n<\/div>\n<\/div>\n<h2 class=\"wp-block-heading\" id=\"h-mas-qual-a-diferenca-de-padre-e-frei\">Mas qual a diferen\u00e7a de padre e frei? <\/h2>\n<p>A estrutura da Igreja Cat\u00f3lica apresenta uma s\u00e9rie de t\u00edtulos que, muitas vezes, pode gerar confus\u00e3o entre os fi\u00e9is e o p\u00fablico em geral. Entre as d\u00favidas mais comuns est\u00e3o as distin\u00e7\u00f5es entre frei e padre. Embora ambos possam celebrar missas e atuar em comunidades, a diferen\u00e7a est\u00e1 na origem da voca\u00e7\u00e3o, no estilo de vida e na estrutura organizacional a que pertencem.<\/p>\n<div class=\"nsc-content-ads\">\n<p>Continua depois da publicidade<\/p>\n<\/div>\n<h2 class=\"wp-block-heading\" id=\"h-qual-significado-de-padre-e-frei\">Qual significado de padre e frei?<\/h2>\n<p>A palavra padre deriva do latim pater, que significa \u201cpai\u201d. O t\u00edtulo \u00e9 atribu\u00eddo ao sacerdote, visto como um guia espiritual e \u201cpai\u201d de uma comunidade ou par\u00f3quia. J\u00e1 o termo frei \u00e9 uma abrevia\u00e7\u00e3o de frade, derivada do latim frater, que significa \u201cirm\u00e3o\u201d. O t\u00edtulo \u00e9 utilizado por membros de ordens e congrega\u00e7\u00f5es religiosas, como Franciscanos, Dominicanos e Carmelitas, que vivem sob uma regra espec\u00edfica em conventos ou casas comunit\u00e1rias, enfatizando a fraternidade entre os membros.<\/p>\n<h2 class=\"wp-block-heading\" id=\"h-qual-a-ordem-de-frei-gilson\">Qual a ordem de Frei Gilson?<\/h2>\n<p>O <strong><a href=\"https:\/\/www.nsctotal.com.br\/noticias\/quem-e-frei-gilson-e-o-que-e-a-quaresma-digital\">Frei Gilson \u00e9 da congrega\u00e7\u00e3o Carmelitas Mensageiros do Esp\u00edrito Santo (CMES).<\/a><\/strong> A ordem Carmelita tem tr\u00eas pilares essenciais que norteiam a jornada espirituais dos freis: Ora\u00e7\u00e3o contemplativa, vida fraterna e forma\u00e7\u00e3o cont\u00ednua. <strong>Confira a explica\u00e7\u00e3o de cada pilar segundo a congrega\u00e7\u00e3o:<\/strong><\/p>\n<ul class=\"wp-block-list\">\n<li><strong>Ora\u00e7\u00e3o contemplativa: <\/strong>\u201cA base da vida carmelitana \u00e9 a busca \u00edntima de Deus atrav\u00e9s da ora\u00e7\u00e3o mental e contempla\u00e7\u00e3o silenciosa\u201d.<\/li>\n<li><strong>Vida fraterna:<\/strong> Vivemos em comunidade, partilhando alegrias e dificuldades, crescendo juntos na f\u00e9 e no amor fraterno<\/li>\n<li><strong>Forma\u00e7\u00e3o cont\u00ednua: <\/strong>\u201cDedicamos tempo ao estudo da Teologia, Filosofia e da rica tradi\u00e7\u00e3o espiritual carmelitana\u201d<\/li>\n<\/ul>\n<div class=\"nsc-content-ads\">\n<p>Continua depois da publicidade<\/p>\n<\/div>\n<h2 class=\"wp-block-heading\" id=\"h-diferenca-da-vocacao-e-estilo-de-vida-entre-um-padre-e-um-frei\">Diferen\u00e7a da voca\u00e7\u00e3o e estilo de vida entre um padre e um frei<\/h2>\n<p>A principal diferen\u00e7a n\u00e3o est\u00e1 na \u201cimport\u00e2ncia\u201d, mas no modo de vida. Um padre diocesano geralmente est\u00e1 ligado a uma Diocese espec\u00edfica e responde diretamente a um Bispo. Sua miss\u00e3o principal \u00e9 a administra\u00e7\u00e3o de par\u00f3quias e o atendimento direto ao povo em uma regi\u00e3o geogr\u00e1fica definida.<\/p>\n<p>J\u00e1 o frei pertence a uma ordem religiosa. Ele vive o carisma espec\u00edfico de seu fundador, como a pobreza de S\u00e3o Francisco de Assis, por exemplo. Nem todo frei \u00e9 ordenado padre, existem os chamados \u201cirm\u00e3os leigos\u201d, que vivem a vida consagrada no convento, mas n\u00e3o realizam sacramentos como a confiss\u00e3o ou a consagra\u00e7\u00e3o da Eucaristia.<\/p>\n<h2 class=\"wp-block-heading\" id=\"h-pode-um-frei-ser-padre\">Pode um frei ser padre?<\/h2>\n<p>Sim, um frei pode ser ordenado sacerdote. Nesse caso, ele acumula as duas fun\u00e7\u00f5es, sendo frei pelo seu estilo de vida comunit\u00e1rio e padre pelo seu grau de ordena\u00e7\u00e3o.<\/p>\n<div class=\"nsc-content-ads\">\n<p>Continua depois da publicidade<\/p>\n<\/div>\n<h2 class=\"wp-block-heading\" id=\"h-um-padre-diocesano-pode-ser-frei\">Um padre diocesano pode ser frei?<\/h2>\n<p>Por outro lado, o padre diocesano, que vive em casas paroquiais e n\u00e3o necessariamente em comunidades de ordens, n\u00e3o recebe o t\u00edtulo de frei.<\/p>\n<h2 class=\"wp-block-heading\" id=\"h-formacao-e-hierarquia\">Forma\u00e7\u00e3o e hierarquia<\/h2>\n<p>No que diz respeito ao n\u00edvel intelectual, n\u00e3o h\u00e1 superioridade. Tanto padres quanto freis que seguem para o sacerd\u00f3cio devem cursar obrigatoriamente Filosofia e Teologia. A diferen\u00e7a na \u201ccarreira\u201d se d\u00e1 na especializa\u00e7\u00e3o, uma vez que enquanto o padre diocesano foca na gest\u00e3o paroquial e pastoral, o frei direciona seus estudos para o carisma da sua ordem, podendo atuar em miss\u00f5es, educa\u00e7\u00e3o ou assist\u00eancia social, conforme a regra de sua congrega\u00e7\u00e3o.<\/p>\n<\/p><\/div>\n<p><a href=\"https:\/\/www.nsctotal.com.br\/noticias\/frei-gilson-e-padre-entenda-a-diferenca-entre-os-titulos-na-igreja-catolica\">Fonte do Artigo <\/a><\/p>","protected":false},"excerpt":{"rendered":"<p>Forma\u00e7\u00e3o acad\u00eamica \u00e9 rigorosa para ambos os casos (Foto: Frei Gilson, Redes Sociais) Com mais de 12 milh\u00f5es de seguidores apenas no Instagram, Frei Gilson arrasta uma multid\u00e3o de f\u00e3s por onde passa. Uma d\u00favida muito comum \u00e9 se Frei Gilson \u00e9 padre ou n\u00e3o e a resposta \u00e9 sim, ele \u00e9 padre. Continua depois [&hellip;]<\/p>\n","protected":false},"author":1,"featured_media":99435,"comment_status":"closed","ping_status":"","sticky":false,"template":"","format":"standard","meta":{"googlesitekit_rrm_CAow2JLhCw:productID":"","_gspb_post_css":"","maa_idioma":"","maa_pais":"","footnotes":""},"categories":[4],"tags":[24902,5166,3973,4676,19512,3033,3782,3779,3903],"class_list":["post-99434","post","type-post","status-publish","format-standard","has-post-thumbnail","hentry","category-brasil","tag-catolica","tag-diferenca","tag-entenda","tag-entre","tag-frei","tag-gilson","tag-igreja","tag-padre","tag-titulos"],"blocksy_meta":[],"yoast_head":"<!-- This site is optimized with the Yoast SEO Premium plugin v27.6 (Yoast SEO v27.6) - https:\/\/yoast.com\/product\/yoast-seo-premium-wordpress\/ -->\n<title>Frei Gilson \u00e9 padre? Entenda a diferen\u00e7a entre os t\u00edtulos na Igreja Cat\u00f3lica - Ubirat\u00e3 Online Not\u00edcias - A realidade ao seu alcance!<\/title>\n<meta name=\"description\" content=\"Forma\u00e7\u00e3o acad\u00eamica \u00e9 rigorosa para ambos os casos (Foto: Frei Gilson, Redes Sociais) Com mais de 12 milh\u00f5es de seguidores apenas no Instagram, Frei Gilson\" \/>\n<meta name=\"robots\" content=\"index, follow, max-snippet:-1, max-image-preview:large, max-video-preview:-1\" \/>\n<link rel=\"canonical\" href=\"https:\/\/ubirataonline.com.br\/en\/frei-gilson-e-padre-entenda-a-diferenca-entre-os-titulos-na-igreja-catolica\/\" \/>\n<meta property=\"og:locale\" content=\"en_US\" \/>\n<meta property=\"og:type\" content=\"article\" \/>\n<meta property=\"og:title\" content=\"Frei Gilson \u00e9 padre? Entenda a diferen\u00e7a entre os t\u00edtulos na Igreja Cat\u00f3lica\" \/>\n<meta property=\"og:description\" content=\"Forma\u00e7\u00e3o acad\u00eamica \u00e9 rigorosa para ambos os casos (Foto: Frei Gilson, Redes Sociais) Com mais de 12 milh\u00f5es de seguidores apenas no Instagram, Frei Gilson\" \/>\n<meta property=\"og:url\" content=\"https:\/\/ubirataonline.com.br\/en\/frei-gilson-e-padre-entenda-a-diferenca-entre-os-titulos-na-igreja-catolica\/\" \/>\n<meta property=\"og:site_name\" content=\"Ubirat\u00e3 Online Not\u00edcias - A realidade ao seu alcance!\" \/>\n<meta property=\"article:publisher\" content=\"https:\/\/www.facebook.com\/portalubirataonline\" \/>\n<meta property=\"article:author\" content=\"https:\/\/www.facebook.com\/portalubirataonline\" \/>\n<meta property=\"article:published_time\" content=\"2026-04-05T08:28:47+00:00\" \/>\n<meta property=\"article:modified_time\" content=\"2026-04-05T08:28:49+00:00\" \/>\n<meta property=\"og:image\" content=\"https:\/\/ubirataonline.com.br\/wp-content\/uploads\/2026\/04\/Frei-Gilson-e-padre-Entenda-a-diferenca-entre-os-titulos.jpg\" \/>\n\t<meta property=\"og:image:width\" content=\"1200\" \/>\n\t<meta property=\"og:image:height\" content=\"675\" \/>\n\t<meta property=\"og:image:type\" content=\"image\/jpeg\" \/>\n<meta name=\"author\" content=\"REDA\u00c7\u00c3O: UBIRAT\u00c3 ONLINE - F\u00c1BIO AUGUSTO CELESTINO\" \/>\n<meta name=\"twitter:card\" content=\"summary_large_image\" \/>\n<meta name=\"twitter:creator\" content=\"@x.com\/ubirataonline\" \/>\n<meta name=\"twitter:site\" content=\"@ubirataonline\" \/>\n<meta name=\"twitter:label1\" content=\"Written by\" \/>\n\t<meta name=\"twitter:data1\" content=\"REDA\u00c7\u00c3O: UBIRAT\u00c3 ONLINE - F\u00c1BIO AUGUSTO CELESTINO\" \/>\n\t<meta name=\"twitter:label2\" content=\"Est. reading time\" \/>\n\t<meta name=\"twitter:data2\" content=\"4 minutes\" \/>\n<script type=\"application\/ld+json\" class=\"yoast-schema-graph\">{\"@context\":\"https:\\\/\\\/schema.org\",\"@graph\":[{\"@type\":\"NewsArticle\",\"@id\":\"https:\\\/\\\/ubirataonline.com.br\\\/frei-gilson-e-padre-entenda-a-diferenca-entre-os-titulos-na-igreja-catolica\\\/#article\",\"isPartOf\":{\"@id\":\"https:\\\/\\\/ubirataonline.com.br\\\/frei-gilson-e-padre-entenda-a-diferenca-entre-os-titulos-na-igreja-catolica\\\/\"},\"author\":{\"name\":\"REDA\u00c7\u00c3O: UBIRAT\u00c3 ONLINE - F\u00c1BIO AUGUSTO CELESTINO\",\"@id\":\"https:\\\/\\\/ubirataonline.com.br\\\/#\\\/schema\\\/person\\\/372f87bbd3fdd79b8556b84c98d0bc1c\"},\"headline\":\"Frei Gilson \u00e9 padre? Entenda a diferen\u00e7a entre os t\u00edtulos na Igreja Cat\u00f3lica\",\"datePublished\":\"2026-04-05T08:28:47+00:00\",\"dateModified\":\"2026-04-05T08:28:49+00:00\",\"mainEntityOfPage\":{\"@id\":\"https:\\\/\\\/ubirataonline.com.br\\\/frei-gilson-e-padre-entenda-a-diferenca-entre-os-titulos-na-igreja-catolica\\\/\"},\"wordCount\":853,\"publisher\":{\"@id\":\"https:\\\/\\\/ubirataonline.com.br\\\/#organization\"},\"image\":{\"@id\":\"https:\\\/\\\/ubirataonline.com.br\\\/frei-gilson-e-padre-entenda-a-diferenca-entre-os-titulos-na-igreja-catolica\\\/#primaryimage\"},\"thumbnailUrl\":\"https:\\\/\\\/ubirataonline.com.br\\\/wp-content\\\/uploads\\\/2026\\\/04\\\/Frei-Gilson-e-padre-Entenda-a-diferenca-entre-os-titulos.jpg\",\"keywords\":[\"Cat\u00f3lica\",\"diferen\u00e7a\",\"Entenda\",\"entre\",\"Frei\",\"Gilson\",\"igreja\",\"padre\",\"t\u00edtulos\"],\"articleSection\":[\"Brasil\"],\"inLanguage\":\"en-US\",\"copyrightYear\":\"2026\",\"copyrightHolder\":{\"@id\":\"https:\\\/\\\/ubirataonline.com.br\\\/en\\\/#organization\"}},{\"@type\":\"WebPage\",\"@id\":\"https:\\\/\\\/ubirataonline.com.br\\\/frei-gilson-e-padre-entenda-a-diferenca-entre-os-titulos-na-igreja-catolica\\\/\",\"url\":\"https:\\\/\\\/ubirataonline.com.br\\\/frei-gilson-e-padre-entenda-a-diferenca-entre-os-titulos-na-igreja-catolica\\\/\",\"name\":\"Frei Gilson \u00e9 padre? Entenda a diferen\u00e7a entre os t\u00edtulos na Igreja Cat\u00f3lica - Ubirat\u00e3 Online Not\u00edcias - A realidade ao seu alcance!\",\"isPartOf\":{\"@id\":\"https:\\\/\\\/ubirataonline.com.br\\\/#website\"},\"primaryImageOfPage\":{\"@id\":\"https:\\\/\\\/ubirataonline.com.br\\\/frei-gilson-e-padre-entenda-a-diferenca-entre-os-titulos-na-igreja-catolica\\\/#primaryimage\"},\"image\":{\"@id\":\"https:\\\/\\\/ubirataonline.com.br\\\/frei-gilson-e-padre-entenda-a-diferenca-entre-os-titulos-na-igreja-catolica\\\/#primaryimage\"},\"thumbnailUrl\":\"https:\\\/\\\/ubirataonline.com.br\\\/wp-content\\\/uploads\\\/2026\\\/04\\\/Frei-Gilson-e-padre-Entenda-a-diferenca-entre-os-titulos.jpg\",\"datePublished\":\"2026-04-05T08:28:47+00:00\",\"dateModified\":\"2026-04-05T08:28:49+00:00\",\"description\":\"Forma\u00e7\u00e3o acad\u00eamica \u00e9 rigorosa para ambos os casos (Foto: Frei Gilson, Redes Sociais) Com mais de 12 milh\u00f5es de seguidores apenas no Instagram, Frei Gilson\",\"breadcrumb\":{\"@id\":\"https:\\\/\\\/ubirataonline.com.br\\\/frei-gilson-e-padre-entenda-a-diferenca-entre-os-titulos-na-igreja-catolica\\\/#breadcrumb\"},\"inLanguage\":\"en-US\",\"potentialAction\":[{\"@type\":\"ReadAction\",\"target\":[\"https:\\\/\\\/ubirataonline.com.br\\\/frei-gilson-e-padre-entenda-a-diferenca-entre-os-titulos-na-igreja-catolica\\\/\"]}]},{\"@type\":\"ImageObject\",\"inLanguage\":\"en-US\",\"@id\":\"https:\\\/\\\/ubirataonline.com.br\\\/frei-gilson-e-padre-entenda-a-diferenca-entre-os-titulos-na-igreja-catolica\\\/#primaryimage\",\"url\":\"https:\\\/\\\/ubirataonline.com.br\\\/wp-content\\\/uploads\\\/2026\\\/04\\\/Frei-Gilson-e-padre-Entenda-a-diferenca-entre-os-titulos.jpg\",\"contentUrl\":\"https:\\\/\\\/ubirataonline.com.br\\\/wp-content\\\/uploads\\\/2026\\\/04\\\/Frei-Gilson-e-padre-Entenda-a-diferenca-entre-os-titulos.jpg\",\"width\":1200,\"height\":675,\"caption\":\"Frei Gilson \u00e9 padre? Entenda a diferen\u00e7a entre os t\u00edtulos na Igreja Cat\u00f3lica\"},{\"@type\":\"BreadcrumbList\",\"@id\":\"https:\\\/\\\/ubirataonline.com.br\\\/frei-gilson-e-padre-entenda-a-diferenca-entre-os-titulos-na-igreja-catolica\\\/#breadcrumb\",\"itemListElement\":[{\"@type\":\"ListItem\",\"position\":1,\"name\":\"In\u00edcio\",\"item\":\"https:\\\/\\\/ubirataonline.com.br\\\/\"},{\"@type\":\"ListItem\",\"position\":2,\"name\":\"Frei Gilson \u00e9 padre? Entenda a diferen\u00e7a entre os t\u00edtulos na Igreja Cat\u00f3lica\"}]},{\"@type\":\"WebSite\",\"@id\":\"https:\\\/\\\/ubirataonline.com.br\\\/#website\",\"url\":\"https:\\\/\\\/ubirataonline.com.br\\\/\",\"name\":\"Ubirat\u00e3 Online Not\u00edcias\",\"description\":\"Not\u00edcias de Ubirat\u00e3, regi\u00e3o, Brasil e mundo, com informa\u00e7\u00e3o atualizada e compromisso com o leitor.\",\"publisher\":{\"@id\":\"https:\\\/\\\/ubirataonline.com.br\\\/#organization\"},\"alternateName\":\"Ubirat\u00e3 Online\",\"potentialAction\":[{\"@type\":\"SearchAction\",\"target\":{\"@type\":\"EntryPoint\",\"urlTemplate\":\"https:\\\/\\\/ubirataonline.com.br\\\/?s={search_term_string}\"},\"query-input\":{\"@type\":\"PropertyValueSpecification\",\"valueRequired\":true,\"valueName\":\"search_term_string\"}}],\"inLanguage\":\"en-US\"},{\"@type\":[\"Organization\",\"Place\"],\"@id\":\"https:\\\/\\\/ubirataonline.com.br\\\/#organization\",\"name\":\"Ubirat\u00e3 Online Not\u00edcias\",\"alternateName\":\"Ubirat\u00e3 Online\",\"url\":\"https:\\\/\\\/ubirataonline.com.br\\\/\",\"logo\":{\"@id\":\"https:\\\/\\\/ubirataonline.com.br\\\/frei-gilson-e-padre-entenda-a-diferenca-entre-os-titulos-na-igreja-catolica\\\/#local-main-organization-logo\"},\"image\":{\"@id\":\"https:\\\/\\\/ubirataonline.com.br\\\/frei-gilson-e-padre-entenda-a-diferenca-entre-os-titulos-na-igreja-catolica\\\/#local-main-organization-logo\"},\"sameAs\":[\"https:\\\/\\\/www.facebook.com\\\/portalubirataonline\",\"https:\\\/\\\/x.com\\\/ubirataonline\",\"https:\\\/\\\/mastodon.social\\\/@ubirataonline\",\"https:\\\/\\\/www.facebook.com\\\/groups\\\/311144672285604\",\"https:\\\/\\\/www.facebook.com\\\/UBTAOnline\",\"https:\\\/\\\/www.instagram.com\\\/portalubirataonline\\\/\",\"https:\\\/\\\/twitter.com\\\/ubirataonline\"],\"description\":\"Somos um portal de not\u00edcias independente, criado em 5 de janeiro de 2009, com o objetivo de informar, conectar e valorizar a nossa comunidade de Ubirat\u00e3 e toda aregi\u00e3o. Com conte\u00fado atualizado, confi\u00e1vel e relevante, o Ubirat\u00e3 Online \u00e9 o seu espa\u00e7o para ficar por dentro dos principais acontecimentos locais, regionais, Brasil, Mundo e de interesse geral. Nosso compromisso \u00e9 com a verdade, a transpar\u00eancia e o respeito ao leitor.\",\"legalName\":\"UBIRATA ONLINE NOT\u00cdCIAS\",\"foundingDate\":\"2009-01-05\",\"numberOfEmployees\":{\"@type\":\"QuantitativeValue\",\"minValue\":\"1\",\"maxValue\":\"10\"},\"publishingPrinciples\":\"https:\\\/\\\/ubirataonline.com.br\\\/faq\\\/\",\"address\":{\"@id\":\"https:\\\/\\\/ubirataonline.com.br\\\/frei-gilson-e-padre-entenda-a-diferenca-entre-os-titulos-na-igreja-catolica\\\/#local-main-place-address\"},\"geo\":{\"@type\":\"GeoCoordinates\",\"latitude\":\"-24.5361401\",\"longitude\":\"-52.9921776\"},\"telephone\":[\"+5544998308235\"],\"contactPoint\":{\"@type\":\"ContactPoint\",\"email\":\"contato@ubirataonline.com.br\"},\"openingHoursSpecification\":{\"@type\":\"OpeningHoursSpecification\",\"dayOfWeek\":[\"Monday\",\"Tuesday\",\"Wednesday\",\"Thursday\",\"Friday\",\"Saturday\",\"Sunday\"],\"opens\":\"00:00\",\"closes\":\"23:59\"},\"email\":\"contato@ubirataonline.com.br\",\"vatID\":\"47.621.418\\\/0001-80\"},{\"@type\":\"Person\",\"@id\":\"https:\\\/\\\/ubirataonline.com.br\\\/#\\\/schema\\\/person\\\/372f87bbd3fdd79b8556b84c98d0bc1c\",\"name\":\"REDA\u00c7\u00c3O: UBIRAT\u00c3 ONLINE - F\u00c1BIO AUGUSTO CELESTINO\",\"pronouns\":\"Ele\",\"description\":\"Desde 2003 trabalhando com not\u00edcias.\",\"sameAs\":[\"http:\\\/\\\/ubirataoline.com.br\",\"https:\\\/\\\/www.facebook.com\\\/portalubirataonline\",\"https:\\\/\\\/www.instagram.com\\\/ubirataonline_oficial\",\"https:\\\/\\\/x.com\\\/x.com\\\/ubirataonline\"],\"honorificPrefix\":\"Mr.\",\"honorificSuffix\":\"MD\",\"birthDate\":\"1980-06-16\",\"gender\":\"masculino\",\"award\":[\"V\u00e1rios pr\u00eamios de melhor portal da cidade\"],\"jobTitle\":\"Diretor\",\"url\":\"https:\\\/\\\/ubirataonline.com.br\\\/en\\\/author\\\/ubirataonline\\\/\"},{\"@type\":\"PostalAddress\",\"@id\":\"https:\\\/\\\/ubirataonline.com.br\\\/frei-gilson-e-padre-entenda-a-diferenca-entre-os-titulos-na-igreja-catolica\\\/#local-main-place-address\",\"streetAddress\":\"Rua dos Coqueiros, 104 - Bairro Boa Vista, Rua dos Coqueiros, 104 Bairro Boa Vista\",\"addressLocality\":\"UBIRATA\",\"postalCode\":\"85440-000\",\"addressRegion\":\"PR\",\"addressCountry\":\"BR\"},{\"@type\":\"ImageObject\",\"inLanguage\":\"en-US\",\"@id\":\"https:\\\/\\\/ubirataonline.com.br\\\/frei-gilson-e-padre-entenda-a-diferenca-entre-os-titulos-na-igreja-catolica\\\/#local-main-organization-logo\",\"url\":\"https:\\\/\\\/ubirataonline.com.br\\\/wp-content\\\/uploads\\\/2026\\\/06\\\/logoubirataonline-1.webp\",\"contentUrl\":\"https:\\\/\\\/ubirataonline.com.br\\\/wp-content\\\/uploads\\\/2026\\\/06\\\/logoubirataonline-1.webp\",\"width\":500,\"height\":500,\"caption\":\"Ubirat\u00e3 Online Not\u00edcias\"}]}<\/script>\n<meta name=\"geo.placename\" content=\"UBIRATA\" \/>\n<meta name=\"geo.position\" content=\"-24.5361401;-52.9921776\" \/>\n<meta name=\"geo.region\" content=\"Brazil\" \/>\n<!-- \/ Yoast SEO Premium plugin. -->","yoast_head_json":{"title":"Frei Gilson \u00e9 padre? Entenda a diferen\u00e7a entre os t\u00edtulos na Igreja Cat\u00f3lica - Ubirat\u00e3 Online Not\u00edcias - A realidade ao seu alcance!","description":"Forma\u00e7\u00e3o acad\u00eamica \u00e9 rigorosa para ambos os casos (Foto: Frei Gilson, Redes Sociais) Com mais de 12 milh\u00f5es de seguidores apenas no Instagram, Frei Gilson","robots":{"index":"index","follow":"follow","max-snippet":"max-snippet:-1","max-image-preview":"max-image-preview:large","max-video-preview":"max-video-preview:-1"},"canonical":"https:\/\/ubirataonline.com.br\/en\/frei-gilson-e-padre-entenda-a-diferenca-entre-os-titulos-na-igreja-catolica\/","og_locale":"en_US","og_type":"article","og_title":"Frei Gilson \u00e9 padre? Entenda a diferen\u00e7a entre os t\u00edtulos na Igreja Cat\u00f3lica","og_description":"Forma\u00e7\u00e3o acad\u00eamica \u00e9 rigorosa para ambos os casos (Foto: Frei Gilson, Redes Sociais) Com mais de 12 milh\u00f5es de seguidores apenas no Instagram, Frei Gilson","og_url":"https:\/\/ubirataonline.com.br\/en\/frei-gilson-e-padre-entenda-a-diferenca-entre-os-titulos-na-igreja-catolica\/","og_site_name":"Ubirat\u00e3 Online Not\u00edcias - A realidade ao seu alcance!","article_publisher":"https:\/\/www.facebook.com\/portalubirataonline","article_author":"https:\/\/www.facebook.com\/portalubirataonline","article_published_time":"2026-04-05T08:28:47+00:00","article_modified_time":"2026-04-05T08:28:49+00:00","og_image":[{"width":1200,"height":675,"url":"https:\/\/ubirataonline.com.br\/wp-content\/uploads\/2026\/04\/Frei-Gilson-e-padre-Entenda-a-diferenca-entre-os-titulos.jpg","type":"image\/jpeg"}],"author":"REDA\u00c7\u00c3O: UBIRAT\u00c3 ONLINE - F\u00c1BIO AUGUSTO CELESTINO","twitter_card":"summary_large_image","twitter_creator":"@x.com\/ubirataonline","twitter_site":"@ubirataonline","twitter_misc":{"Written by":"REDA\u00c7\u00c3O: UBIRAT\u00c3 ONLINE - F\u00c1BIO AUGUSTO CELESTINO","Est. reading time":"4 minutes"},"schema":{"@context":"https:\/\/schema.org","@graph":[{"@type":"NewsArticle","@id":"https:\/\/ubirataonline.com.br\/frei-gilson-e-padre-entenda-a-diferenca-entre-os-titulos-na-igreja-catolica\/#article","isPartOf":{"@id":"https:\/\/ubirataonline.com.br\/frei-gilson-e-padre-entenda-a-diferenca-entre-os-titulos-na-igreja-catolica\/"},"author":{"name":"REDA\u00c7\u00c3O: UBIRAT\u00c3 ONLINE - F\u00c1BIO AUGUSTO CELESTINO","@id":"https:\/\/ubirataonline.com.br\/#\/schema\/person\/372f87bbd3fdd79b8556b84c98d0bc1c"},"headline":"Frei Gilson \u00e9 padre? Entenda a diferen\u00e7a entre os t\u00edtulos na Igreja Cat\u00f3lica","datePublished":"2026-04-05T08:28:47+00:00","dateModified":"2026-04-05T08:28:49+00:00","mainEntityOfPage":{"@id":"https:\/\/ubirataonline.com.br\/frei-gilson-e-padre-entenda-a-diferenca-entre-os-titulos-na-igreja-catolica\/"},"wordCount":853,"publisher":{"@id":"https:\/\/ubirataonline.com.br\/#organization"},"image":{"@id":"https:\/\/ubirataonline.com.br\/frei-gilson-e-padre-entenda-a-diferenca-entre-os-titulos-na-igreja-catolica\/#primaryimage"},"thumbnailUrl":"https:\/\/ubirataonline.com.br\/wp-content\/uploads\/2026\/04\/Frei-Gilson-e-padre-Entenda-a-diferenca-entre-os-titulos.jpg","keywords":["Cat\u00f3lica","diferen\u00e7a","Entenda","entre","Frei","Gilson","igreja","padre","t\u00edtulos"],"articleSection":["Brasil"],"inLanguage":"en-US","copyrightYear":"2026","copyrightHolder":{"@id":"https:\/\/ubirataonline.com.br\/en\/#organization"}},{"@type":"WebPage","@id":"https:\/\/ubirataonline.com.br\/frei-gilson-e-padre-entenda-a-diferenca-entre-os-titulos-na-igreja-catolica\/","url":"https:\/\/ubirataonline.com.br\/frei-gilson-e-padre-entenda-a-diferenca-entre-os-titulos-na-igreja-catolica\/","name":"Frei Gilson \u00e9 padre? Entenda a diferen\u00e7a entre os t\u00edtulos na Igreja Cat\u00f3lica - Ubirat\u00e3 Online Not\u00edcias - A realidade ao seu alcance!","isPartOf":{"@id":"https:\/\/ubirataonline.com.br\/#website"},"primaryImageOfPage":{"@id":"https:\/\/ubirataonline.com.br\/frei-gilson-e-padre-entenda-a-diferenca-entre-os-titulos-na-igreja-catolica\/#primaryimage"},"image":{"@id":"https:\/\/ubirataonline.com.br\/frei-gilson-e-padre-entenda-a-diferenca-entre-os-titulos-na-igreja-catolica\/#primaryimage"},"thumbnailUrl":"https:\/\/ubirataonline.com.br\/wp-content\/uploads\/2026\/04\/Frei-Gilson-e-padre-Entenda-a-diferenca-entre-os-titulos.jpg","datePublished":"2026-04-05T08:28:47+00:00","dateModified":"2026-04-05T08:28:49+00:00","description":"Forma\u00e7\u00e3o acad\u00eamica \u00e9 rigorosa para ambos os casos (Foto: Frei Gilson, Redes Sociais) Com mais de 12 milh\u00f5es de seguidores apenas no Instagram, Frei Gilson","breadcrumb":{"@id":"https:\/\/ubirataonline.com.br\/frei-gilson-e-padre-entenda-a-diferenca-entre-os-titulos-na-igreja-catolica\/#breadcrumb"},"inLanguage":"en-US","potentialAction":[{"@type":"ReadAction","target":["https:\/\/ubirataonline.com.br\/frei-gilson-e-padre-entenda-a-diferenca-entre-os-titulos-na-igreja-catolica\/"]}]},{"@type":"ImageObject","inLanguage":"en-US","@id":"https:\/\/ubirataonline.com.br\/frei-gilson-e-padre-entenda-a-diferenca-entre-os-titulos-na-igreja-catolica\/#primaryimage","url":"https:\/\/ubirataonline.com.br\/wp-content\/uploads\/2026\/04\/Frei-Gilson-e-padre-Entenda-a-diferenca-entre-os-titulos.jpg","contentUrl":"https:\/\/ubirataonline.com.br\/wp-content\/uploads\/2026\/04\/Frei-Gilson-e-padre-Entenda-a-diferenca-entre-os-titulos.jpg","width":1200,"height":675,"caption":"Frei Gilson \u00e9 padre? Entenda a diferen\u00e7a entre os t\u00edtulos na Igreja Cat\u00f3lica"},{"@type":"BreadcrumbList","@id":"https:\/\/ubirataonline.com.br\/frei-gilson-e-padre-entenda-a-diferenca-entre-os-titulos-na-igreja-catolica\/#breadcrumb","itemListElement":[{"@type":"ListItem","position":1,"name":"In\u00edcio","item":"https:\/\/ubirataonline.com.br\/"},{"@type":"ListItem","position":2,"name":"Frei Gilson \u00e9 padre? Entenda a diferen\u00e7a entre os t\u00edtulos na Igreja Cat\u00f3lica"}]},{"@type":"WebSite","@id":"https:\/\/ubirataonline.com.br\/#website","url":"https:\/\/ubirataonline.com.br\/","name":"Ubirat\u00e3 Online Not\u00edcias","description":"Not\u00edcias de Ubirat\u00e3, regi\u00e3o, Brasil e mundo, com informa\u00e7\u00e3o atualizada e compromisso com o leitor.","publisher":{"@id":"https:\/\/ubirataonline.com.br\/#organization"},"alternateName":"Ubirat\u00e3 Online","potentialAction":[{"@type":"SearchAction","target":{"@type":"EntryPoint","urlTemplate":"https:\/\/ubirataonline.com.br\/?s={search_term_string}"},"query-input":{"@type":"PropertyValueSpecification","valueRequired":true,"valueName":"search_term_string"}}],"inLanguage":"en-US"},{"@type":["Organization","Place"],"@id":"https:\/\/ubirataonline.com.br\/#organization","name":"Ubirat\u00e3 Online Not\u00edcias","alternateName":"Ubirat\u00e3 Online","url":"https:\/\/ubirataonline.com.br\/","logo":{"@id":"https:\/\/ubirataonline.com.br\/frei-gilson-e-padre-entenda-a-diferenca-entre-os-titulos-na-igreja-catolica\/#local-main-organization-logo"},"image":{"@id":"https:\/\/ubirataonline.com.br\/frei-gilson-e-padre-entenda-a-diferenca-entre-os-titulos-na-igreja-catolica\/#local-main-organization-logo"},"sameAs":["https:\/\/www.facebook.com\/portalubirataonline","https:\/\/x.com\/ubirataonline","https:\/\/mastodon.social\/@ubirataonline","https:\/\/www.facebook.com\/groups\/311144672285604","https:\/\/www.facebook.com\/UBTAOnline","https:\/\/www.instagram.com\/portalubirataonline\/","https:\/\/twitter.com\/ubirataonline"],"description":"Somos um portal de not\u00edcias independente, criado em 5 de janeiro de 2009, com o objetivo de informar, conectar e valorizar a nossa comunidade de Ubirat\u00e3 e toda aregi\u00e3o. Com conte\u00fado atualizado, confi\u00e1vel e relevante, o Ubirat\u00e3 Online \u00e9 o seu espa\u00e7o para ficar por dentro dos principais acontecimentos locais, regionais, Brasil, Mundo e de interesse geral. Nosso compromisso \u00e9 com a verdade, a transpar\u00eancia e o respeito ao leitor.","legalName":"UBIRATA ONLINE NOT\u00cdCIAS","foundingDate":"2009-01-05","numberOfEmployees":{"@type":"QuantitativeValue","minValue":"1","maxValue":"10"},"publishingPrinciples":"https:\/\/ubirataonline.com.br\/faq\/","address":{"@id":"https:\/\/ubirataonline.com.br\/frei-gilson-e-padre-entenda-a-diferenca-entre-os-titulos-na-igreja-catolica\/#local-main-place-address"},"geo":{"@type":"GeoCoordinates","latitude":"-24.5361401","longitude":"-52.9921776"},"telephone":["+5544998308235"],"contactPoint":{"@type":"ContactPoint","email":"contato@ubirataonline.com.br"},"openingHoursSpecification":{"@type":"OpeningHoursSpecification","dayOfWeek":["Monday","Tuesday","Wednesday","Thursday","Friday","Saturday","Sunday"],"opens":"00:00","closes":"23:59"},"email":"contato@ubirataonline.com.br","vatID":"47.621.418\/0001-80"},{"@type":"Person","@id":"https:\/\/ubirataonline.com.br\/#\/schema\/person\/372f87bbd3fdd79b8556b84c98d0bc1c","name":"REDA\u00c7\u00c3O: UBIRAT\u00c3 ONLINE - F\u00c1BIO AUGUSTO CELESTINO","pronouns":"Ele","description":"Desde 2003 trabalhando com not\u00edcias.","sameAs":["http:\/\/ubirataoline.com.br","https:\/\/www.facebook.com\/portalubirataonline","https:\/\/www.instagram.com\/ubirataonline_oficial","https:\/\/x.com\/x.com\/ubirataonline"],"honorificPrefix":"Mr.","honorificSuffix":"MD","birthDate":"1980-06-16","gender":"masculino","award":["V\u00e1rios pr\u00eamios de melhor portal da cidade"],"jobTitle":"Diretor","url":"https:\/\/ubirataonline.com.br\/en\/author\/ubirataonline\/"},{"@type":"PostalAddress","@id":"https:\/\/ubirataonline.com.br\/frei-gilson-e-padre-entenda-a-diferenca-entre-os-titulos-na-igreja-catolica\/#local-main-place-address","streetAddress":"Rua dos Coqueiros, 104 - Bairro Boa Vista, Rua dos Coqueiros, 104 Bairro Boa Vista","addressLocality":"UBIRATA","postalCode":"85440-000","addressRegion":"PR","addressCountry":"BR"},{"@type":"ImageObject","inLanguage":"en-US","@id":"https:\/\/ubirataonline.com.br\/frei-gilson-e-padre-entenda-a-diferenca-entre-os-titulos-na-igreja-catolica\/#local-main-organization-logo","url":"https:\/\/ubirataonline.com.br\/wp-content\/uploads\/2026\/06\/logoubirataonline-1.webp","contentUrl":"https:\/\/ubirataonline.com.br\/wp-content\/uploads\/2026\/06\/logoubirataonline-1.webp","width":500,"height":500,"caption":"Ubirat\u00e3 Online Not\u00edcias"}]},"geo.placename":"UBIRATA","geo.position":{"lat":"-24.5361401","long":"-52.9921776"},"geo.region":"Brazil"},"_links":{"self":[{"href":"https:\/\/ubirataonline.com.br\/en\/wp-json\/wp\/v2\/posts\/99434","targetHints":{"allow":["GET"]}}],"collection":[{"href":"https:\/\/ubirataonline.com.br\/en\/wp-json\/wp\/v2\/posts"}],"about":[{"href":"https:\/\/ubirataonline.com.br\/en\/wp-json\/wp\/v2\/types\/post"}],"author":[{"embeddable":true,"href":"https:\/\/ubirataonline.com.br\/en\/wp-json\/wp\/v2\/users\/1"}],"replies":[{"embeddable":true,"href":"https:\/\/ubirataonline.com.br\/en\/wp-json\/wp\/v2\/comments?post=99434"}],"version-history":[{"count":0,"href":"https:\/\/ubirataonline.com.br\/en\/wp-json\/wp\/v2\/posts\/99434\/revisions"}],"wp:featuredmedia":[{"embeddable":true,"href":"https:\/\/ubirataonline.com.br\/en\/wp-json\/wp\/v2\/media\/99435"}],"wp:attachment":[{"href":"https:\/\/ubirataonline.com.br\/en\/wp-json\/wp\/v2\/media?parent=99434"}],"wp:term":[{"taxonomy":"category","embeddable":true,"href":"https:\/\/ubirataonline.com.br\/en\/wp-json\/wp\/v2\/categories?post=99434"},{"taxonomy":"post_tag","embeddable":true,"href":"https:\/\/ubirataonline.com.br\/en\/wp-json\/wp\/v2\/tags?post=99434"}],"curies":[{"name":"wp","href":"https:\/\/api.w.org\/{rel}","templated":true}]}}