{"id":99460,"date":"2026-04-05T09:08:52","date_gmt":"2026-04-05T12:08:52","guid":{"rendered":"https:\/\/ubirataonline.com.br\/oito-tumulos-sao-violados-e-corpo-sepultado-ha-3-meses-some\/"},"modified":"2026-04-05T09:09:00","modified_gmt":"2026-04-05T12:09:00","slug":"oito-tumulos-sao-violados-e-corpo-sepultado-ha-3-meses-some","status":"publish","type":"post","link":"https:\/\/ubirataonline.com.br\/en\/oito-tumulos-sao-violados-e-corpo-sepultado-ha-3-meses-some\/","title":{"rendered":"Oito t\u00famulos s\u00e3o violados e corpo sepultado h\u00e1 3 meses some"},"content":{"rendered":"<p><\/p>\n<div id=\"texto\">\n<p>Um caso de viola\u00e7\u00e3o de t\u00famulos e de desaparecimento de um corpo sepultado h\u00e1 3 meses est\u00e1 assombrando os moradores da cidade de Miraselva, no Norte do Paran\u00e1. Al\u00e9m disso, ocorreu o furto de ossos de alguns dos t\u00famulos violados. O fato aconteceu na madrugada da \u00faltima sexta-feira (3).<\/p>\n<p>Uma equipe da Pol\u00edcia Militar do Paran\u00e1 (PMPR) em Jaguapit\u00e3 recebeu uma solicita\u00e7\u00e3o e foi atender a ocorr\u00eancia. De acordo com o relato dos policiais ao TN Online, a equipe encontrou oito sepulturas quebradas e com os caix\u00f5es abertos. Ap\u00f3s uma an\u00e1lise, foi identifica a falta de restos mortais que estavam nesses jazigos.<\/p>\n<p>Entre os t\u00famulos, sete eram mais antigos. Neles, faltavam cr\u00e2nios e outros ossos humanos. J\u00e1 a oitava sepultura era de um falecido h\u00e1 apenas tr\u00eas meses, que teve o corpo inteiro furtado. At\u00e9 ent\u00e3o, nenhum vest\u00edgio do cad\u00e1ver foi encontrado.<\/p>\n<p>Em nota, a Prefeitura de Miraselva afirmou que a a\u00e7\u00e3o \u00e9 \u201cinadmiss\u00edvel\u201d e repudiou o ato criminoso.<\/p>\n<p>A Pol\u00edcia Civil do Paran\u00e1 (PCPR) investiga a ocorr\u00eancia para tentar identificar os respons\u00e1veis. Mesmo com o registro em v\u00eddeo, ainda n\u00e3o h\u00e1 informa\u00e7\u00f5es sobre os suspeitos.<\/p>\n<p><em>OBemdito com informa\u00e7\u00f5es do TN Online e da Banda B<\/em><\/p>\n<\/p><\/div>\n<p><a href=\"https:\/\/cgn.inf.br\/noticia\/2077758\/oito-tumulos-sao-violados-e-corpo-sepultado-ha-3-meses-some\">Fonte do Artigo <\/a><\/p>","protected":false},"excerpt":{"rendered":"<p>Um caso de viola\u00e7\u00e3o de t\u00famulos e de desaparecimento de um corpo sepultado h\u00e1 3 meses est\u00e1 assombrando os moradores da cidade de Miraselva, no Norte do Paran\u00e1. Al\u00e9m disso, ocorreu o furto de ossos de alguns dos t\u00famulos violados. O fato aconteceu na madrugada da \u00faltima sexta-feira (3). Uma equipe da Pol\u00edcia Militar do [&hellip;]<\/p>\n","protected":false},"author":1,"featured_media":99461,"comment_status":"closed","ping_status":"","sticky":false,"template":"","format":"standard","meta":{"googlesitekit_rrm_CAow2JLhCw:productID":"","_gspb_post_css":"","maa_idioma":"","maa_pais":"","footnotes":""},"categories":[1],"tags":[2873,8252,3380,3757,3262,24917,24915,24916],"class_list":["post-99460","post","type-post","status-publish","format-standard","has-post-thumbnail","hentry","category-ubirata","tag-corpo","tag-ha","tag-meses","tag-oito","tag-sao","tag-sepultado","tag-tumulos","tag-violados"],"blocksy_meta":[],"yoast_head":"<!-- This site is optimized with the Yoast SEO Premium plugin v27.6 (Yoast SEO v27.6) - https:\/\/yoast.com\/product\/yoast-seo-premium-wordpress\/ -->\n<title>Oito t\u00famulos s\u00e3o violados e corpo sepultado h\u00e1 3 meses some - Ubirat\u00e3 Online Not\u00edcias - A realidade ao seu alcance!<\/title>\n<meta name=\"description\" content=\"Um caso de viola\u00e7\u00e3o de t\u00famulos e de desaparecimento de um corpo sepultado h\u00e1 3 meses est\u00e1 assombrando os moradores da cidade de Miraselva, no Norte do\" \/>\n<meta name=\"robots\" content=\"index, follow, max-snippet:-1, max-image-preview:large, max-video-preview:-1\" \/>\n<link rel=\"canonical\" href=\"https:\/\/ubirataonline.com.br\/en\/oito-tumulos-sao-violados-e-corpo-sepultado-ha-3-meses-some\/\" \/>\n<meta property=\"og:locale\" content=\"en_US\" \/>\n<meta property=\"og:type\" content=\"article\" \/>\n<meta property=\"og:title\" content=\"Oito t\u00famulos s\u00e3o violados e corpo sepultado h\u00e1 3 meses some\" \/>\n<meta property=\"og:description\" content=\"Um caso de viola\u00e7\u00e3o de t\u00famulos e de desaparecimento de um corpo sepultado h\u00e1 3 meses est\u00e1 assombrando os moradores da cidade de Miraselva, no Norte do\" \/>\n<meta property=\"og:url\" content=\"https:\/\/ubirataonline.com.br\/en\/oito-tumulos-sao-violados-e-corpo-sepultado-ha-3-meses-some\/\" \/>\n<meta property=\"og:site_name\" content=\"Ubirat\u00e3 Online Not\u00edcias - A realidade ao seu alcance!\" \/>\n<meta property=\"article:publisher\" content=\"https:\/\/www.facebook.com\/portalubirataonline\" \/>\n<meta property=\"article:author\" content=\"https:\/\/www.facebook.com\/portalubirataonline\" \/>\n<meta property=\"article:published_time\" content=\"2026-04-05T12:08:52+00:00\" \/>\n<meta property=\"article:modified_time\" content=\"2026-04-05T12:09:00+00:00\" \/>\n<meta property=\"og:image\" content=\"https:\/\/ubirataonline.com.br\/wp-content\/uploads\/2026\/04\/Oito-tumulos-sao-violados-e-corpo-sepultado-ha-3-meses.jpg\" \/>\n\t<meta property=\"og:image:width\" content=\"1280\" \/>\n\t<meta property=\"og:image:height\" content=\"720\" \/>\n\t<meta property=\"og:image:type\" content=\"image\/jpeg\" \/>\n<meta name=\"author\" content=\"REDA\u00c7\u00c3O: UBIRAT\u00c3 ONLINE - F\u00c1BIO AUGUSTO CELESTINO\" \/>\n<meta name=\"twitter:card\" content=\"summary_large_image\" \/>\n<meta name=\"twitter:creator\" content=\"@x.com\/ubirataonline\" \/>\n<meta name=\"twitter:site\" content=\"@ubirataonline\" \/>\n<meta name=\"twitter:label1\" content=\"Written by\" \/>\n\t<meta name=\"twitter:data1\" content=\"REDA\u00c7\u00c3O: UBIRAT\u00c3 ONLINE - F\u00c1BIO AUGUSTO CELESTINO\" \/>\n\t<meta name=\"twitter:label2\" content=\"Est. reading time\" \/>\n\t<meta name=\"twitter:data2\" content=\"1 minute\" \/>\n<script type=\"application\/ld+json\" class=\"yoast-schema-graph\">{\"@context\":\"https:\\\/\\\/schema.org\",\"@graph\":[{\"@type\":\"NewsArticle\",\"@id\":\"https:\\\/\\\/ubirataonline.com.br\\\/oito-tumulos-sao-violados-e-corpo-sepultado-ha-3-meses-some\\\/#article\",\"isPartOf\":{\"@id\":\"https:\\\/\\\/ubirataonline.com.br\\\/oito-tumulos-sao-violados-e-corpo-sepultado-ha-3-meses-some\\\/\"},\"author\":{\"name\":\"REDA\u00c7\u00c3O: UBIRAT\u00c3 ONLINE - F\u00c1BIO AUGUSTO CELESTINO\",\"@id\":\"https:\\\/\\\/ubirataonline.com.br\\\/#\\\/schema\\\/person\\\/372f87bbd3fdd79b8556b84c98d0bc1c\"},\"headline\":\"Oito t\u00famulos s\u00e3o violados e corpo sepultado h\u00e1 3 meses some\",\"datePublished\":\"2026-04-05T12:08:52+00:00\",\"dateModified\":\"2026-04-05T12:09:00+00:00\",\"mainEntityOfPage\":{\"@id\":\"https:\\\/\\\/ubirataonline.com.br\\\/oito-tumulos-sao-violados-e-corpo-sepultado-ha-3-meses-some\\\/\"},\"wordCount\":233,\"publisher\":{\"@id\":\"https:\\\/\\\/ubirataonline.com.br\\\/#organization\"},\"image\":{\"@id\":\"https:\\\/\\\/ubirataonline.com.br\\\/oito-tumulos-sao-violados-e-corpo-sepultado-ha-3-meses-some\\\/#primaryimage\"},\"thumbnailUrl\":\"https:\\\/\\\/ubirataonline.com.br\\\/wp-content\\\/uploads\\\/2026\\\/04\\\/Oito-tumulos-sao-violados-e-corpo-sepultado-ha-3-meses.jpg\",\"keywords\":[\"Corpo\",\"h\u00e1\",\"meses\",\"oito\",\"S\u00e3o\",\"sepultado\",\"t\u00famulos\",\"violados\"],\"articleSection\":[\"Ubirat\u00e3\"],\"inLanguage\":\"en-US\",\"copyrightYear\":\"2026\",\"copyrightHolder\":{\"@id\":\"https:\\\/\\\/ubirataonline.com.br\\\/en\\\/#organization\"}},{\"@type\":\"WebPage\",\"@id\":\"https:\\\/\\\/ubirataonline.com.br\\\/oito-tumulos-sao-violados-e-corpo-sepultado-ha-3-meses-some\\\/\",\"url\":\"https:\\\/\\\/ubirataonline.com.br\\\/oito-tumulos-sao-violados-e-corpo-sepultado-ha-3-meses-some\\\/\",\"name\":\"Oito t\u00famulos s\u00e3o violados e corpo sepultado h\u00e1 3 meses some - Ubirat\u00e3 Online Not\u00edcias - A realidade ao seu alcance!\",\"isPartOf\":{\"@id\":\"https:\\\/\\\/ubirataonline.com.br\\\/#website\"},\"primaryImageOfPage\":{\"@id\":\"https:\\\/\\\/ubirataonline.com.br\\\/oito-tumulos-sao-violados-e-corpo-sepultado-ha-3-meses-some\\\/#primaryimage\"},\"image\":{\"@id\":\"https:\\\/\\\/ubirataonline.com.br\\\/oito-tumulos-sao-violados-e-corpo-sepultado-ha-3-meses-some\\\/#primaryimage\"},\"thumbnailUrl\":\"https:\\\/\\\/ubirataonline.com.br\\\/wp-content\\\/uploads\\\/2026\\\/04\\\/Oito-tumulos-sao-violados-e-corpo-sepultado-ha-3-meses.jpg\",\"datePublished\":\"2026-04-05T12:08:52+00:00\",\"dateModified\":\"2026-04-05T12:09:00+00:00\",\"description\":\"Um caso de viola\u00e7\u00e3o de t\u00famulos e de desaparecimento de um corpo sepultado h\u00e1 3 meses est\u00e1 assombrando os moradores da cidade de Miraselva, no Norte do\",\"breadcrumb\":{\"@id\":\"https:\\\/\\\/ubirataonline.com.br\\\/oito-tumulos-sao-violados-e-corpo-sepultado-ha-3-meses-some\\\/#breadcrumb\"},\"inLanguage\":\"en-US\",\"potentialAction\":[{\"@type\":\"ReadAction\",\"target\":[\"https:\\\/\\\/ubirataonline.com.br\\\/oito-tumulos-sao-violados-e-corpo-sepultado-ha-3-meses-some\\\/\"]}]},{\"@type\":\"ImageObject\",\"inLanguage\":\"en-US\",\"@id\":\"https:\\\/\\\/ubirataonline.com.br\\\/oito-tumulos-sao-violados-e-corpo-sepultado-ha-3-meses-some\\\/#primaryimage\",\"url\":\"https:\\\/\\\/ubirataonline.com.br\\\/wp-content\\\/uploads\\\/2026\\\/04\\\/Oito-tumulos-sao-violados-e-corpo-sepultado-ha-3-meses.jpg\",\"contentUrl\":\"https:\\\/\\\/ubirataonline.com.br\\\/wp-content\\\/uploads\\\/2026\\\/04\\\/Oito-tumulos-sao-violados-e-corpo-sepultado-ha-3-meses.jpg\",\"width\":1280,\"height\":720,\"caption\":\"\"},{\"@type\":\"BreadcrumbList\",\"@id\":\"https:\\\/\\\/ubirataonline.com.br\\\/oito-tumulos-sao-violados-e-corpo-sepultado-ha-3-meses-some\\\/#breadcrumb\",\"itemListElement\":[{\"@type\":\"ListItem\",\"position\":1,\"name\":\"In\u00edcio\",\"item\":\"https:\\\/\\\/ubirataonline.com.br\\\/\"},{\"@type\":\"ListItem\",\"position\":2,\"name\":\"Oito t\u00famulos s\u00e3o violados e corpo sepultado h\u00e1 3 meses some\"}]},{\"@type\":\"WebSite\",\"@id\":\"https:\\\/\\\/ubirataonline.com.br\\\/#website\",\"url\":\"https:\\\/\\\/ubirataonline.com.br\\\/\",\"name\":\"Ubirat\u00e3 Online Not\u00edcias\",\"description\":\"Not\u00edcias de Ubirat\u00e3, regi\u00e3o, Brasil e mundo, com informa\u00e7\u00e3o atualizada e compromisso com o leitor.\",\"publisher\":{\"@id\":\"https:\\\/\\\/ubirataonline.com.br\\\/#organization\"},\"alternateName\":\"Ubirat\u00e3 Online\",\"potentialAction\":[{\"@type\":\"SearchAction\",\"target\":{\"@type\":\"EntryPoint\",\"urlTemplate\":\"https:\\\/\\\/ubirataonline.com.br\\\/?s={search_term_string}\"},\"query-input\":{\"@type\":\"PropertyValueSpecification\",\"valueRequired\":true,\"valueName\":\"search_term_string\"}}],\"inLanguage\":\"en-US\"},{\"@type\":[\"Organization\",\"Place\"],\"@id\":\"https:\\\/\\\/ubirataonline.com.br\\\/#organization\",\"name\":\"Ubirat\u00e3 Online Not\u00edcias\",\"alternateName\":\"Ubirat\u00e3 Online\",\"url\":\"https:\\\/\\\/ubirataonline.com.br\\\/\",\"logo\":{\"@id\":\"https:\\\/\\\/ubirataonline.com.br\\\/oito-tumulos-sao-violados-e-corpo-sepultado-ha-3-meses-some\\\/#local-main-organization-logo\"},\"image\":{\"@id\":\"https:\\\/\\\/ubirataonline.com.br\\\/oito-tumulos-sao-violados-e-corpo-sepultado-ha-3-meses-some\\\/#local-main-organization-logo\"},\"sameAs\":[\"https:\\\/\\\/www.facebook.com\\\/portalubirataonline\",\"https:\\\/\\\/x.com\\\/ubirataonline\",\"https:\\\/\\\/mastodon.social\\\/@ubirataonline\",\"https:\\\/\\\/www.facebook.com\\\/groups\\\/311144672285604\",\"https:\\\/\\\/www.facebook.com\\\/UBTAOnline\",\"https:\\\/\\\/www.instagram.com\\\/portalubirataonline\\\/\",\"https:\\\/\\\/twitter.com\\\/ubirataonline\"],\"description\":\"Somos um portal de not\u00edcias independente, criado em 5 de janeiro de 2009, com o objetivo de informar, conectar e valorizar a nossa comunidade de Ubirat\u00e3 e toda aregi\u00e3o. Com conte\u00fado atualizado, confi\u00e1vel e relevante, o Ubirat\u00e3 Online \u00e9 o seu espa\u00e7o para ficar por dentro dos principais acontecimentos locais, regionais, Brasil, Mundo e de interesse geral. Nosso compromisso \u00e9 com a verdade, a transpar\u00eancia e o respeito ao leitor.\",\"legalName\":\"UBIRATA ONLINE NOT\u00cdCIAS\",\"foundingDate\":\"2009-01-05\",\"numberOfEmployees\":{\"@type\":\"QuantitativeValue\",\"minValue\":\"1\",\"maxValue\":\"10\"},\"publishingPrinciples\":\"https:\\\/\\\/ubirataonline.com.br\\\/faq\\\/\",\"address\":{\"@id\":\"https:\\\/\\\/ubirataonline.com.br\\\/oito-tumulos-sao-violados-e-corpo-sepultado-ha-3-meses-some\\\/#local-main-place-address\"},\"geo\":{\"@type\":\"GeoCoordinates\",\"latitude\":\"-24.5361401\",\"longitude\":\"-52.9921776\"},\"telephone\":[\"+5544998308235\"],\"contactPoint\":{\"@type\":\"ContactPoint\",\"email\":\"contato@ubirataonline.com.br\"},\"openingHoursSpecification\":{\"@type\":\"OpeningHoursSpecification\",\"dayOfWeek\":[\"Monday\",\"Tuesday\",\"Wednesday\",\"Thursday\",\"Friday\",\"Saturday\",\"Sunday\"],\"opens\":\"00:00\",\"closes\":\"23:59\"},\"email\":\"contato@ubirataonline.com.br\",\"vatID\":\"47.621.418\\\/0001-80\"},{\"@type\":\"Person\",\"@id\":\"https:\\\/\\\/ubirataonline.com.br\\\/#\\\/schema\\\/person\\\/372f87bbd3fdd79b8556b84c98d0bc1c\",\"name\":\"REDA\u00c7\u00c3O: UBIRAT\u00c3 ONLINE - F\u00c1BIO AUGUSTO CELESTINO\",\"pronouns\":\"Ele\",\"description\":\"Desde 2003 trabalhando com not\u00edcias.\",\"sameAs\":[\"http:\\\/\\\/ubirataoline.com.br\",\"https:\\\/\\\/www.facebook.com\\\/portalubirataonline\",\"https:\\\/\\\/www.instagram.com\\\/ubirataonline_oficial\",\"https:\\\/\\\/x.com\\\/x.com\\\/ubirataonline\"],\"honorificPrefix\":\"Mr.\",\"honorificSuffix\":\"MD\",\"birthDate\":\"1980-06-16\",\"gender\":\"masculino\",\"award\":[\"V\u00e1rios pr\u00eamios de melhor portal da cidade\"],\"jobTitle\":\"Diretor\",\"url\":\"https:\\\/\\\/ubirataonline.com.br\\\/en\\\/author\\\/ubirataonline\\\/\"},{\"@type\":\"PostalAddress\",\"@id\":\"https:\\\/\\\/ubirataonline.com.br\\\/oito-tumulos-sao-violados-e-corpo-sepultado-ha-3-meses-some\\\/#local-main-place-address\",\"streetAddress\":\"Rua dos Coqueiros, 104 - Bairro Boa Vista, Rua dos Coqueiros, 104 Bairro Boa Vista\",\"addressLocality\":\"UBIRATA\",\"postalCode\":\"85440-000\",\"addressRegion\":\"PR\",\"addressCountry\":\"BR\"},{\"@type\":\"ImageObject\",\"inLanguage\":\"en-US\",\"@id\":\"https:\\\/\\\/ubirataonline.com.br\\\/oito-tumulos-sao-violados-e-corpo-sepultado-ha-3-meses-some\\\/#local-main-organization-logo\",\"url\":\"https:\\\/\\\/ubirataonline.com.br\\\/wp-content\\\/uploads\\\/2026\\\/06\\\/logoubirataonline-1.webp\",\"contentUrl\":\"https:\\\/\\\/ubirataonline.com.br\\\/wp-content\\\/uploads\\\/2026\\\/06\\\/logoubirataonline-1.webp\",\"width\":500,\"height\":500,\"caption\":\"Ubirat\u00e3 Online Not\u00edcias\"}]}<\/script>\n<meta name=\"geo.placename\" content=\"UBIRATA\" \/>\n<meta name=\"geo.position\" content=\"-24.5361401;-52.9921776\" \/>\n<meta name=\"geo.region\" content=\"Brazil\" \/>\n<!-- \/ Yoast SEO Premium plugin. -->","yoast_head_json":{"title":"Oito t\u00famulos s\u00e3o violados e corpo sepultado h\u00e1 3 meses some - Ubirat\u00e3 Online Not\u00edcias - A realidade ao seu alcance!","description":"Um caso de viola\u00e7\u00e3o de t\u00famulos e de desaparecimento de um corpo sepultado h\u00e1 3 meses est\u00e1 assombrando os moradores da cidade de Miraselva, no Norte do","robots":{"index":"index","follow":"follow","max-snippet":"max-snippet:-1","max-image-preview":"max-image-preview:large","max-video-preview":"max-video-preview:-1"},"canonical":"https:\/\/ubirataonline.com.br\/en\/oito-tumulos-sao-violados-e-corpo-sepultado-ha-3-meses-some\/","og_locale":"en_US","og_type":"article","og_title":"Oito t\u00famulos s\u00e3o violados e corpo sepultado h\u00e1 3 meses some","og_description":"Um caso de viola\u00e7\u00e3o de t\u00famulos e de desaparecimento de um corpo sepultado h\u00e1 3 meses est\u00e1 assombrando os moradores da cidade de Miraselva, no Norte do","og_url":"https:\/\/ubirataonline.com.br\/en\/oito-tumulos-sao-violados-e-corpo-sepultado-ha-3-meses-some\/","og_site_name":"Ubirat\u00e3 Online Not\u00edcias - A realidade ao seu alcance!","article_publisher":"https:\/\/www.facebook.com\/portalubirataonline","article_author":"https:\/\/www.facebook.com\/portalubirataonline","article_published_time":"2026-04-05T12:08:52+00:00","article_modified_time":"2026-04-05T12:09:00+00:00","og_image":[{"width":1280,"height":720,"url":"https:\/\/ubirataonline.com.br\/wp-content\/uploads\/2026\/04\/Oito-tumulos-sao-violados-e-corpo-sepultado-ha-3-meses.jpg","type":"image\/jpeg"}],"author":"REDA\u00c7\u00c3O: UBIRAT\u00c3 ONLINE - F\u00c1BIO AUGUSTO CELESTINO","twitter_card":"summary_large_image","twitter_creator":"@x.com\/ubirataonline","twitter_site":"@ubirataonline","twitter_misc":{"Written by":"REDA\u00c7\u00c3O: UBIRAT\u00c3 ONLINE - F\u00c1BIO AUGUSTO CELESTINO","Est. reading time":"1 minute"},"schema":{"@context":"https:\/\/schema.org","@graph":[{"@type":"NewsArticle","@id":"https:\/\/ubirataonline.com.br\/oito-tumulos-sao-violados-e-corpo-sepultado-ha-3-meses-some\/#article","isPartOf":{"@id":"https:\/\/ubirataonline.com.br\/oito-tumulos-sao-violados-e-corpo-sepultado-ha-3-meses-some\/"},"author":{"name":"REDA\u00c7\u00c3O: UBIRAT\u00c3 ONLINE - F\u00c1BIO AUGUSTO CELESTINO","@id":"https:\/\/ubirataonline.com.br\/#\/schema\/person\/372f87bbd3fdd79b8556b84c98d0bc1c"},"headline":"Oito t\u00famulos s\u00e3o violados e corpo sepultado h\u00e1 3 meses some","datePublished":"2026-04-05T12:08:52+00:00","dateModified":"2026-04-05T12:09:00+00:00","mainEntityOfPage":{"@id":"https:\/\/ubirataonline.com.br\/oito-tumulos-sao-violados-e-corpo-sepultado-ha-3-meses-some\/"},"wordCount":233,"publisher":{"@id":"https:\/\/ubirataonline.com.br\/#organization"},"image":{"@id":"https:\/\/ubirataonline.com.br\/oito-tumulos-sao-violados-e-corpo-sepultado-ha-3-meses-some\/#primaryimage"},"thumbnailUrl":"https:\/\/ubirataonline.com.br\/wp-content\/uploads\/2026\/04\/Oito-tumulos-sao-violados-e-corpo-sepultado-ha-3-meses.jpg","keywords":["Corpo","h\u00e1","meses","oito","S\u00e3o","sepultado","t\u00famulos","violados"],"articleSection":["Ubirat\u00e3"],"inLanguage":"en-US","copyrightYear":"2026","copyrightHolder":{"@id":"https:\/\/ubirataonline.com.br\/en\/#organization"}},{"@type":"WebPage","@id":"https:\/\/ubirataonline.com.br\/oito-tumulos-sao-violados-e-corpo-sepultado-ha-3-meses-some\/","url":"https:\/\/ubirataonline.com.br\/oito-tumulos-sao-violados-e-corpo-sepultado-ha-3-meses-some\/","name":"Oito t\u00famulos s\u00e3o violados e corpo sepultado h\u00e1 3 meses some - Ubirat\u00e3 Online Not\u00edcias - A realidade ao seu alcance!","isPartOf":{"@id":"https:\/\/ubirataonline.com.br\/#website"},"primaryImageOfPage":{"@id":"https:\/\/ubirataonline.com.br\/oito-tumulos-sao-violados-e-corpo-sepultado-ha-3-meses-some\/#primaryimage"},"image":{"@id":"https:\/\/ubirataonline.com.br\/oito-tumulos-sao-violados-e-corpo-sepultado-ha-3-meses-some\/#primaryimage"},"thumbnailUrl":"https:\/\/ubirataonline.com.br\/wp-content\/uploads\/2026\/04\/Oito-tumulos-sao-violados-e-corpo-sepultado-ha-3-meses.jpg","datePublished":"2026-04-05T12:08:52+00:00","dateModified":"2026-04-05T12:09:00+00:00","description":"Um caso de viola\u00e7\u00e3o de t\u00famulos e de desaparecimento de um corpo sepultado h\u00e1 3 meses est\u00e1 assombrando os moradores da cidade de Miraselva, no Norte do","breadcrumb":{"@id":"https:\/\/ubirataonline.com.br\/oito-tumulos-sao-violados-e-corpo-sepultado-ha-3-meses-some\/#breadcrumb"},"inLanguage":"en-US","potentialAction":[{"@type":"ReadAction","target":["https:\/\/ubirataonline.com.br\/oito-tumulos-sao-violados-e-corpo-sepultado-ha-3-meses-some\/"]}]},{"@type":"ImageObject","inLanguage":"en-US","@id":"https:\/\/ubirataonline.com.br\/oito-tumulos-sao-violados-e-corpo-sepultado-ha-3-meses-some\/#primaryimage","url":"https:\/\/ubirataonline.com.br\/wp-content\/uploads\/2026\/04\/Oito-tumulos-sao-violados-e-corpo-sepultado-ha-3-meses.jpg","contentUrl":"https:\/\/ubirataonline.com.br\/wp-content\/uploads\/2026\/04\/Oito-tumulos-sao-violados-e-corpo-sepultado-ha-3-meses.jpg","width":1280,"height":720,"caption":""},{"@type":"BreadcrumbList","@id":"https:\/\/ubirataonline.com.br\/oito-tumulos-sao-violados-e-corpo-sepultado-ha-3-meses-some\/#breadcrumb","itemListElement":[{"@type":"ListItem","position":1,"name":"In\u00edcio","item":"https:\/\/ubirataonline.com.br\/"},{"@type":"ListItem","position":2,"name":"Oito t\u00famulos s\u00e3o violados e corpo sepultado h\u00e1 3 meses some"}]},{"@type":"WebSite","@id":"https:\/\/ubirataonline.com.br\/#website","url":"https:\/\/ubirataonline.com.br\/","name":"Ubirat\u00e3 Online Not\u00edcias","description":"Not\u00edcias de Ubirat\u00e3, regi\u00e3o, Brasil e mundo, com informa\u00e7\u00e3o atualizada e compromisso com o leitor.","publisher":{"@id":"https:\/\/ubirataonline.com.br\/#organization"},"alternateName":"Ubirat\u00e3 Online","potentialAction":[{"@type":"SearchAction","target":{"@type":"EntryPoint","urlTemplate":"https:\/\/ubirataonline.com.br\/?s={search_term_string}"},"query-input":{"@type":"PropertyValueSpecification","valueRequired":true,"valueName":"search_term_string"}}],"inLanguage":"en-US"},{"@type":["Organization","Place"],"@id":"https:\/\/ubirataonline.com.br\/#organization","name":"Ubirat\u00e3 Online Not\u00edcias","alternateName":"Ubirat\u00e3 Online","url":"https:\/\/ubirataonline.com.br\/","logo":{"@id":"https:\/\/ubirataonline.com.br\/oito-tumulos-sao-violados-e-corpo-sepultado-ha-3-meses-some\/#local-main-organization-logo"},"image":{"@id":"https:\/\/ubirataonline.com.br\/oito-tumulos-sao-violados-e-corpo-sepultado-ha-3-meses-some\/#local-main-organization-logo"},"sameAs":["https:\/\/www.facebook.com\/portalubirataonline","https:\/\/x.com\/ubirataonline","https:\/\/mastodon.social\/@ubirataonline","https:\/\/www.facebook.com\/groups\/311144672285604","https:\/\/www.facebook.com\/UBTAOnline","https:\/\/www.instagram.com\/portalubirataonline\/","https:\/\/twitter.com\/ubirataonline"],"description":"Somos um portal de not\u00edcias independente, criado em 5 de janeiro de 2009, com o objetivo de informar, conectar e valorizar a nossa comunidade de Ubirat\u00e3 e toda aregi\u00e3o. Com conte\u00fado atualizado, confi\u00e1vel e relevante, o Ubirat\u00e3 Online \u00e9 o seu espa\u00e7o para ficar por dentro dos principais acontecimentos locais, regionais, Brasil, Mundo e de interesse geral. Nosso compromisso \u00e9 com a verdade, a transpar\u00eancia e o respeito ao leitor.","legalName":"UBIRATA ONLINE NOT\u00cdCIAS","foundingDate":"2009-01-05","numberOfEmployees":{"@type":"QuantitativeValue","minValue":"1","maxValue":"10"},"publishingPrinciples":"https:\/\/ubirataonline.com.br\/faq\/","address":{"@id":"https:\/\/ubirataonline.com.br\/oito-tumulos-sao-violados-e-corpo-sepultado-ha-3-meses-some\/#local-main-place-address"},"geo":{"@type":"GeoCoordinates","latitude":"-24.5361401","longitude":"-52.9921776"},"telephone":["+5544998308235"],"contactPoint":{"@type":"ContactPoint","email":"contato@ubirataonline.com.br"},"openingHoursSpecification":{"@type":"OpeningHoursSpecification","dayOfWeek":["Monday","Tuesday","Wednesday","Thursday","Friday","Saturday","Sunday"],"opens":"00:00","closes":"23:59"},"email":"contato@ubirataonline.com.br","vatID":"47.621.418\/0001-80"},{"@type":"Person","@id":"https:\/\/ubirataonline.com.br\/#\/schema\/person\/372f87bbd3fdd79b8556b84c98d0bc1c","name":"REDA\u00c7\u00c3O: UBIRAT\u00c3 ONLINE - F\u00c1BIO AUGUSTO CELESTINO","pronouns":"Ele","description":"Desde 2003 trabalhando com not\u00edcias.","sameAs":["http:\/\/ubirataoline.com.br","https:\/\/www.facebook.com\/portalubirataonline","https:\/\/www.instagram.com\/ubirataonline_oficial","https:\/\/x.com\/x.com\/ubirataonline"],"honorificPrefix":"Mr.","honorificSuffix":"MD","birthDate":"1980-06-16","gender":"masculino","award":["V\u00e1rios pr\u00eamios de melhor portal da cidade"],"jobTitle":"Diretor","url":"https:\/\/ubirataonline.com.br\/en\/author\/ubirataonline\/"},{"@type":"PostalAddress","@id":"https:\/\/ubirataonline.com.br\/oito-tumulos-sao-violados-e-corpo-sepultado-ha-3-meses-some\/#local-main-place-address","streetAddress":"Rua dos Coqueiros, 104 - Bairro Boa Vista, Rua dos Coqueiros, 104 Bairro Boa Vista","addressLocality":"UBIRATA","postalCode":"85440-000","addressRegion":"PR","addressCountry":"BR"},{"@type":"ImageObject","inLanguage":"en-US","@id":"https:\/\/ubirataonline.com.br\/oito-tumulos-sao-violados-e-corpo-sepultado-ha-3-meses-some\/#local-main-organization-logo","url":"https:\/\/ubirataonline.com.br\/wp-content\/uploads\/2026\/06\/logoubirataonline-1.webp","contentUrl":"https:\/\/ubirataonline.com.br\/wp-content\/uploads\/2026\/06\/logoubirataonline-1.webp","width":500,"height":500,"caption":"Ubirat\u00e3 Online Not\u00edcias"}]},"geo.placename":"UBIRATA","geo.position":{"lat":"-24.5361401","long":"-52.9921776"},"geo.region":"Brazil"},"_links":{"self":[{"href":"https:\/\/ubirataonline.com.br\/en\/wp-json\/wp\/v2\/posts\/99460","targetHints":{"allow":["GET"]}}],"collection":[{"href":"https:\/\/ubirataonline.com.br\/en\/wp-json\/wp\/v2\/posts"}],"about":[{"href":"https:\/\/ubirataonline.com.br\/en\/wp-json\/wp\/v2\/types\/post"}],"author":[{"embeddable":true,"href":"https:\/\/ubirataonline.com.br\/en\/wp-json\/wp\/v2\/users\/1"}],"replies":[{"embeddable":true,"href":"https:\/\/ubirataonline.com.br\/en\/wp-json\/wp\/v2\/comments?post=99460"}],"version-history":[{"count":0,"href":"https:\/\/ubirataonline.com.br\/en\/wp-json\/wp\/v2\/posts\/99460\/revisions"}],"wp:featuredmedia":[{"embeddable":true,"href":"https:\/\/ubirataonline.com.br\/en\/wp-json\/wp\/v2\/media\/99461"}],"wp:attachment":[{"href":"https:\/\/ubirataonline.com.br\/en\/wp-json\/wp\/v2\/media?parent=99460"}],"wp:term":[{"taxonomy":"category","embeddable":true,"href":"https:\/\/ubirataonline.com.br\/en\/wp-json\/wp\/v2\/categories?post=99460"},{"taxonomy":"post_tag","embeddable":true,"href":"https:\/\/ubirataonline.com.br\/en\/wp-json\/wp\/v2\/tags?post=99460"}],"curies":[{"name":"wp","href":"https:\/\/api.w.org\/{rel}","templated":true}]}}