{"id":99557,"date":"2026-04-05T21:38:49","date_gmt":"2026-04-06T00:38:49","guid":{"rendered":"https:\/\/ubirataonline.com.br\/morador-de-rua-e-levado-a-delegacia-apos-ameacar-vizinhos-em-cascavel\/"},"modified":"2026-04-05T21:38:51","modified_gmt":"2026-04-06T00:38:51","slug":"morador-de-rua-e-levado-a-delegacia-apos-ameacar-vizinhos-em-cascavel","status":"publish","type":"post","link":"https:\/\/ubirataonline.com.br\/en\/morador-de-rua-e-levado-a-delegacia-apos-ameacar-vizinhos-em-cascavel\/","title":{"rendered":"Morador de rua \u00e9 levado \u00e0 delegacia ap\u00f3s amea\u00e7ar vizinhos em Cascavel"},"content":{"rendered":"<p><\/p>\n<div id=\"texto\">\n<p>Na noite deste domingo (5), a Guarda Civil Patrimonial de Cascavel encaminhou um homem, morador de rua, \u00e0 10\u00aa Central de Flagrantes ap\u00f3s den\u00fancias de amea\u00e7a feitas por moradores da regi\u00e3o pr\u00f3xima ao Est\u00e1dio Ol\u00edmpico.<\/p>\n<p>Segundo informa\u00e7\u00f5es do guarda Agheben, a equipe de patrulhamento foi acionada pelos pr\u00f3prios moradores. \u201cA nossa equipe, durante o patrulhamento nas proximidades do Est\u00e1dio Ol\u00edmpico, foi abordada por moradores, indicando que um morador de rua estava fazendo amea\u00e7a aos mesmos. Ent\u00e3o, a equipe, tomando ci\u00eancia do caso, fez abordagem no rapaz e com ele foram encontrados alguns objetos cortantes\u201d, relatou.<\/p>\n<p>Ainda de acordo com o guarda, diante do interesse dos moradores em representar contra o homem, ele foi conduzido \u00e0 delegacia acompanhado de testemunhas. \u201cA equipe ent\u00e3o fez a condu\u00e7\u00e3o do morador de rua com as testemunhas para a delegacia da Pol\u00edcia Civil, onde ele vai ficar \u00e0 disposi\u00e7\u00e3o da Justi\u00e7a. Exatamente. Ent\u00e3o, a Guarda Civil trabalha sempre em prol da sociedade cascavelense e estamos fazendo a nossa parte para garantir que Cascavel esteja cada vez mais segura\u201d, acrescentou Agheben.<\/p>\n<p>At\u00e9 o momento, n\u00e3o foram divulgados detalhes sobre os objetos encontrados com o suspeito ou sobre poss\u00edveis medidas legais que ser\u00e3o adotadas. A Pol\u00edcia Civil segue respons\u00e1vel pelo caso.<\/p>\n<\/p><\/div>\n<p><a href=\"https:\/\/cgn.inf.br\/noticia\/2078080\/morador-de-rua-e-levado-a-delegacia-apos-ameacar-vizinhos-em-cascavel\">Fonte do Artigo <\/a><\/p>","protected":false},"excerpt":{"rendered":"<p>Na noite deste domingo (5), a Guarda Civil Patrimonial de Cascavel encaminhou um homem, morador de rua, \u00e0 10\u00aa Central de Flagrantes ap\u00f3s den\u00fancias de amea\u00e7a feitas por moradores da regi\u00e3o pr\u00f3xima ao Est\u00e1dio Ol\u00edmpico. Segundo informa\u00e7\u00f5es do guarda Agheben, a equipe de patrulhamento foi acionada pelos pr\u00f3prios moradores. \u201cA nossa equipe, durante o patrulhamento [&hellip;]<\/p>\n","protected":false},"author":1,"featured_media":92994,"comment_status":"closed","ping_status":"","sticky":false,"template":"","format":"standard","meta":{"googlesitekit_rrm_CAow2JLhCw:productID":"","_gspb_post_css":"","maa_idioma":"","maa_pais":"","footnotes":""},"categories":[1],"tags":[10967,3140,262,5703,11909,10072,5240,24950],"class_list":["post-99557","post","type-post","status-publish","format-standard","has-post-thumbnail","hentry","category-ubirata","tag-ameacar","tag-apos","tag-cascavel","tag-delegacia","tag-levado","tag-morador","tag-rua","tag-vizinhos"],"blocksy_meta":[],"yoast_head":"<!-- This site is optimized with the Yoast SEO Premium plugin v27.6 (Yoast SEO v27.6) - https:\/\/yoast.com\/product\/yoast-seo-premium-wordpress\/ -->\n<title>Morador de rua \u00e9 levado \u00e0 delegacia ap\u00f3s amea\u00e7ar vizinhos em Cascavel - Ubirat\u00e3 Online Not\u00edcias - A realidade ao seu alcance!<\/title>\n<meta name=\"description\" content=\"Na noite deste domingo (5), a Guarda Civil Patrimonial de Cascavel encaminhou um homem, morador de rua, \u00e0 10\u00aa Central de Flagrantes ap\u00f3s den\u00fancias de\" \/>\n<meta name=\"robots\" content=\"index, follow, max-snippet:-1, max-image-preview:large, max-video-preview:-1\" \/>\n<link rel=\"canonical\" href=\"https:\/\/ubirataonline.com.br\/en\/morador-de-rua-e-levado-a-delegacia-apos-ameacar-vizinhos-em-cascavel\/\" \/>\n<meta property=\"og:locale\" content=\"en_US\" \/>\n<meta property=\"og:type\" content=\"article\" \/>\n<meta property=\"og:title\" content=\"Morador de rua \u00e9 levado \u00e0 delegacia ap\u00f3s amea\u00e7ar vizinhos em Cascavel\" \/>\n<meta property=\"og:description\" content=\"Na noite deste domingo (5), a Guarda Civil Patrimonial de Cascavel encaminhou um homem, morador de rua, \u00e0 10\u00aa Central de Flagrantes ap\u00f3s den\u00fancias de\" \/>\n<meta property=\"og:url\" content=\"https:\/\/ubirataonline.com.br\/en\/morador-de-rua-e-levado-a-delegacia-apos-ameacar-vizinhos-em-cascavel\/\" \/>\n<meta property=\"og:site_name\" content=\"Ubirat\u00e3 Online Not\u00edcias - A realidade ao seu alcance!\" \/>\n<meta property=\"article:publisher\" content=\"https:\/\/www.facebook.com\/portalubirataonline\" \/>\n<meta property=\"article:author\" content=\"https:\/\/www.facebook.com\/portalubirataonline\" \/>\n<meta property=\"article:published_time\" content=\"2026-04-06T00:38:49+00:00\" \/>\n<meta property=\"article:modified_time\" content=\"2026-04-06T00:38:51+00:00\" \/>\n<meta property=\"og:image\" content=\"https:\/\/ubirataonline.com.br\/wp-content\/uploads\/2026\/03\/Gilmar-ve-explicacao-insuficiente-e-da-72-horas-para-MPRJ.gif\" \/>\n\t<meta property=\"og:image:width\" content=\"768\" \/>\n\t<meta property=\"og:image:height\" content=\"461\" \/>\n\t<meta property=\"og:image:type\" content=\"image\/gif\" \/>\n<meta name=\"author\" content=\"REDA\u00c7\u00c3O: UBIRAT\u00c3 ONLINE - F\u00c1BIO AUGUSTO CELESTINO\" \/>\n<meta name=\"twitter:card\" content=\"summary_large_image\" \/>\n<meta name=\"twitter:creator\" content=\"@x.com\/ubirataonline\" \/>\n<meta name=\"twitter:site\" content=\"@ubirataonline\" \/>\n<meta name=\"twitter:label1\" content=\"Written by\" \/>\n\t<meta name=\"twitter:data1\" content=\"REDA\u00c7\u00c3O: UBIRAT\u00c3 ONLINE - F\u00c1BIO AUGUSTO CELESTINO\" \/>\n\t<meta name=\"twitter:label2\" content=\"Est. reading time\" \/>\n\t<meta name=\"twitter:data2\" content=\"1 minute\" \/>\n<script type=\"application\/ld+json\" class=\"yoast-schema-graph\">{\"@context\":\"https:\\\/\\\/schema.org\",\"@graph\":[{\"@type\":\"NewsArticle\",\"@id\":\"https:\\\/\\\/ubirataonline.com.br\\\/morador-de-rua-e-levado-a-delegacia-apos-ameacar-vizinhos-em-cascavel\\\/#article\",\"isPartOf\":{\"@id\":\"https:\\\/\\\/ubirataonline.com.br\\\/morador-de-rua-e-levado-a-delegacia-apos-ameacar-vizinhos-em-cascavel\\\/\"},\"author\":{\"name\":\"REDA\u00c7\u00c3O: UBIRAT\u00c3 ONLINE - F\u00c1BIO AUGUSTO CELESTINO\",\"@id\":\"https:\\\/\\\/ubirataonline.com.br\\\/#\\\/schema\\\/person\\\/372f87bbd3fdd79b8556b84c98d0bc1c\"},\"headline\":\"Morador de rua \u00e9 levado \u00e0 delegacia ap\u00f3s amea\u00e7ar vizinhos em Cascavel\",\"datePublished\":\"2026-04-06T00:38:49+00:00\",\"dateModified\":\"2026-04-06T00:38:51+00:00\",\"mainEntityOfPage\":{\"@id\":\"https:\\\/\\\/ubirataonline.com.br\\\/morador-de-rua-e-levado-a-delegacia-apos-ameacar-vizinhos-em-cascavel\\\/\"},\"wordCount\":239,\"publisher\":{\"@id\":\"https:\\\/\\\/ubirataonline.com.br\\\/#organization\"},\"image\":{\"@id\":\"https:\\\/\\\/ubirataonline.com.br\\\/morador-de-rua-e-levado-a-delegacia-apos-ameacar-vizinhos-em-cascavel\\\/#primaryimage\"},\"thumbnailUrl\":\"https:\\\/\\\/ubirataonline.com.br\\\/wp-content\\\/uploads\\\/2026\\\/03\\\/Gilmar-ve-explicacao-insuficiente-e-da-72-horas-para-MPRJ.gif\",\"keywords\":[\"amea\u00e7ar\",\"ap\u00f3s\",\"cascavel\",\"delegacia\",\"levado\",\"morador\",\"Rua\",\"vizinhos\"],\"articleSection\":[\"Ubirat\u00e3\"],\"inLanguage\":\"en-US\",\"copyrightYear\":\"2026\",\"copyrightHolder\":{\"@id\":\"https:\\\/\\\/ubirataonline.com.br\\\/en\\\/#organization\"}},{\"@type\":\"WebPage\",\"@id\":\"https:\\\/\\\/ubirataonline.com.br\\\/morador-de-rua-e-levado-a-delegacia-apos-ameacar-vizinhos-em-cascavel\\\/\",\"url\":\"https:\\\/\\\/ubirataonline.com.br\\\/morador-de-rua-e-levado-a-delegacia-apos-ameacar-vizinhos-em-cascavel\\\/\",\"name\":\"Morador de rua \u00e9 levado \u00e0 delegacia ap\u00f3s amea\u00e7ar vizinhos em Cascavel - Ubirat\u00e3 Online Not\u00edcias - A realidade ao seu alcance!\",\"isPartOf\":{\"@id\":\"https:\\\/\\\/ubirataonline.com.br\\\/#website\"},\"primaryImageOfPage\":{\"@id\":\"https:\\\/\\\/ubirataonline.com.br\\\/morador-de-rua-e-levado-a-delegacia-apos-ameacar-vizinhos-em-cascavel\\\/#primaryimage\"},\"image\":{\"@id\":\"https:\\\/\\\/ubirataonline.com.br\\\/morador-de-rua-e-levado-a-delegacia-apos-ameacar-vizinhos-em-cascavel\\\/#primaryimage\"},\"thumbnailUrl\":\"https:\\\/\\\/ubirataonline.com.br\\\/wp-content\\\/uploads\\\/2026\\\/03\\\/Gilmar-ve-explicacao-insuficiente-e-da-72-horas-para-MPRJ.gif\",\"datePublished\":\"2026-04-06T00:38:49+00:00\",\"dateModified\":\"2026-04-06T00:38:51+00:00\",\"description\":\"Na noite deste domingo (5), a Guarda Civil Patrimonial de Cascavel encaminhou um homem, morador de rua, \u00e0 10\u00aa Central de Flagrantes ap\u00f3s den\u00fancias de\",\"breadcrumb\":{\"@id\":\"https:\\\/\\\/ubirataonline.com.br\\\/morador-de-rua-e-levado-a-delegacia-apos-ameacar-vizinhos-em-cascavel\\\/#breadcrumb\"},\"inLanguage\":\"en-US\",\"potentialAction\":[{\"@type\":\"ReadAction\",\"target\":[\"https:\\\/\\\/ubirataonline.com.br\\\/morador-de-rua-e-levado-a-delegacia-apos-ameacar-vizinhos-em-cascavel\\\/\"]}]},{\"@type\":\"ImageObject\",\"inLanguage\":\"en-US\",\"@id\":\"https:\\\/\\\/ubirataonline.com.br\\\/morador-de-rua-e-levado-a-delegacia-apos-ameacar-vizinhos-em-cascavel\\\/#primaryimage\",\"url\":\"https:\\\/\\\/ubirataonline.com.br\\\/wp-content\\\/uploads\\\/2026\\\/03\\\/Gilmar-ve-explicacao-insuficiente-e-da-72-horas-para-MPRJ.gif\",\"contentUrl\":\"https:\\\/\\\/ubirataonline.com.br\\\/wp-content\\\/uploads\\\/2026\\\/03\\\/Gilmar-ve-explicacao-insuficiente-e-da-72-horas-para-MPRJ.gif\",\"width\":768,\"height\":461,\"caption\":\"Gilmar v\u00ea explica\u00e7\u00e3o insuficiente e d\u00e1 72 horas para MPRJ explicar pagamento de penduricalhos\"},{\"@type\":\"BreadcrumbList\",\"@id\":\"https:\\\/\\\/ubirataonline.com.br\\\/morador-de-rua-e-levado-a-delegacia-apos-ameacar-vizinhos-em-cascavel\\\/#breadcrumb\",\"itemListElement\":[{\"@type\":\"ListItem\",\"position\":1,\"name\":\"In\u00edcio\",\"item\":\"https:\\\/\\\/ubirataonline.com.br\\\/\"},{\"@type\":\"ListItem\",\"position\":2,\"name\":\"Morador de rua \u00e9 levado \u00e0 delegacia ap\u00f3s amea\u00e7ar vizinhos em Cascavel\"}]},{\"@type\":\"WebSite\",\"@id\":\"https:\\\/\\\/ubirataonline.com.br\\\/#website\",\"url\":\"https:\\\/\\\/ubirataonline.com.br\\\/\",\"name\":\"Ubirat\u00e3 Online Not\u00edcias\",\"description\":\"Not\u00edcias de Ubirat\u00e3, regi\u00e3o, Brasil e mundo, com informa\u00e7\u00e3o atualizada e compromisso com o leitor.\",\"publisher\":{\"@id\":\"https:\\\/\\\/ubirataonline.com.br\\\/#organization\"},\"alternateName\":\"Ubirat\u00e3 Online\",\"potentialAction\":[{\"@type\":\"SearchAction\",\"target\":{\"@type\":\"EntryPoint\",\"urlTemplate\":\"https:\\\/\\\/ubirataonline.com.br\\\/?s={search_term_string}\"},\"query-input\":{\"@type\":\"PropertyValueSpecification\",\"valueRequired\":true,\"valueName\":\"search_term_string\"}}],\"inLanguage\":\"en-US\"},{\"@type\":[\"Organization\",\"Place\"],\"@id\":\"https:\\\/\\\/ubirataonline.com.br\\\/#organization\",\"name\":\"Ubirat\u00e3 Online Not\u00edcias\",\"alternateName\":\"Ubirat\u00e3 Online\",\"url\":\"https:\\\/\\\/ubirataonline.com.br\\\/\",\"logo\":{\"@id\":\"https:\\\/\\\/ubirataonline.com.br\\\/morador-de-rua-e-levado-a-delegacia-apos-ameacar-vizinhos-em-cascavel\\\/#local-main-organization-logo\"},\"image\":{\"@id\":\"https:\\\/\\\/ubirataonline.com.br\\\/morador-de-rua-e-levado-a-delegacia-apos-ameacar-vizinhos-em-cascavel\\\/#local-main-organization-logo\"},\"sameAs\":[\"https:\\\/\\\/www.facebook.com\\\/portalubirataonline\",\"https:\\\/\\\/x.com\\\/ubirataonline\",\"https:\\\/\\\/mastodon.social\\\/@ubirataonline\",\"https:\\\/\\\/www.facebook.com\\\/groups\\\/311144672285604\",\"https:\\\/\\\/www.facebook.com\\\/UBTAOnline\",\"https:\\\/\\\/www.instagram.com\\\/portalubirataonline\\\/\",\"https:\\\/\\\/twitter.com\\\/ubirataonline\"],\"description\":\"Somos um portal de not\u00edcias independente, criado em 5 de janeiro de 2009, com o objetivo de informar, conectar e valorizar a nossa comunidade de Ubirat\u00e3 e toda aregi\u00e3o. Com conte\u00fado atualizado, confi\u00e1vel e relevante, o Ubirat\u00e3 Online \u00e9 o seu espa\u00e7o para ficar por dentro dos principais acontecimentos locais, regionais, Brasil, Mundo e de interesse geral. Nosso compromisso \u00e9 com a verdade, a transpar\u00eancia e o respeito ao leitor.\",\"legalName\":\"UBIRATA ONLINE NOT\u00cdCIAS\",\"foundingDate\":\"2009-01-05\",\"numberOfEmployees\":{\"@type\":\"QuantitativeValue\",\"minValue\":\"1\",\"maxValue\":\"10\"},\"publishingPrinciples\":\"https:\\\/\\\/ubirataonline.com.br\\\/faq\\\/\",\"address\":{\"@id\":\"https:\\\/\\\/ubirataonline.com.br\\\/morador-de-rua-e-levado-a-delegacia-apos-ameacar-vizinhos-em-cascavel\\\/#local-main-place-address\"},\"geo\":{\"@type\":\"GeoCoordinates\",\"latitude\":\"-24.5361401\",\"longitude\":\"-52.9921776\"},\"telephone\":[\"+5544998308235\"],\"contactPoint\":{\"@type\":\"ContactPoint\",\"email\":\"contato@ubirataonline.com.br\"},\"openingHoursSpecification\":{\"@type\":\"OpeningHoursSpecification\",\"dayOfWeek\":[\"Monday\",\"Tuesday\",\"Wednesday\",\"Thursday\",\"Friday\",\"Saturday\",\"Sunday\"],\"opens\":\"00:00\",\"closes\":\"23:59\"},\"email\":\"contato@ubirataonline.com.br\",\"vatID\":\"47.621.418\\\/0001-80\"},{\"@type\":\"Person\",\"@id\":\"https:\\\/\\\/ubirataonline.com.br\\\/#\\\/schema\\\/person\\\/372f87bbd3fdd79b8556b84c98d0bc1c\",\"name\":\"REDA\u00c7\u00c3O: UBIRAT\u00c3 ONLINE - F\u00c1BIO AUGUSTO CELESTINO\",\"pronouns\":\"Ele\",\"description\":\"Desde 2003 trabalhando com not\u00edcias.\",\"sameAs\":[\"http:\\\/\\\/ubirataoline.com.br\",\"https:\\\/\\\/www.facebook.com\\\/portalubirataonline\",\"https:\\\/\\\/www.instagram.com\\\/ubirataonline_oficial\",\"https:\\\/\\\/x.com\\\/x.com\\\/ubirataonline\"],\"honorificPrefix\":\"Mr.\",\"honorificSuffix\":\"MD\",\"birthDate\":\"1980-06-16\",\"gender\":\"masculino\",\"award\":[\"V\u00e1rios pr\u00eamios de melhor portal da cidade\"],\"jobTitle\":\"Diretor\",\"url\":\"https:\\\/\\\/ubirataonline.com.br\\\/en\\\/author\\\/ubirataonline\\\/\"},{\"@type\":\"PostalAddress\",\"@id\":\"https:\\\/\\\/ubirataonline.com.br\\\/morador-de-rua-e-levado-a-delegacia-apos-ameacar-vizinhos-em-cascavel\\\/#local-main-place-address\",\"streetAddress\":\"Rua dos Coqueiros, 104 - Bairro Boa Vista, Rua dos Coqueiros, 104 Bairro Boa Vista\",\"addressLocality\":\"UBIRATA\",\"postalCode\":\"85440-000\",\"addressRegion\":\"PR\",\"addressCountry\":\"BR\"},{\"@type\":\"ImageObject\",\"inLanguage\":\"en-US\",\"@id\":\"https:\\\/\\\/ubirataonline.com.br\\\/morador-de-rua-e-levado-a-delegacia-apos-ameacar-vizinhos-em-cascavel\\\/#local-main-organization-logo\",\"url\":\"https:\\\/\\\/ubirataonline.com.br\\\/wp-content\\\/uploads\\\/2026\\\/06\\\/logoubirataonline-1.webp\",\"contentUrl\":\"https:\\\/\\\/ubirataonline.com.br\\\/wp-content\\\/uploads\\\/2026\\\/06\\\/logoubirataonline-1.webp\",\"width\":500,\"height\":500,\"caption\":\"Ubirat\u00e3 Online Not\u00edcias\"}]}<\/script>\n<meta name=\"geo.placename\" content=\"UBIRATA\" \/>\n<meta name=\"geo.position\" content=\"-24.5361401;-52.9921776\" \/>\n<meta name=\"geo.region\" content=\"Brazil\" \/>\n<!-- \/ Yoast SEO Premium plugin. -->","yoast_head_json":{"title":"Morador de rua \u00e9 levado \u00e0 delegacia ap\u00f3s amea\u00e7ar vizinhos em Cascavel - Ubirat\u00e3 Online Not\u00edcias - A realidade ao seu alcance!","description":"Na noite deste domingo (5), a Guarda Civil Patrimonial de Cascavel encaminhou um homem, morador de rua, \u00e0 10\u00aa Central de Flagrantes ap\u00f3s den\u00fancias de","robots":{"index":"index","follow":"follow","max-snippet":"max-snippet:-1","max-image-preview":"max-image-preview:large","max-video-preview":"max-video-preview:-1"},"canonical":"https:\/\/ubirataonline.com.br\/en\/morador-de-rua-e-levado-a-delegacia-apos-ameacar-vizinhos-em-cascavel\/","og_locale":"en_US","og_type":"article","og_title":"Morador de rua \u00e9 levado \u00e0 delegacia ap\u00f3s amea\u00e7ar vizinhos em Cascavel","og_description":"Na noite deste domingo (5), a Guarda Civil Patrimonial de Cascavel encaminhou um homem, morador de rua, \u00e0 10\u00aa Central de Flagrantes ap\u00f3s den\u00fancias de","og_url":"https:\/\/ubirataonline.com.br\/en\/morador-de-rua-e-levado-a-delegacia-apos-ameacar-vizinhos-em-cascavel\/","og_site_name":"Ubirat\u00e3 Online Not\u00edcias - A realidade ao seu alcance!","article_publisher":"https:\/\/www.facebook.com\/portalubirataonline","article_author":"https:\/\/www.facebook.com\/portalubirataonline","article_published_time":"2026-04-06T00:38:49+00:00","article_modified_time":"2026-04-06T00:38:51+00:00","og_image":[{"width":768,"height":461,"url":"https:\/\/ubirataonline.com.br\/wp-content\/uploads\/2026\/03\/Gilmar-ve-explicacao-insuficiente-e-da-72-horas-para-MPRJ.gif","type":"image\/gif"}],"author":"REDA\u00c7\u00c3O: UBIRAT\u00c3 ONLINE - F\u00c1BIO AUGUSTO CELESTINO","twitter_card":"summary_large_image","twitter_creator":"@x.com\/ubirataonline","twitter_site":"@ubirataonline","twitter_misc":{"Written by":"REDA\u00c7\u00c3O: UBIRAT\u00c3 ONLINE - F\u00c1BIO AUGUSTO CELESTINO","Est. reading time":"1 minute"},"schema":{"@context":"https:\/\/schema.org","@graph":[{"@type":"NewsArticle","@id":"https:\/\/ubirataonline.com.br\/morador-de-rua-e-levado-a-delegacia-apos-ameacar-vizinhos-em-cascavel\/#article","isPartOf":{"@id":"https:\/\/ubirataonline.com.br\/morador-de-rua-e-levado-a-delegacia-apos-ameacar-vizinhos-em-cascavel\/"},"author":{"name":"REDA\u00c7\u00c3O: UBIRAT\u00c3 ONLINE - F\u00c1BIO AUGUSTO CELESTINO","@id":"https:\/\/ubirataonline.com.br\/#\/schema\/person\/372f87bbd3fdd79b8556b84c98d0bc1c"},"headline":"Morador de rua \u00e9 levado \u00e0 delegacia ap\u00f3s amea\u00e7ar vizinhos em Cascavel","datePublished":"2026-04-06T00:38:49+00:00","dateModified":"2026-04-06T00:38:51+00:00","mainEntityOfPage":{"@id":"https:\/\/ubirataonline.com.br\/morador-de-rua-e-levado-a-delegacia-apos-ameacar-vizinhos-em-cascavel\/"},"wordCount":239,"publisher":{"@id":"https:\/\/ubirataonline.com.br\/#organization"},"image":{"@id":"https:\/\/ubirataonline.com.br\/morador-de-rua-e-levado-a-delegacia-apos-ameacar-vizinhos-em-cascavel\/#primaryimage"},"thumbnailUrl":"https:\/\/ubirataonline.com.br\/wp-content\/uploads\/2026\/03\/Gilmar-ve-explicacao-insuficiente-e-da-72-horas-para-MPRJ.gif","keywords":["amea\u00e7ar","ap\u00f3s","cascavel","delegacia","levado","morador","Rua","vizinhos"],"articleSection":["Ubirat\u00e3"],"inLanguage":"en-US","copyrightYear":"2026","copyrightHolder":{"@id":"https:\/\/ubirataonline.com.br\/en\/#organization"}},{"@type":"WebPage","@id":"https:\/\/ubirataonline.com.br\/morador-de-rua-e-levado-a-delegacia-apos-ameacar-vizinhos-em-cascavel\/","url":"https:\/\/ubirataonline.com.br\/morador-de-rua-e-levado-a-delegacia-apos-ameacar-vizinhos-em-cascavel\/","name":"Morador de rua \u00e9 levado \u00e0 delegacia ap\u00f3s amea\u00e7ar vizinhos em Cascavel - Ubirat\u00e3 Online Not\u00edcias - A realidade ao seu alcance!","isPartOf":{"@id":"https:\/\/ubirataonline.com.br\/#website"},"primaryImageOfPage":{"@id":"https:\/\/ubirataonline.com.br\/morador-de-rua-e-levado-a-delegacia-apos-ameacar-vizinhos-em-cascavel\/#primaryimage"},"image":{"@id":"https:\/\/ubirataonline.com.br\/morador-de-rua-e-levado-a-delegacia-apos-ameacar-vizinhos-em-cascavel\/#primaryimage"},"thumbnailUrl":"https:\/\/ubirataonline.com.br\/wp-content\/uploads\/2026\/03\/Gilmar-ve-explicacao-insuficiente-e-da-72-horas-para-MPRJ.gif","datePublished":"2026-04-06T00:38:49+00:00","dateModified":"2026-04-06T00:38:51+00:00","description":"Na noite deste domingo (5), a Guarda Civil Patrimonial de Cascavel encaminhou um homem, morador de rua, \u00e0 10\u00aa Central de Flagrantes ap\u00f3s den\u00fancias de","breadcrumb":{"@id":"https:\/\/ubirataonline.com.br\/morador-de-rua-e-levado-a-delegacia-apos-ameacar-vizinhos-em-cascavel\/#breadcrumb"},"inLanguage":"en-US","potentialAction":[{"@type":"ReadAction","target":["https:\/\/ubirataonline.com.br\/morador-de-rua-e-levado-a-delegacia-apos-ameacar-vizinhos-em-cascavel\/"]}]},{"@type":"ImageObject","inLanguage":"en-US","@id":"https:\/\/ubirataonline.com.br\/morador-de-rua-e-levado-a-delegacia-apos-ameacar-vizinhos-em-cascavel\/#primaryimage","url":"https:\/\/ubirataonline.com.br\/wp-content\/uploads\/2026\/03\/Gilmar-ve-explicacao-insuficiente-e-da-72-horas-para-MPRJ.gif","contentUrl":"https:\/\/ubirataonline.com.br\/wp-content\/uploads\/2026\/03\/Gilmar-ve-explicacao-insuficiente-e-da-72-horas-para-MPRJ.gif","width":768,"height":461,"caption":"Gilmar v\u00ea explica\u00e7\u00e3o insuficiente e d\u00e1 72 horas para MPRJ explicar pagamento de penduricalhos"},{"@type":"BreadcrumbList","@id":"https:\/\/ubirataonline.com.br\/morador-de-rua-e-levado-a-delegacia-apos-ameacar-vizinhos-em-cascavel\/#breadcrumb","itemListElement":[{"@type":"ListItem","position":1,"name":"In\u00edcio","item":"https:\/\/ubirataonline.com.br\/"},{"@type":"ListItem","position":2,"name":"Morador de rua \u00e9 levado \u00e0 delegacia ap\u00f3s amea\u00e7ar vizinhos em Cascavel"}]},{"@type":"WebSite","@id":"https:\/\/ubirataonline.com.br\/#website","url":"https:\/\/ubirataonline.com.br\/","name":"Ubirat\u00e3 Online Not\u00edcias","description":"Not\u00edcias de Ubirat\u00e3, regi\u00e3o, Brasil e mundo, com informa\u00e7\u00e3o atualizada e compromisso com o leitor.","publisher":{"@id":"https:\/\/ubirataonline.com.br\/#organization"},"alternateName":"Ubirat\u00e3 Online","potentialAction":[{"@type":"SearchAction","target":{"@type":"EntryPoint","urlTemplate":"https:\/\/ubirataonline.com.br\/?s={search_term_string}"},"query-input":{"@type":"PropertyValueSpecification","valueRequired":true,"valueName":"search_term_string"}}],"inLanguage":"en-US"},{"@type":["Organization","Place"],"@id":"https:\/\/ubirataonline.com.br\/#organization","name":"Ubirat\u00e3 Online Not\u00edcias","alternateName":"Ubirat\u00e3 Online","url":"https:\/\/ubirataonline.com.br\/","logo":{"@id":"https:\/\/ubirataonline.com.br\/morador-de-rua-e-levado-a-delegacia-apos-ameacar-vizinhos-em-cascavel\/#local-main-organization-logo"},"image":{"@id":"https:\/\/ubirataonline.com.br\/morador-de-rua-e-levado-a-delegacia-apos-ameacar-vizinhos-em-cascavel\/#local-main-organization-logo"},"sameAs":["https:\/\/www.facebook.com\/portalubirataonline","https:\/\/x.com\/ubirataonline","https:\/\/mastodon.social\/@ubirataonline","https:\/\/www.facebook.com\/groups\/311144672285604","https:\/\/www.facebook.com\/UBTAOnline","https:\/\/www.instagram.com\/portalubirataonline\/","https:\/\/twitter.com\/ubirataonline"],"description":"Somos um portal de not\u00edcias independente, criado em 5 de janeiro de 2009, com o objetivo de informar, conectar e valorizar a nossa comunidade de Ubirat\u00e3 e toda aregi\u00e3o. Com conte\u00fado atualizado, confi\u00e1vel e relevante, o Ubirat\u00e3 Online \u00e9 o seu espa\u00e7o para ficar por dentro dos principais acontecimentos locais, regionais, Brasil, Mundo e de interesse geral. Nosso compromisso \u00e9 com a verdade, a transpar\u00eancia e o respeito ao leitor.","legalName":"UBIRATA ONLINE NOT\u00cdCIAS","foundingDate":"2009-01-05","numberOfEmployees":{"@type":"QuantitativeValue","minValue":"1","maxValue":"10"},"publishingPrinciples":"https:\/\/ubirataonline.com.br\/faq\/","address":{"@id":"https:\/\/ubirataonline.com.br\/morador-de-rua-e-levado-a-delegacia-apos-ameacar-vizinhos-em-cascavel\/#local-main-place-address"},"geo":{"@type":"GeoCoordinates","latitude":"-24.5361401","longitude":"-52.9921776"},"telephone":["+5544998308235"],"contactPoint":{"@type":"ContactPoint","email":"contato@ubirataonline.com.br"},"openingHoursSpecification":{"@type":"OpeningHoursSpecification","dayOfWeek":["Monday","Tuesday","Wednesday","Thursday","Friday","Saturday","Sunday"],"opens":"00:00","closes":"23:59"},"email":"contato@ubirataonline.com.br","vatID":"47.621.418\/0001-80"},{"@type":"Person","@id":"https:\/\/ubirataonline.com.br\/#\/schema\/person\/372f87bbd3fdd79b8556b84c98d0bc1c","name":"REDA\u00c7\u00c3O: UBIRAT\u00c3 ONLINE - F\u00c1BIO AUGUSTO CELESTINO","pronouns":"Ele","description":"Desde 2003 trabalhando com not\u00edcias.","sameAs":["http:\/\/ubirataoline.com.br","https:\/\/www.facebook.com\/portalubirataonline","https:\/\/www.instagram.com\/ubirataonline_oficial","https:\/\/x.com\/x.com\/ubirataonline"],"honorificPrefix":"Mr.","honorificSuffix":"MD","birthDate":"1980-06-16","gender":"masculino","award":["V\u00e1rios pr\u00eamios de melhor portal da cidade"],"jobTitle":"Diretor","url":"https:\/\/ubirataonline.com.br\/en\/author\/ubirataonline\/"},{"@type":"PostalAddress","@id":"https:\/\/ubirataonline.com.br\/morador-de-rua-e-levado-a-delegacia-apos-ameacar-vizinhos-em-cascavel\/#local-main-place-address","streetAddress":"Rua dos Coqueiros, 104 - Bairro Boa Vista, Rua dos Coqueiros, 104 Bairro Boa Vista","addressLocality":"UBIRATA","postalCode":"85440-000","addressRegion":"PR","addressCountry":"BR"},{"@type":"ImageObject","inLanguage":"en-US","@id":"https:\/\/ubirataonline.com.br\/morador-de-rua-e-levado-a-delegacia-apos-ameacar-vizinhos-em-cascavel\/#local-main-organization-logo","url":"https:\/\/ubirataonline.com.br\/wp-content\/uploads\/2026\/06\/logoubirataonline-1.webp","contentUrl":"https:\/\/ubirataonline.com.br\/wp-content\/uploads\/2026\/06\/logoubirataonline-1.webp","width":500,"height":500,"caption":"Ubirat\u00e3 Online Not\u00edcias"}]},"geo.placename":"UBIRATA","geo.position":{"lat":"-24.5361401","long":"-52.9921776"},"geo.region":"Brazil"},"_links":{"self":[{"href":"https:\/\/ubirataonline.com.br\/en\/wp-json\/wp\/v2\/posts\/99557","targetHints":{"allow":["GET"]}}],"collection":[{"href":"https:\/\/ubirataonline.com.br\/en\/wp-json\/wp\/v2\/posts"}],"about":[{"href":"https:\/\/ubirataonline.com.br\/en\/wp-json\/wp\/v2\/types\/post"}],"author":[{"embeddable":true,"href":"https:\/\/ubirataonline.com.br\/en\/wp-json\/wp\/v2\/users\/1"}],"replies":[{"embeddable":true,"href":"https:\/\/ubirataonline.com.br\/en\/wp-json\/wp\/v2\/comments?post=99557"}],"version-history":[{"count":0,"href":"https:\/\/ubirataonline.com.br\/en\/wp-json\/wp\/v2\/posts\/99557\/revisions"}],"wp:featuredmedia":[{"embeddable":true,"href":"https:\/\/ubirataonline.com.br\/en\/wp-json\/wp\/v2\/media\/92994"}],"wp:attachment":[{"href":"https:\/\/ubirataonline.com.br\/en\/wp-json\/wp\/v2\/media?parent=99557"}],"wp:term":[{"taxonomy":"category","embeddable":true,"href":"https:\/\/ubirataonline.com.br\/en\/wp-json\/wp\/v2\/categories?post=99557"},{"taxonomy":"post_tag","embeddable":true,"href":"https:\/\/ubirataonline.com.br\/en\/wp-json\/wp\/v2\/tags?post=99557"}],"curies":[{"name":"wp","href":"https:\/\/api.w.org\/{rel}","templated":true}]}}