{"id":99568,"date":"2026-04-05T22:53:49","date_gmt":"2026-04-06T01:53:49","guid":{"rendered":"https:\/\/ubirataonline.com.br\/capital-e-a-que-mais-recebe-cubanos-do-pais\/"},"modified":"2026-04-05T22:53:51","modified_gmt":"2026-04-06T01:53:51","slug":"capital-e-a-que-mais-recebe-cubanos-do-pais","status":"publish","type":"post","link":"https:\/\/ubirataonline.com.br\/en\/capital-e-a-que-mais-recebe-cubanos-do-pais\/","title":{"rendered":"capital \u00e9 a que mais recebe cubanos do pa\u00eds"},"content":{"rendered":"<p><\/p>\n<div id=\"post-content\">\n<p>Curitiba tornou-se a nova <strong>Miami<\/strong>, mas n\u00e3o pelas praias, outlets ou pela agitada vida noturna. A intensa capital da Fl\u00f3rida, que por muitos anos recebeu imigrantes e influ\u00eancia cubana, j\u00e1 n\u00e3o \u00e9 mais o destino preferido de quem quer sair da ilha caribenha, principalmente pelas mudan\u00e7as das pol\u00edticas migrat\u00f3rias dos EUA. Desde o <strong>fim da pandemia da Covid-19<\/strong>, a capital paranaense tornou-se a cidade que mais atrai cubanos de todo o pa\u00eds.<\/p>\n<p>Os n\u00fameros do <strong>Observat\u00f3rio Regional de Governan\u00e7a Migrat\u00f3ria do Paran\u00e1 <\/strong>confirmam o aumento do fluxo migrat\u00f3rio para Curitiba. Hoje, o Paran\u00e1 \u00e9 o estado que mais recebe refugiados de Cuba de todo o pa\u00eds. Se em 2021, foram registrados 104 solicita\u00e7\u00f5es de ref\u00fagio de cubanos em todo o Paran\u00e1, em 2022 os registros chegaram a 853, e a 3.073 em 2023. Os n\u00fameros continuam subindo, e atingiram um pico em 2025: foram no ano passado 3.695 pedidos de ref\u00fagio.<\/p>\n<p>Em apenas tr\u00eas meses de 2026, 711 cubanos pediram ref\u00fagio no Paran\u00e1. Curitiba lidera as solicita\u00e7\u00f5es. Do total de 11.858, 73% (ou 8.706) dos refugiados est\u00e3o na capital. <\/p>\n<p>Para o superintendente-geral de Governan\u00e7a Migrat\u00f3ria do Paran\u00e1, Gil Souza, o n\u00famero de refugiados de Cuba n\u00e3o para de crescer em Curitiba. \u201cO perfil da imigra\u00e7\u00e3o cubana, que era antes do programa Mais M\u00e9dicos, mudou. Hoje fam\u00edlias inteiras est\u00e3o vindo para c\u00e1, jovens, diante das incertezas. Muitos deles com forma\u00e7\u00e3o, Ensino Superior, que buscam uma oportunidade aqui para fugir dos problemas pol\u00edticos e sociais de Cuba. <\/p>\n<h2 class=\"wp-block-heading\" id=\"h-o-que-acontece-em-cuba\">O que acontece em Cuba?<\/h2>\n<p>A Revolu\u00e7\u00e3o Cubana, liderada por Fidel Castro no final da d\u00e9cada de 1950, levou uma pol\u00edtica nacionalista, anti-imperialista e popular. Em busca de uma soberania, o pa\u00eds se aliou \u00e0 Uni\u00e3o Sovi\u00e9tica e adotou o socialismo como modelo econ\u00f4mico e social \u2013 em que o estado assume o controle total da economia.<\/p>\n<p>\u201cCuba foi um pa\u00eds pr\u00f3spero, numa \u00e9poca que exportava itens b\u00e1sicos. Mas, de 1959 para c\u00e1, a deteriora\u00e7\u00e3o foi acontecendo e isso n\u00e3o pode ser romantizado. <strong>Cuba parou diante de um modelo falido de socialismo. <\/strong>\u00c9 errado dizer que apenas as san\u00e7\u00f5es dos Estados Unidos sobre a ilha provocaram a crise, foram tamb\u00e9m todas as escolhas pol\u00edticas do pa\u00eds que acabaram freando o crescimento\u201d, explica o professor de geopol\u00edtica e pesquisador em neg\u00f3cios internacionais da PUC-PR Jo\u00e3o Alfredo Nyegray.<\/p>\n<p>Ap\u00f3s a pandemia da Covid-19, a situa\u00e7\u00e3o se agravou consideravelmente. \u201cH\u00e1 crises, a situa\u00e7\u00e3o energ\u00e9tica \u00e9 grave, h\u00e1 interrup\u00e7\u00e3o de servi\u00e7os essenciais e escassez de combust\u00edvel, que s\u00f3 tem agravado nos \u00faltimos cinco anos. N\u00e3o \u00e9 um colapso gradual, \u00e9 uma economia que gera escassez, que gera mais crise, mais controle. H\u00e1 uma baixa capacidade de melhorar a situa\u00e7\u00e3o\u201d, pontua o professor.<\/p>\n<h2 class=\"wp-block-heading\" id=\"h-liberdade\">Liberdade!<\/h2>\n<p>Se na teoria geopol\u00edtica os motivos s\u00e3o pol\u00edticos, na pr\u00e1tica, o que move quem atravessa o continente \u00e9 a busca por algo subjetivo: <strong>a liberdade<\/strong>. Ao encontrar boas condi\u00e7\u00f5es de trabalho e de vida em Curitiba, os cubanos daqui avisam amigos e familiares, que tamb\u00e9m procuram migrar e buscar ref\u00fagio na capital.<\/p>\n<p>Dianelis Paret, de 38 anos, era cabeleireira em Cuba e mudou-se h\u00e1 poucos meses para Curitiba. Viu no Brasil uma oportunidade para cuidar da sa\u00fade. Diante das crises de asma, a falta de medicamento em Cuba fortaleceu a ideia de sair do pa\u00eds definitivamente \u2013 mesmo que para isso precisou enfrentar dias de viagem. Entrou no Brasil por Boa Vista (RR) e veio at\u00e9 Curitiba de \u00f4nibus \u2013 um total de 9.800 km, quase cinco dias de estrada.<\/p>\n<figure class=\"wp-block-image size-post_image\"><figcaption class=\"wp-element-caption\">Equipe do restaurante Avenida Paulista, formada por imigrantes cubanos. Foto: Elo\u00e1 Cruz \/ Tribuna do Paran\u00e1.<\/figcaption><\/figure>\n<p>Uma longa viagem, tensa e cansativa, mas que valeu a pena. \u201cA minha fam\u00edlia n\u00e3o vivia bem. E depois da Covid-19, ficou tudo muito pior. Sem alimentos, sem medicamentos. Com o racionamento de energia, temos apenas duas horas de luz em casa por dia. Voc\u00ea precisa fazer tudo que precisa nesse tempo: celular, internet, banho\u201d.<\/p>\n<p>Em Curitiba, ela garantiu atendimento m\u00e9dico, iniciou o tratamento da asma, p\u00f4de comprar alimentos, roupas. A primeira compra no supermercado ao chegar aqui? <strong>Ovos<\/strong>. Na ilha caribenha, h\u00e1 limite de 5 unidades de ovo por pessoa.<\/p>\n<p>Muitos dos cubanos que chegam na capital possuem bom n\u00edvel de escolaridade, mas enfrentam barreiras para poder revalidar os diplomas por aqui. A m\u00e9dica generalista Aime Dager, de 34 anos, trabalha como auxiliar de cozinha na pizzaria Avenida Paulista, mas sonha em trabalhar na sua \u00e1rea de forma\u00e7\u00e3o. <\/p>\n<p>Em Cuba, diante da desvaloriza\u00e7\u00e3o da moeda e infla\u00e7\u00e3o, seu sal\u00e1rio como m\u00e9dica ficava em torno de R$ 100 por m\u00eas, na convers\u00e3o. A situa\u00e7\u00e3o \u00e9 mais prec\u00e1ria ainda para quem \u00e9 aposentado ou pensionista, o sal\u00e1rio mensal fica em apenas R$ 15 \u2013 cobrindo muito pouco as despesas gerais dom\u00e9sticas, alimenta\u00e7\u00e3o e sa\u00fade.<\/p>\n<p>Por isso, uma vida no Brasil \u00e9 t\u00e3o atraente. Os imigrantes daqui conseguem se sustentar e ainda enviar dinheiro para a fam\u00edlia.<\/p>\n<h2 class=\"wp-block-heading\" id=\"h-por-que-curitiba-chama-tanto-a-atencao-dos-cubanos\">Por que Curitiba chama tanto a aten\u00e7\u00e3o dos cubanos?<\/h2>\n<p>Mais que um clima agrad\u00e1vel e uma cidade bem arborizada e esteticamente bonita, Curitiba oferece ao imigrante a chance de uma boa vaga de trabalho, custo de vida baixo em rela\u00e7\u00e3o a outras capitais, baixos \u00edndices de viol\u00eancia, boa mobilidade urbana. \u201cUm ponto interessante \u00e9 que aqui estamos num momento econ\u00f4mico com muitas vagas em aberto, que n\u00e3o est\u00e3o se fechando. \u00c9 muita oferta de emprego. \u00c9 um excelente lugar para um recome\u00e7o\u201d, salienta o superintendente Gil Souza.<\/p>\n<p>A popula\u00e7\u00e3o de imigrantes tem contribu\u00eddo para o desenvolvimento do Estado, garante Gil. \u201cEle n\u00e3o ocupa o lugar de um brasileiro, porque tem fun\u00e7\u00f5es que o brasileiro n\u00e3o est\u00e1 mais disposto a realizar. Nesse momento, <strong>a vinda dos imigrantes tem sido uma b\u00ean\u00e7\u00e3o para o Paran\u00e1<\/strong>, eles v\u00eam de encontro com a oportunidade\u201d.<\/p>\n<p>Propriet\u00e1rio do restaurante Avenida Paulista, Roberto Magnani, viu na contrata\u00e7\u00e3o de cubanos esta oportunidade. H\u00e1 mais ou menos 2 anos, o empres\u00e1rio passou a acolher os imigrantes, com ensino e treinamento. \u201cFocamos em completar o quadro de trabalho, focando na dignidade. Formamos v\u00e1rios profissionais na \u00e1rea da gastronomia, ao ponto que hoje temos tr\u00eas l\u00edderes cubanos na casa. O pessoal vai ascendendo\u201d, revela. Hoje o restaurante conta com um staff de sete cubanos. <\/p>\n<p>Well Ferreira, chef de cozinha, realizou o recrutamento de perto e \u00e9 satisfeito com a equipe. \u201cN\u00e3o se tem atestado, nem faltas, nunca me deixaram na m\u00e3o. Existe uma rela\u00e7\u00e3o de cumplicidade. Eles hoje fazem parte de uma hist\u00f3ria que eu constru\u00ed na Avenida Paulista. N\u00e3o existe chef Well sem os cubanos\u201d.<\/p>\n<h2 class=\"wp-block-heading\" id=\"h-agencia-do-migrante\">Ag\u00eancia do Migrante<\/h2>\n<p>Em Curitiba, a Ag\u00eancia do Migrante, \u00e9 a primeira estrutura p\u00fablica estadual do pa\u00eds que oferece atendimento a imigrantes, refugiados e ap\u00e1tridas. Inaugurada em novembro do ano passado, ela oferece aux\u00edlio com documenta\u00e7\u00e3o, encaminhamento para vagas de emprego, atendimento psicossocial, acesso a pol\u00edticas p\u00fablicas como escola e encaminhamento para assist\u00eancia m\u00e9dica gratuita.<\/p>\n<p>Funciona na <strong>Avenida Marechal Deodoro, 806<\/strong>, de segunda a sexta-feira, das 8 \u00e0s 17 horas.<\/p>\n<section class=\"virals\">\n<article class=\"cardnews cardnews--post cardnews--has-thumbnail cardnews--editorial-noticias\"> <a href=\"https:\/\/www.tribunapr.com.br\/noticias\/curitiba-regiao\/vereador-perdeu-pia-e-investigado-por-usar-gm-para-se-autopromove?utm_source=noticias-virais-rodape&amp;utm_medium=internal-tribuna&amp;utm_campaign=tribuna\" class=\"cardnews__postlink\"> <\/p>\n<div class=\"cardnews__image\" is-api-thumb=\"\"><img decoding=\"async\" src=\"https:\/\/www.tribunapr.com.br\/wp-content\/uploads\/2026\/03\/27182231\/perdeu-pia-GM-370x210.jpeg\" loading=\"lazy\" alt=\"Vereador Perdeu Pi\u00e1 \u00e9 investigado por usar GM para se autopromover\"\/><\/div>\n<div class=\"cardnews__content cardhome__content\">\n<div class=\"cardnews__content-wrapper\">\n<p> <span style=\"\"> De olho! <\/span> <\/p>\n<p>Vereador Perdeu Pi\u00e1 \u00e9 investigado por usar GM para se autopromover<\/p>\n<\/p><\/div>\n<\/p><\/div>\n<p> <\/a> <\/article>\n<article class=\"cardnews cardnews--post cardnews--has-thumbnail cardnews--editorial-noticias\"> <a href=\"https:\/\/www.tribunapr.com.br\/noticias\/parana\/parana-pode-sentir-efeitos-do-el-nino-a-partir-de-julho-o-que-esperar\/?utm_source=noticias-virais-rodape&amp;utm_medium=internal-tribuna&amp;utm_campaign=tribuna\" class=\"cardnews__postlink\"> <\/p>\n<div class=\"cardnews__image\" is-api-thumb=\"\"><img decoding=\"async\" src=\"https:\/\/www.tribunapr.com.br\/wp-content\/uploads\/2026\/02\/20182305\/chuvas-370x210.jpg\" loading=\"lazy\" alt=\"Paran\u00e1 pode sentir efeitos do El Ni\u00f1o a partir de julho; o que esperar\"\/><\/div>\n<div class=\"cardnews__content cardhome__content\">\n<div class=\"cardnews__content-wrapper\">\n<p> <span style=\"\"> Alerta <\/span> <\/p>\n<p>Paran\u00e1 pode sentir efeitos do El Ni\u00f1o a partir de julho; o que esperar<\/p>\n<\/p><\/div>\n<\/p><\/div>\n<p> <\/a> <\/article>\n<article class=\"cardnews cardnews--post cardnews--has-thumbnail cardnews--editorial-noticias\"> <a href=\"https:\/\/www.tribunapr.com.br\/noticias\/parana\/roteiro-inusitado-parana-coleciona-estatuas-peculiares-pelo-interior\/ C?utm_source=noticias-virais-rodape&amp;utm_medium=internal-tribuna&amp;utm_campaign=tribuna\" class=\"cardnews__postlink\"> <\/p>\n<div class=\"cardnews__image\" is-api-thumb=\"\"><img decoding=\"async\" src=\"https:\/\/www.tribunapr.com.br\/wp-content\/uploads\/2026\/01\/15072039\/falecimentos-em-curitiba-370x210.jpg\" loading=\"lazy\" alt=\"Roteiro inusitado: Paran\u00e1 coleciona est\u00e1tuas peculiares pelo interior \"\/><\/div>\n<div class=\"cardnews__content cardhome__content\">\n<div class=\"cardnews__content-wrapper\">\n<p> <span style=\"\"> Belezas do Paran\u00e1 <\/span> <\/p>\n<p>Roteiro inusitado: Paran\u00e1 coleciona est\u00e1tuas peculiares pelo interior <\/p>\n<\/p><\/div>\n<\/p><\/div>\n<p> <\/a> <\/article>\n<\/section>\n<div id=\"tribuna-follow-cta\">\n<p> <span class=\"cta-title\">Siga a <span class=\"tribuna-color\">Tribuna<\/span> no Google, e acompanhe as \u00faltimas not\u00edcias de Curitiba e regi\u00e3o!<\/span> <\/p>\n<p> <a href=\"https:\/\/profile.google.com\/cp\/CgwvZy8xMmxxajUzM3Mac2h0dHBzOi8vd3d3LnRyaWJ1bmFwci5jb20uYnIvdml2YS92aXRyaW5lL2dpZ2FudGUtZG8tdmVzdHVhcmlvLXJlaW5hdWd1cmEtbG9qYS1lbS1zaG9wcGluZy10cmFkaWNpb25hbC1kZS1jdXJpdGliYS8iElRyaWJ1bmEgZG8gUGFyYW7DoSqAAwrHAWh0dHBzOi8vZW5jcnlwdGVkLXRibjIuZ3N0YXRpYy5jb20vZmF2aWNvbi10Ym4_cT10Ym46QU5kOUdjUVJPbjVDRjR6TzJPbkUwTXZrRlRCRTY2U0g1bGlaVDRaZTV3bWNKeU5GRm1BSnluM01nNU9PR3BXY1pYMzZwYU5HUWtsZ09JVEFLTTNNZVNGbTc1aWp6M3k2ajUtQ3M2b25kX2JUcFFQQkVLd3RsUjBsTmJESnUtVHhrNXQtbFlCNlVpOWZSVVFjT2cSswFodHRwczovL2VuY3J5cHRlZC10Ym4zLmdzdGF0aWMuY29tL2Zhdmljb24tdGJuP3E9dGJuJTNBQU5kOUdjU0FMaWJ2eFF0YXdFMFRueVdWWmVKRS1MZEdRZjVTUi1OZ2RMazhyZzIwVy1nM0JuQ1F4VDNKZFBjRXR2THdBeVRxUDJEdHVycEdVR29CQkxpYzM5al9wSmFxRERaMHNCYW05WEVhSGVsMmZTQmdKdlF4WWVyMw\" target=\"_blank\" title=\"Seguir a Tribuna no Google\">  <\/a> <\/div>\n<\/p><\/div>\n<p><a href=\"https:\/\/www.tribunapr.com.br\/noticias\/curitiba-regiao\/curitiba-e-a-nova-miami-capital-e-a-que-mais-recebe-cubanos-do-brasil\/\">Fonte do Artigo <\/a><\/p>","protected":false},"excerpt":{"rendered":"<p>Curitiba tornou-se a nova Miami, mas n\u00e3o pelas praias, outlets ou pela agitada vida noturna. A intensa capital da Fl\u00f3rida, que por muitos anos recebeu imigrantes e influ\u00eancia cubana, j\u00e1 n\u00e3o \u00e9 mais o destino preferido de quem quer sair da ilha caribenha, principalmente pelas mudan\u00e7as das pol\u00edticas migrat\u00f3rias dos EUA. Desde o fim da [&hellip;]<\/p>\n","protected":false},"author":1,"featured_media":99569,"comment_status":"closed","ping_status":"","sticky":false,"template":"","format":"standard","meta":{"googlesitekit_rrm_CAow2JLhCw:productID":"","_gspb_post_css":"","maa_idioma":"","maa_pais":"","footnotes":""},"categories":[1],"tags":[3772,24952,2926,3598,4093],"class_list":["post-99568","post","type-post","status-publish","format-standard","has-post-thumbnail","hentry","category-ubirata","tag-capital","tag-cubanos","tag-mais","tag-pais","tag-recebe"],"blocksy_meta":[],"yoast_head":"<!-- This site is optimized with the Yoast SEO Premium plugin v27.6 (Yoast SEO v27.6) - https:\/\/yoast.com\/product\/yoast-seo-premium-wordpress\/ -->\n<title>capital \u00e9 a que mais recebe cubanos do pa\u00eds - Ubirat\u00e3 Online Not\u00edcias - A realidade ao seu alcance!<\/title>\n<meta name=\"description\" content=\"Curitiba tornou-se a nova Miami, mas n\u00e3o pelas praias, outlets ou pela agitada vida noturna. A intensa capital da Fl\u00f3rida, que por muitos anos recebeu\" \/>\n<meta name=\"robots\" content=\"index, follow, max-snippet:-1, max-image-preview:large, max-video-preview:-1\" \/>\n<link rel=\"canonical\" href=\"https:\/\/ubirataonline.com.br\/en\/capital-e-a-que-mais-recebe-cubanos-do-pais\/\" \/>\n<meta property=\"og:locale\" content=\"en_US\" \/>\n<meta property=\"og:type\" content=\"article\" \/>\n<meta property=\"og:title\" content=\"capital \u00e9 a que mais recebe cubanos do pa\u00eds\" \/>\n<meta property=\"og:description\" content=\"Curitiba tornou-se a nova Miami, mas n\u00e3o pelas praias, outlets ou pela agitada vida noturna. A intensa capital da Fl\u00f3rida, que por muitos anos recebeu\" \/>\n<meta property=\"og:url\" content=\"https:\/\/ubirataonline.com.br\/en\/capital-e-a-que-mais-recebe-cubanos-do-pais\/\" \/>\n<meta property=\"og:site_name\" content=\"Ubirat\u00e3 Online Not\u00edcias - A realidade ao seu alcance!\" \/>\n<meta property=\"article:publisher\" content=\"https:\/\/www.facebook.com\/portalubirataonline\" \/>\n<meta property=\"article:author\" content=\"https:\/\/www.facebook.com\/portalubirataonline\" \/>\n<meta property=\"article:published_time\" content=\"2026-04-06T01:53:49+00:00\" \/>\n<meta property=\"article:modified_time\" content=\"2026-04-06T01:53:51+00:00\" \/>\n<meta property=\"og:image\" content=\"https:\/\/ubirataonline.com.br\/wp-content\/uploads\/2026\/04\/capital-e-a-que-mais-recebe-cubanos-do-pais.jpg\" \/>\n\t<meta property=\"og:image:width\" content=\"1280\" \/>\n\t<meta property=\"og:image:height\" content=\"720\" \/>\n\t<meta property=\"og:image:type\" content=\"image\/jpeg\" \/>\n<meta name=\"author\" content=\"REDA\u00c7\u00c3O: UBIRAT\u00c3 ONLINE - F\u00c1BIO AUGUSTO CELESTINO\" \/>\n<meta name=\"twitter:card\" content=\"summary_large_image\" \/>\n<meta name=\"twitter:creator\" content=\"@x.com\/ubirataonline\" \/>\n<meta name=\"twitter:site\" content=\"@ubirataonline\" \/>\n<meta name=\"twitter:label1\" content=\"Written by\" \/>\n\t<meta name=\"twitter:data1\" content=\"REDA\u00c7\u00c3O: UBIRAT\u00c3 ONLINE - F\u00c1BIO AUGUSTO CELESTINO\" \/>\n\t<meta name=\"twitter:label2\" content=\"Est. reading time\" \/>\n\t<meta name=\"twitter:data2\" content=\"6 minutes\" \/>\n<script type=\"application\/ld+json\" class=\"yoast-schema-graph\">{\"@context\":\"https:\\\/\\\/schema.org\",\"@graph\":[{\"@type\":\"NewsArticle\",\"@id\":\"https:\\\/\\\/ubirataonline.com.br\\\/capital-e-a-que-mais-recebe-cubanos-do-pais\\\/#article\",\"isPartOf\":{\"@id\":\"https:\\\/\\\/ubirataonline.com.br\\\/capital-e-a-que-mais-recebe-cubanos-do-pais\\\/\"},\"author\":{\"name\":\"REDA\u00c7\u00c3O: UBIRAT\u00c3 ONLINE - F\u00c1BIO AUGUSTO CELESTINO\",\"@id\":\"https:\\\/\\\/ubirataonline.com.br\\\/#\\\/schema\\\/person\\\/372f87bbd3fdd79b8556b84c98d0bc1c\"},\"headline\":\"capital \u00e9 a que mais recebe cubanos do pa\u00eds\",\"datePublished\":\"2026-04-06T01:53:49+00:00\",\"dateModified\":\"2026-04-06T01:53:51+00:00\",\"mainEntityOfPage\":{\"@id\":\"https:\\\/\\\/ubirataonline.com.br\\\/capital-e-a-que-mais-recebe-cubanos-do-pais\\\/\"},\"wordCount\":1290,\"publisher\":{\"@id\":\"https:\\\/\\\/ubirataonline.com.br\\\/#organization\"},\"image\":{\"@id\":\"https:\\\/\\\/ubirataonline.com.br\\\/capital-e-a-que-mais-recebe-cubanos-do-pais\\\/#primaryimage\"},\"thumbnailUrl\":\"https:\\\/\\\/ubirataonline.com.br\\\/wp-content\\\/uploads\\\/2026\\\/04\\\/capital-e-a-que-mais-recebe-cubanos-do-pais.jpg\",\"keywords\":[\"Capital\",\"cubanos\",\"mais\",\"pa\u00eds\",\"recebe\"],\"articleSection\":[\"Ubirat\u00e3\"],\"inLanguage\":\"en-US\",\"copyrightYear\":\"2026\",\"copyrightHolder\":{\"@id\":\"https:\\\/\\\/ubirataonline.com.br\\\/en\\\/#organization\"}},{\"@type\":\"WebPage\",\"@id\":\"https:\\\/\\\/ubirataonline.com.br\\\/capital-e-a-que-mais-recebe-cubanos-do-pais\\\/\",\"url\":\"https:\\\/\\\/ubirataonline.com.br\\\/capital-e-a-que-mais-recebe-cubanos-do-pais\\\/\",\"name\":\"capital \u00e9 a que mais recebe cubanos do pa\u00eds - Ubirat\u00e3 Online Not\u00edcias - A realidade ao seu alcance!\",\"isPartOf\":{\"@id\":\"https:\\\/\\\/ubirataonline.com.br\\\/#website\"},\"primaryImageOfPage\":{\"@id\":\"https:\\\/\\\/ubirataonline.com.br\\\/capital-e-a-que-mais-recebe-cubanos-do-pais\\\/#primaryimage\"},\"image\":{\"@id\":\"https:\\\/\\\/ubirataonline.com.br\\\/capital-e-a-que-mais-recebe-cubanos-do-pais\\\/#primaryimage\"},\"thumbnailUrl\":\"https:\\\/\\\/ubirataonline.com.br\\\/wp-content\\\/uploads\\\/2026\\\/04\\\/capital-e-a-que-mais-recebe-cubanos-do-pais.jpg\",\"datePublished\":\"2026-04-06T01:53:49+00:00\",\"dateModified\":\"2026-04-06T01:53:51+00:00\",\"description\":\"Curitiba tornou-se a nova Miami, mas n\u00e3o pelas praias, outlets ou pela agitada vida noturna. A intensa capital da Fl\u00f3rida, que por muitos anos recebeu\",\"breadcrumb\":{\"@id\":\"https:\\\/\\\/ubirataonline.com.br\\\/capital-e-a-que-mais-recebe-cubanos-do-pais\\\/#breadcrumb\"},\"inLanguage\":\"en-US\",\"potentialAction\":[{\"@type\":\"ReadAction\",\"target\":[\"https:\\\/\\\/ubirataonline.com.br\\\/capital-e-a-que-mais-recebe-cubanos-do-pais\\\/\"]}]},{\"@type\":\"ImageObject\",\"inLanguage\":\"en-US\",\"@id\":\"https:\\\/\\\/ubirataonline.com.br\\\/capital-e-a-que-mais-recebe-cubanos-do-pais\\\/#primaryimage\",\"url\":\"https:\\\/\\\/ubirataonline.com.br\\\/wp-content\\\/uploads\\\/2026\\\/04\\\/capital-e-a-que-mais-recebe-cubanos-do-pais.jpg\",\"contentUrl\":\"https:\\\/\\\/ubirataonline.com.br\\\/wp-content\\\/uploads\\\/2026\\\/04\\\/capital-e-a-que-mais-recebe-cubanos-do-pais.jpg\",\"width\":1280,\"height\":720,\"caption\":\"Foto: Albari Rosa \\\/ arquivo Gazeta do Povo.\"},{\"@type\":\"BreadcrumbList\",\"@id\":\"https:\\\/\\\/ubirataonline.com.br\\\/capital-e-a-que-mais-recebe-cubanos-do-pais\\\/#breadcrumb\",\"itemListElement\":[{\"@type\":\"ListItem\",\"position\":1,\"name\":\"In\u00edcio\",\"item\":\"https:\\\/\\\/ubirataonline.com.br\\\/\"},{\"@type\":\"ListItem\",\"position\":2,\"name\":\"capital \u00e9 a que mais recebe cubanos do pa\u00eds\"}]},{\"@type\":\"WebSite\",\"@id\":\"https:\\\/\\\/ubirataonline.com.br\\\/#website\",\"url\":\"https:\\\/\\\/ubirataonline.com.br\\\/\",\"name\":\"Ubirat\u00e3 Online Not\u00edcias\",\"description\":\"Not\u00edcias de Ubirat\u00e3, regi\u00e3o, Brasil e mundo, com informa\u00e7\u00e3o atualizada e compromisso com o leitor.\",\"publisher\":{\"@id\":\"https:\\\/\\\/ubirataonline.com.br\\\/#organization\"},\"alternateName\":\"Ubirat\u00e3 Online\",\"potentialAction\":[{\"@type\":\"SearchAction\",\"target\":{\"@type\":\"EntryPoint\",\"urlTemplate\":\"https:\\\/\\\/ubirataonline.com.br\\\/?s={search_term_string}\"},\"query-input\":{\"@type\":\"PropertyValueSpecification\",\"valueRequired\":true,\"valueName\":\"search_term_string\"}}],\"inLanguage\":\"en-US\"},{\"@type\":[\"Organization\",\"Place\"],\"@id\":\"https:\\\/\\\/ubirataonline.com.br\\\/#organization\",\"name\":\"Ubirat\u00e3 Online Not\u00edcias\",\"alternateName\":\"Ubirat\u00e3 Online\",\"url\":\"https:\\\/\\\/ubirataonline.com.br\\\/\",\"logo\":{\"@id\":\"https:\\\/\\\/ubirataonline.com.br\\\/capital-e-a-que-mais-recebe-cubanos-do-pais\\\/#local-main-organization-logo\"},\"image\":{\"@id\":\"https:\\\/\\\/ubirataonline.com.br\\\/capital-e-a-que-mais-recebe-cubanos-do-pais\\\/#local-main-organization-logo\"},\"sameAs\":[\"https:\\\/\\\/www.facebook.com\\\/portalubirataonline\",\"https:\\\/\\\/x.com\\\/ubirataonline\",\"https:\\\/\\\/mastodon.social\\\/@ubirataonline\",\"https:\\\/\\\/www.facebook.com\\\/groups\\\/311144672285604\",\"https:\\\/\\\/www.facebook.com\\\/UBTAOnline\",\"https:\\\/\\\/www.instagram.com\\\/portalubirataonline\\\/\",\"https:\\\/\\\/twitter.com\\\/ubirataonline\"],\"description\":\"Somos um portal de not\u00edcias independente, criado em 5 de janeiro de 2009, com o objetivo de informar, conectar e valorizar a nossa comunidade de Ubirat\u00e3 e toda aregi\u00e3o. Com conte\u00fado atualizado, confi\u00e1vel e relevante, o Ubirat\u00e3 Online \u00e9 o seu espa\u00e7o para ficar por dentro dos principais acontecimentos locais, regionais, Brasil, Mundo e de interesse geral. Nosso compromisso \u00e9 com a verdade, a transpar\u00eancia e o respeito ao leitor.\",\"legalName\":\"UBIRATA ONLINE NOT\u00cdCIAS\",\"foundingDate\":\"2009-01-05\",\"numberOfEmployees\":{\"@type\":\"QuantitativeValue\",\"minValue\":\"1\",\"maxValue\":\"10\"},\"publishingPrinciples\":\"https:\\\/\\\/ubirataonline.com.br\\\/faq\\\/\",\"address\":{\"@id\":\"https:\\\/\\\/ubirataonline.com.br\\\/capital-e-a-que-mais-recebe-cubanos-do-pais\\\/#local-main-place-address\"},\"geo\":{\"@type\":\"GeoCoordinates\",\"latitude\":\"-24.5361401\",\"longitude\":\"-52.9921776\"},\"telephone\":[\"+5544998308235\"],\"contactPoint\":{\"@type\":\"ContactPoint\",\"email\":\"contato@ubirataonline.com.br\"},\"openingHoursSpecification\":{\"@type\":\"OpeningHoursSpecification\",\"dayOfWeek\":[\"Monday\",\"Tuesday\",\"Wednesday\",\"Thursday\",\"Friday\",\"Saturday\",\"Sunday\"],\"opens\":\"00:00\",\"closes\":\"23:59\"},\"email\":\"contato@ubirataonline.com.br\",\"vatID\":\"47.621.418\\\/0001-80\"},{\"@type\":\"Person\",\"@id\":\"https:\\\/\\\/ubirataonline.com.br\\\/#\\\/schema\\\/person\\\/372f87bbd3fdd79b8556b84c98d0bc1c\",\"name\":\"REDA\u00c7\u00c3O: UBIRAT\u00c3 ONLINE - F\u00c1BIO AUGUSTO CELESTINO\",\"pronouns\":\"Ele\",\"description\":\"Desde 2003 trabalhando com not\u00edcias.\",\"sameAs\":[\"http:\\\/\\\/ubirataoline.com.br\",\"https:\\\/\\\/www.facebook.com\\\/portalubirataonline\",\"https:\\\/\\\/www.instagram.com\\\/ubirataonline_oficial\",\"https:\\\/\\\/x.com\\\/x.com\\\/ubirataonline\"],\"honorificPrefix\":\"Mr.\",\"honorificSuffix\":\"MD\",\"birthDate\":\"1980-06-16\",\"gender\":\"masculino\",\"award\":[\"V\u00e1rios pr\u00eamios de melhor portal da cidade\"],\"jobTitle\":\"Diretor\",\"url\":\"https:\\\/\\\/ubirataonline.com.br\\\/en\\\/author\\\/ubirataonline\\\/\"},{\"@type\":\"PostalAddress\",\"@id\":\"https:\\\/\\\/ubirataonline.com.br\\\/capital-e-a-que-mais-recebe-cubanos-do-pais\\\/#local-main-place-address\",\"streetAddress\":\"Rua dos Coqueiros, 104 - Bairro Boa Vista, Rua dos Coqueiros, 104 Bairro Boa Vista\",\"addressLocality\":\"UBIRATA\",\"postalCode\":\"85440-000\",\"addressRegion\":\"PR\",\"addressCountry\":\"BR\"},{\"@type\":\"ImageObject\",\"inLanguage\":\"en-US\",\"@id\":\"https:\\\/\\\/ubirataonline.com.br\\\/capital-e-a-que-mais-recebe-cubanos-do-pais\\\/#local-main-organization-logo\",\"url\":\"https:\\\/\\\/ubirataonline.com.br\\\/wp-content\\\/uploads\\\/2026\\\/06\\\/logoubirataonline-1.webp\",\"contentUrl\":\"https:\\\/\\\/ubirataonline.com.br\\\/wp-content\\\/uploads\\\/2026\\\/06\\\/logoubirataonline-1.webp\",\"width\":500,\"height\":500,\"caption\":\"Ubirat\u00e3 Online Not\u00edcias\"}]}<\/script>\n<meta name=\"geo.placename\" content=\"UBIRATA\" \/>\n<meta name=\"geo.position\" content=\"-24.5361401;-52.9921776\" \/>\n<meta name=\"geo.region\" content=\"Brazil\" \/>\n<!-- \/ Yoast SEO Premium plugin. -->","yoast_head_json":{"title":"capital \u00e9 a que mais recebe cubanos do pa\u00eds - Ubirat\u00e3 Online Not\u00edcias - A realidade ao seu alcance!","description":"Curitiba tornou-se a nova Miami, mas n\u00e3o pelas praias, outlets ou pela agitada vida noturna. A intensa capital da Fl\u00f3rida, que por muitos anos recebeu","robots":{"index":"index","follow":"follow","max-snippet":"max-snippet:-1","max-image-preview":"max-image-preview:large","max-video-preview":"max-video-preview:-1"},"canonical":"https:\/\/ubirataonline.com.br\/en\/capital-e-a-que-mais-recebe-cubanos-do-pais\/","og_locale":"en_US","og_type":"article","og_title":"capital \u00e9 a que mais recebe cubanos do pa\u00eds","og_description":"Curitiba tornou-se a nova Miami, mas n\u00e3o pelas praias, outlets ou pela agitada vida noturna. A intensa capital da Fl\u00f3rida, que por muitos anos recebeu","og_url":"https:\/\/ubirataonline.com.br\/en\/capital-e-a-que-mais-recebe-cubanos-do-pais\/","og_site_name":"Ubirat\u00e3 Online Not\u00edcias - A realidade ao seu alcance!","article_publisher":"https:\/\/www.facebook.com\/portalubirataonline","article_author":"https:\/\/www.facebook.com\/portalubirataonline","article_published_time":"2026-04-06T01:53:49+00:00","article_modified_time":"2026-04-06T01:53:51+00:00","og_image":[{"width":1280,"height":720,"url":"https:\/\/ubirataonline.com.br\/wp-content\/uploads\/2026\/04\/capital-e-a-que-mais-recebe-cubanos-do-pais.jpg","type":"image\/jpeg"}],"author":"REDA\u00c7\u00c3O: UBIRAT\u00c3 ONLINE - F\u00c1BIO AUGUSTO CELESTINO","twitter_card":"summary_large_image","twitter_creator":"@x.com\/ubirataonline","twitter_site":"@ubirataonline","twitter_misc":{"Written by":"REDA\u00c7\u00c3O: UBIRAT\u00c3 ONLINE - F\u00c1BIO AUGUSTO CELESTINO","Est. reading time":"6 minutes"},"schema":{"@context":"https:\/\/schema.org","@graph":[{"@type":"NewsArticle","@id":"https:\/\/ubirataonline.com.br\/capital-e-a-que-mais-recebe-cubanos-do-pais\/#article","isPartOf":{"@id":"https:\/\/ubirataonline.com.br\/capital-e-a-que-mais-recebe-cubanos-do-pais\/"},"author":{"name":"REDA\u00c7\u00c3O: UBIRAT\u00c3 ONLINE - F\u00c1BIO AUGUSTO CELESTINO","@id":"https:\/\/ubirataonline.com.br\/#\/schema\/person\/372f87bbd3fdd79b8556b84c98d0bc1c"},"headline":"capital \u00e9 a que mais recebe cubanos do pa\u00eds","datePublished":"2026-04-06T01:53:49+00:00","dateModified":"2026-04-06T01:53:51+00:00","mainEntityOfPage":{"@id":"https:\/\/ubirataonline.com.br\/capital-e-a-que-mais-recebe-cubanos-do-pais\/"},"wordCount":1290,"publisher":{"@id":"https:\/\/ubirataonline.com.br\/#organization"},"image":{"@id":"https:\/\/ubirataonline.com.br\/capital-e-a-que-mais-recebe-cubanos-do-pais\/#primaryimage"},"thumbnailUrl":"https:\/\/ubirataonline.com.br\/wp-content\/uploads\/2026\/04\/capital-e-a-que-mais-recebe-cubanos-do-pais.jpg","keywords":["Capital","cubanos","mais","pa\u00eds","recebe"],"articleSection":["Ubirat\u00e3"],"inLanguage":"en-US","copyrightYear":"2026","copyrightHolder":{"@id":"https:\/\/ubirataonline.com.br\/en\/#organization"}},{"@type":"WebPage","@id":"https:\/\/ubirataonline.com.br\/capital-e-a-que-mais-recebe-cubanos-do-pais\/","url":"https:\/\/ubirataonline.com.br\/capital-e-a-que-mais-recebe-cubanos-do-pais\/","name":"capital \u00e9 a que mais recebe cubanos do pa\u00eds - Ubirat\u00e3 Online Not\u00edcias - A realidade ao seu alcance!","isPartOf":{"@id":"https:\/\/ubirataonline.com.br\/#website"},"primaryImageOfPage":{"@id":"https:\/\/ubirataonline.com.br\/capital-e-a-que-mais-recebe-cubanos-do-pais\/#primaryimage"},"image":{"@id":"https:\/\/ubirataonline.com.br\/capital-e-a-que-mais-recebe-cubanos-do-pais\/#primaryimage"},"thumbnailUrl":"https:\/\/ubirataonline.com.br\/wp-content\/uploads\/2026\/04\/capital-e-a-que-mais-recebe-cubanos-do-pais.jpg","datePublished":"2026-04-06T01:53:49+00:00","dateModified":"2026-04-06T01:53:51+00:00","description":"Curitiba tornou-se a nova Miami, mas n\u00e3o pelas praias, outlets ou pela agitada vida noturna. A intensa capital da Fl\u00f3rida, que por muitos anos recebeu","breadcrumb":{"@id":"https:\/\/ubirataonline.com.br\/capital-e-a-que-mais-recebe-cubanos-do-pais\/#breadcrumb"},"inLanguage":"en-US","potentialAction":[{"@type":"ReadAction","target":["https:\/\/ubirataonline.com.br\/capital-e-a-que-mais-recebe-cubanos-do-pais\/"]}]},{"@type":"ImageObject","inLanguage":"en-US","@id":"https:\/\/ubirataonline.com.br\/capital-e-a-que-mais-recebe-cubanos-do-pais\/#primaryimage","url":"https:\/\/ubirataonline.com.br\/wp-content\/uploads\/2026\/04\/capital-e-a-que-mais-recebe-cubanos-do-pais.jpg","contentUrl":"https:\/\/ubirataonline.com.br\/wp-content\/uploads\/2026\/04\/capital-e-a-que-mais-recebe-cubanos-do-pais.jpg","width":1280,"height":720,"caption":"Foto: Albari Rosa \/ arquivo Gazeta do Povo."},{"@type":"BreadcrumbList","@id":"https:\/\/ubirataonline.com.br\/capital-e-a-que-mais-recebe-cubanos-do-pais\/#breadcrumb","itemListElement":[{"@type":"ListItem","position":1,"name":"In\u00edcio","item":"https:\/\/ubirataonline.com.br\/"},{"@type":"ListItem","position":2,"name":"capital \u00e9 a que mais recebe cubanos do pa\u00eds"}]},{"@type":"WebSite","@id":"https:\/\/ubirataonline.com.br\/#website","url":"https:\/\/ubirataonline.com.br\/","name":"Ubirat\u00e3 Online Not\u00edcias","description":"Not\u00edcias de Ubirat\u00e3, regi\u00e3o, Brasil e mundo, com informa\u00e7\u00e3o atualizada e compromisso com o leitor.","publisher":{"@id":"https:\/\/ubirataonline.com.br\/#organization"},"alternateName":"Ubirat\u00e3 Online","potentialAction":[{"@type":"SearchAction","target":{"@type":"EntryPoint","urlTemplate":"https:\/\/ubirataonline.com.br\/?s={search_term_string}"},"query-input":{"@type":"PropertyValueSpecification","valueRequired":true,"valueName":"search_term_string"}}],"inLanguage":"en-US"},{"@type":["Organization","Place"],"@id":"https:\/\/ubirataonline.com.br\/#organization","name":"Ubirat\u00e3 Online Not\u00edcias","alternateName":"Ubirat\u00e3 Online","url":"https:\/\/ubirataonline.com.br\/","logo":{"@id":"https:\/\/ubirataonline.com.br\/capital-e-a-que-mais-recebe-cubanos-do-pais\/#local-main-organization-logo"},"image":{"@id":"https:\/\/ubirataonline.com.br\/capital-e-a-que-mais-recebe-cubanos-do-pais\/#local-main-organization-logo"},"sameAs":["https:\/\/www.facebook.com\/portalubirataonline","https:\/\/x.com\/ubirataonline","https:\/\/mastodon.social\/@ubirataonline","https:\/\/www.facebook.com\/groups\/311144672285604","https:\/\/www.facebook.com\/UBTAOnline","https:\/\/www.instagram.com\/portalubirataonline\/","https:\/\/twitter.com\/ubirataonline"],"description":"Somos um portal de not\u00edcias independente, criado em 5 de janeiro de 2009, com o objetivo de informar, conectar e valorizar a nossa comunidade de Ubirat\u00e3 e toda aregi\u00e3o. Com conte\u00fado atualizado, confi\u00e1vel e relevante, o Ubirat\u00e3 Online \u00e9 o seu espa\u00e7o para ficar por dentro dos principais acontecimentos locais, regionais, Brasil, Mundo e de interesse geral. Nosso compromisso \u00e9 com a verdade, a transpar\u00eancia e o respeito ao leitor.","legalName":"UBIRATA ONLINE NOT\u00cdCIAS","foundingDate":"2009-01-05","numberOfEmployees":{"@type":"QuantitativeValue","minValue":"1","maxValue":"10"},"publishingPrinciples":"https:\/\/ubirataonline.com.br\/faq\/","address":{"@id":"https:\/\/ubirataonline.com.br\/capital-e-a-que-mais-recebe-cubanos-do-pais\/#local-main-place-address"},"geo":{"@type":"GeoCoordinates","latitude":"-24.5361401","longitude":"-52.9921776"},"telephone":["+5544998308235"],"contactPoint":{"@type":"ContactPoint","email":"contato@ubirataonline.com.br"},"openingHoursSpecification":{"@type":"OpeningHoursSpecification","dayOfWeek":["Monday","Tuesday","Wednesday","Thursday","Friday","Saturday","Sunday"],"opens":"00:00","closes":"23:59"},"email":"contato@ubirataonline.com.br","vatID":"47.621.418\/0001-80"},{"@type":"Person","@id":"https:\/\/ubirataonline.com.br\/#\/schema\/person\/372f87bbd3fdd79b8556b84c98d0bc1c","name":"REDA\u00c7\u00c3O: UBIRAT\u00c3 ONLINE - F\u00c1BIO AUGUSTO CELESTINO","pronouns":"Ele","description":"Desde 2003 trabalhando com not\u00edcias.","sameAs":["http:\/\/ubirataoline.com.br","https:\/\/www.facebook.com\/portalubirataonline","https:\/\/www.instagram.com\/ubirataonline_oficial","https:\/\/x.com\/x.com\/ubirataonline"],"honorificPrefix":"Mr.","honorificSuffix":"MD","birthDate":"1980-06-16","gender":"masculino","award":["V\u00e1rios pr\u00eamios de melhor portal da cidade"],"jobTitle":"Diretor","url":"https:\/\/ubirataonline.com.br\/en\/author\/ubirataonline\/"},{"@type":"PostalAddress","@id":"https:\/\/ubirataonline.com.br\/capital-e-a-que-mais-recebe-cubanos-do-pais\/#local-main-place-address","streetAddress":"Rua dos Coqueiros, 104 - Bairro Boa Vista, Rua dos Coqueiros, 104 Bairro Boa Vista","addressLocality":"UBIRATA","postalCode":"85440-000","addressRegion":"PR","addressCountry":"BR"},{"@type":"ImageObject","inLanguage":"en-US","@id":"https:\/\/ubirataonline.com.br\/capital-e-a-que-mais-recebe-cubanos-do-pais\/#local-main-organization-logo","url":"https:\/\/ubirataonline.com.br\/wp-content\/uploads\/2026\/06\/logoubirataonline-1.webp","contentUrl":"https:\/\/ubirataonline.com.br\/wp-content\/uploads\/2026\/06\/logoubirataonline-1.webp","width":500,"height":500,"caption":"Ubirat\u00e3 Online Not\u00edcias"}]},"geo.placename":"UBIRATA","geo.position":{"lat":"-24.5361401","long":"-52.9921776"},"geo.region":"Brazil"},"_links":{"self":[{"href":"https:\/\/ubirataonline.com.br\/en\/wp-json\/wp\/v2\/posts\/99568","targetHints":{"allow":["GET"]}}],"collection":[{"href":"https:\/\/ubirataonline.com.br\/en\/wp-json\/wp\/v2\/posts"}],"about":[{"href":"https:\/\/ubirataonline.com.br\/en\/wp-json\/wp\/v2\/types\/post"}],"author":[{"embeddable":true,"href":"https:\/\/ubirataonline.com.br\/en\/wp-json\/wp\/v2\/users\/1"}],"replies":[{"embeddable":true,"href":"https:\/\/ubirataonline.com.br\/en\/wp-json\/wp\/v2\/comments?post=99568"}],"version-history":[{"count":0,"href":"https:\/\/ubirataonline.com.br\/en\/wp-json\/wp\/v2\/posts\/99568\/revisions"}],"wp:featuredmedia":[{"embeddable":true,"href":"https:\/\/ubirataonline.com.br\/en\/wp-json\/wp\/v2\/media\/99569"}],"wp:attachment":[{"href":"https:\/\/ubirataonline.com.br\/en\/wp-json\/wp\/v2\/media?parent=99568"}],"wp:term":[{"taxonomy":"category","embeddable":true,"href":"https:\/\/ubirataonline.com.br\/en\/wp-json\/wp\/v2\/categories?post=99568"},{"taxonomy":"post_tag","embeddable":true,"href":"https:\/\/ubirataonline.com.br\/en\/wp-json\/wp\/v2\/tags?post=99568"}],"curies":[{"name":"wp","href":"https:\/\/api.w.org\/{rel}","templated":true}]}}